{"id":263,"date":"2023-11-09T15:32:00","date_gmt":"2023-11-09T19:32:00","guid":{"rendered":"https:\/\/site.ac-martinique.fr\/lyc-fanon\/?p=263"},"modified":"2024-03-23T18:07:45","modified_gmt":"2024-03-23T22:07:45","slug":"journee-nationale-de-lutte-contre-le-harcelement","status":"publish","type":"post","link":"https:\/\/site.ac-martinique.fr\/lyc-fanon\/?p=263","title":{"rendered":"Journ\u00e9e nationale de lutte contre le harc\u00e8lement"},"content":{"rendered":"\n<p>Article de Vi\u00e0ATV sur la mobilisation des \u00e9l\u00e8ves du LGT.                                                                                                                                                <\/p>\n\n\n\n<p>Trinit\u00e9 : un flashmob pour dire Stop ! au harc\u00e8lement scolaire <a href=\"https:\/\/viaatv.tv\/trinite-un-flashmob-pour-dire-stop-au-harcelement-scolaire\/\" data-type=\"link\" data-id=\"https:\/\/viaatv.tv\/trinite-un-flashmob-pour-dire-stop-au-harcelement-scolaire\/\">https:\/\/viaatv.tv\/trinite-un-flashmob-pour-dire-stop-au-harcelement-scolaire\/<\/a><\/p>\n\n\n\n<p>De belles actions ce jour sur la Cit\u00e9 Scolaire FANON : un flashmob endiabl\u00e9, signature de charte d engagement par les \u00e9l\u00e8ves, remise de bracelets, cr\u00e9ation de po\u00e8mes, de spams, sculpture cyber harc\u00e8lement \u2026 <\/p>\n\n\n\n<p>Bravo aux lyc\u00e9ens et aux \u00e9quipes.<\/p>\n\n\n\n<div class=\"wp-block-group has-global-padding is-layout-constrained wp-block-group-is-layout-constrained\">\n<div class=\"wp-block-columns are-vertically-aligned-bottom is-layout-flex wp-container-core-columns-is-layout-d0b3c9c8 wp-block-columns-is-layout-flex\">\n<div class=\"wp-block-column is-vertically-aligned-bottom is-layout-flow wp-block-column-is-layout-flow\" style=\"--col-width:100%;flex-basis:100%\"><\/div>\n<\/div>\n<\/div>\n\n\n\n<figure class=\"wp-block-gallery has-nested-images columns-default columns-1 tw-gutter-large wp-block-gallery-1 is-layout-flex wp-block-gallery-is-layout-flex\">\n<figure class=\"wp-block-image size-large\"><img loading=\"lazy\" decoding=\"async\" width=\"1024\" height=\"684\" data-id=\"271\" src=\"https:\/\/site.ac-martinique.fr\/lyc-fanon\/wp-content\/uploads\/sites\/138\/2024\/01\/Capture-decran-2024-01-18-a-15.22.05-1024x684.png\" alt=\"\" class=\"wp-image-271\" srcset=\"https:\/\/site.ac-martinique.fr\/lyc-fanon\/wp-content\/uploads\/sites\/138\/2024\/01\/Capture-decran-2024-01-18-a-15.22.05-1024x684.png 1024w, https:\/\/site.ac-martinique.fr\/lyc-fanon\/wp-content\/uploads\/sites\/138\/2024\/01\/Capture-decran-2024-01-18-a-15.22.05-300x200.png 300w, https:\/\/site.ac-martinique.fr\/lyc-fanon\/wp-content\/uploads\/sites\/138\/2024\/01\/Capture-decran-2024-01-18-a-15.22.05.png 1318w\" sizes=\"auto, (max-width: 1024px) 100vw, 1024px\" \/><\/figure>\n\n\n\n<figure class=\"wp-block-image size-large\"><img loading=\"lazy\" decoding=\"async\" width=\"1024\" height=\"772\" data-id=\"267\" src=\"https:\/\/site.ac-martinique.fr\/lyc-fanon\/wp-content\/uploads\/sites\/138\/2024\/01\/IMG_67E199DABFA8-1-1024x772.jpeg\" alt=\"\" class=\"wp-image-267\" srcset=\"https:\/\/site.ac-martinique.fr\/lyc-fanon\/wp-content\/uploads\/sites\/138\/2024\/01\/IMG_67E199DABFA8-1-1024x772.jpeg 1024w, https:\/\/site.ac-martinique.fr\/lyc-fanon\/wp-content\/uploads\/sites\/138\/2024\/01\/IMG_67E199DABFA8-1-300x226.jpeg 300w, https:\/\/site.ac-martinique.fr\/lyc-fanon\/wp-content\/uploads\/sites\/138\/2024\/01\/IMG_67E199DABFA8-1.jpeg 1170w\" sizes=\"auto, (max-width: 1024px) 100vw, 1024px\" \/><\/figure>\n\n\n\n<figure class=\"wp-block-image size-large\"><img loading=\"lazy\" decoding=\"async\" width=\"1024\" height=\"684\" data-id=\"270\" src=\"https:\/\/site.ac-martinique.fr\/lyc-fanon\/wp-content\/uploads\/sites\/138\/2024\/01\/Capture-decran-2024-01-18-a-15.22.19-1024x684.png\" alt=\"\" class=\"wp-image-270\" srcset=\"https:\/\/site.ac-martinique.fr\/lyc-fanon\/wp-content\/uploads\/sites\/138\/2024\/01\/Capture-decran-2024-01-18-a-15.22.19-1024x684.png 1024w, https:\/\/site.ac-martinique.fr\/lyc-fanon\/wp-content\/uploads\/sites\/138\/2024\/01\/Capture-decran-2024-01-18-a-15.22.19-300x200.png 300w, https:\/\/site.ac-martinique.fr\/lyc-fanon\/wp-content\/uploads\/sites\/138\/2024\/01\/Capture-decran-2024-01-18-a-15.22.19.png 1318w\" sizes=\"auto, (max-width: 1024px) 100vw, 1024px\" \/><figcaption class=\"wp-element-caption\">LES BTSSP3S1 AU LGT F. FANON<\/figcaption><\/figure>\n\n\n\n<figure class=\"wp-block-image size-large\"><img loading=\"lazy\" decoding=\"async\" width=\"768\" height=\"1024\" data-id=\"266\" src=\"https:\/\/site.ac-martinique.fr\/lyc-fanon\/wp-content\/uploads\/sites\/138\/2024\/01\/F-hSVzNXgAAh4kU-768x1024.jpeg\" alt=\"\" class=\"wp-image-266\" srcset=\"https:\/\/site.ac-martinique.fr\/lyc-fanon\/wp-content\/uploads\/sites\/138\/2024\/01\/F-hSVzNXgAAh4kU-768x1024.jpeg 768w, https:\/\/site.ac-martinique.fr\/lyc-fanon\/wp-content\/uploads\/sites\/138\/2024\/01\/F-hSVzNXgAAh4kU-225x300.jpeg 225w, https:\/\/site.ac-martinique.fr\/lyc-fanon\/wp-content\/uploads\/sites\/138\/2024\/01\/F-hSVzNXgAAh4kU.jpeg 1536w\" sizes=\"auto, (max-width: 768px) 100vw, 768px\" \/><\/figure>\n\n\n\n<figure class=\"wp-block-image size-large\"><img loading=\"lazy\" decoding=\"async\" width=\"768\" height=\"1024\" data-id=\"265\" src=\"https:\/\/site.ac-martinique.fr\/lyc-fanon\/wp-content\/uploads\/sites\/138\/2024\/01\/F-hSVzNXAAE6P-7-768x1024.jpeg\" alt=\"\" class=\"wp-image-265\" srcset=\"https:\/\/site.ac-martinique.fr\/lyc-fanon\/wp-content\/uploads\/sites\/138\/2024\/01\/F-hSVzNXAAE6P-7-768x1024.jpeg 768w, https:\/\/site.ac-martinique.fr\/lyc-fanon\/wp-content\/uploads\/sites\/138\/2024\/01\/F-hSVzNXAAE6P-7-225x300.jpeg 225w, https:\/\/site.ac-martinique.fr\/lyc-fanon\/wp-content\/uploads\/sites\/138\/2024\/01\/F-hSVzNXAAE6P-7.jpeg 1536w\" sizes=\"auto, (max-width: 768px) 100vw, 768px\" \/><figcaption class=\"wp-element-caption\">Jeune fille accabl\u00e9e sous le poids du harc\u00e8lement par les r\u00e9seaux sociaux. \u0152uvre de l\u2019\u00e9l\u00e8ve Ottalia TIO du lyc\u00e9e Frantz Fanon de Trinit\u00e9. Professeur d\u2019arts plastiques : Raphaelle Georget.<\/figcaption><\/figure>\n\n\n\n<figure class=\"wp-block-image size-large\"><img loading=\"lazy\" decoding=\"async\" width=\"1024\" height=\"768\" data-id=\"268\" src=\"https:\/\/site.ac-martinique.fr\/lyc-fanon\/wp-content\/uploads\/sites\/138\/2024\/01\/IMG_9443FF4032CF-1-1024x768.jpeg\" alt=\"\" class=\"wp-image-268\" srcset=\"https:\/\/site.ac-martinique.fr\/lyc-fanon\/wp-content\/uploads\/sites\/138\/2024\/01\/IMG_9443FF4032CF-1-1024x768.jpeg 1024w, https:\/\/site.ac-martinique.fr\/lyc-fanon\/wp-content\/uploads\/sites\/138\/2024\/01\/IMG_9443FF4032CF-1-300x225.jpeg 300w, https:\/\/site.ac-martinique.fr\/lyc-fanon\/wp-content\/uploads\/sites\/138\/2024\/01\/IMG_9443FF4032CF-1-2000x1500.jpeg 2000w, https:\/\/site.ac-martinique.fr\/lyc-fanon\/wp-content\/uploads\/sites\/138\/2024\/01\/IMG_9443FF4032CF-1.jpeg 2048w\" sizes=\"auto, (max-width: 1024px) 100vw, 1024px\" \/><\/figure>\n\n\n\n<figure class=\"wp-block-image size-large\"><img loading=\"lazy\" decoding=\"async\" width=\"768\" height=\"1024\" data-id=\"264\" src=\"https:\/\/site.ac-martinique.fr\/lyc-fanon\/wp-content\/uploads\/sites\/138\/2024\/01\/F-hSVzNWYAA4jZM-768x1024.jpeg\" alt=\"\" class=\"wp-image-264\" srcset=\"https:\/\/site.ac-martinique.fr\/lyc-fanon\/wp-content\/uploads\/sites\/138\/2024\/01\/F-hSVzNWYAA4jZM-768x1024.jpeg 768w, https:\/\/site.ac-martinique.fr\/lyc-fanon\/wp-content\/uploads\/sites\/138\/2024\/01\/F-hSVzNWYAA4jZM-225x300.jpeg 225w, https:\/\/site.ac-martinique.fr\/lyc-fanon\/wp-content\/uploads\/sites\/138\/2024\/01\/F-hSVzNWYAA4jZM.jpeg 1536w\" sizes=\"auto, (max-width: 768px) 100vw, 768px\" \/><\/figure>\n\n\n\n<figure class=\"wp-block-image size-large\"><img loading=\"lazy\" decoding=\"async\" width=\"1024\" height=\"684\" data-id=\"269\" src=\"https:\/\/site.ac-martinique.fr\/lyc-fanon\/wp-content\/uploads\/sites\/138\/2024\/01\/Capture-decran-2024-01-18-a-15.22.24-1024x684.png\" alt=\"\" class=\"wp-image-269\" srcset=\"https:\/\/site.ac-martinique.fr\/lyc-fanon\/wp-content\/uploads\/sites\/138\/2024\/01\/Capture-decran-2024-01-18-a-15.22.24-1024x684.png 1024w, https:\/\/site.ac-martinique.fr\/lyc-fanon\/wp-content\/uploads\/sites\/138\/2024\/01\/Capture-decran-2024-01-18-a-15.22.24-300x200.png 300w, https:\/\/site.ac-martinique.fr\/lyc-fanon\/wp-content\/uploads\/sites\/138\/2024\/01\/Capture-decran-2024-01-18-a-15.22.24.png 1318w\" sizes=\"auto, (max-width: 1024px) 100vw, 1024px\" \/><\/figure>\n<\/figure>\n","protected":false},"excerpt":{"rendered":"<p>Article de Vi\u00e0ATV sur la mobilisation des \u00e9l\u00e8ves du LGT. Trinit\u00e9 : un flashmob pour dire Stop ! au harc\u00e8lement scolaire https:\/\/viaatv.tv\/trinite-un-flashmob-pour-dire-stop-au-harcelement-scolaire\/ De belles actions ce jour sur la Cit\u00e9 Scolaire FANON : un flashmob endiabl\u00e9, signature de charte d engagement par les \u00e9l\u00e8ves, remise de bracelets, cr\u00e9ation de po\u00e8mes, de spams, sculpture cyber harc\u00e8lement &hellip; <\/p>\n<p class=\"link-more\"><a href=\"https:\/\/site.ac-martinique.fr\/lyc-fanon\/?p=263\" class=\"more-link\">Lire la suite de<span class=\"screen-reader-text\">\u00ab\u00a0Journ\u00e9e nationale de lutte contre le harc\u00e8lement\u00a0\u00bb<\/span><\/a><\/p>\n","protected":false},"author":464,"featured_media":269,"comment_status":"closed","ping_status":"closed","sticky":false,"template":"","format":"standard","meta":{"footnotes":""},"categories":[9,56],"tags":[],"class_list":["post-263","post","type-post","status-publish","format-standard","has-post-thumbnail","hentry","category-actualites","category-bts-sp3s"],"_links":{"self":[{"href":"https:\/\/site.ac-martinique.fr\/lyc-fanon\/index.php?rest_route=\/wp\/v2\/posts\/263","targetHints":{"allow":["GET"]}}],"collection":[{"href":"https:\/\/site.ac-martinique.fr\/lyc-fanon\/index.php?rest_route=\/wp\/v2\/posts"}],"about":[{"href":"https:\/\/site.ac-martinique.fr\/lyc-fanon\/index.php?rest_route=\/wp\/v2\/types\/post"}],"author":[{"embeddable":true,"href":"https:\/\/site.ac-martinique.fr\/lyc-fanon\/index.php?rest_route=\/wp\/v2\/users\/464"}],"replies":[{"embeddable":true,"href":"https:\/\/site.ac-martinique.fr\/lyc-fanon\/index.php?rest_route=%2Fwp%2Fv2%2Fcomments&post=263"}],"version-history":[{"count":8,"href":"https:\/\/site.ac-martinique.fr\/lyc-fanon\/index.php?rest_route=\/wp\/v2\/posts\/263\/revisions"}],"predecessor-version":[{"id":1496,"href":"https:\/\/site.ac-martinique.fr\/lyc-fanon\/index.php?rest_route=\/wp\/v2\/posts\/263\/revisions\/1496"}],"wp:featuredmedia":[{"embeddable":true,"href":"https:\/\/site.ac-martinique.fr\/lyc-fanon\/index.php?rest_route=\/wp\/v2\/media\/269"}],"wp:attachment":[{"href":"https:\/\/site.ac-martinique.fr\/lyc-fanon\/index.php?rest_route=%2Fwp%2Fv2%2Fmedia&parent=263"}],"wp:term":[{"taxonomy":"category","embeddable":true,"href":"https:\/\/site.ac-martinique.fr\/lyc-fanon\/index.php?rest_route=%2Fwp%2Fv2%2Fcategories&post=263"},{"taxonomy":"post_tag","embeddable":true,"href":"https:\/\/site.ac-martinique.fr\/lyc-fanon\/index.php?rest_route=%2Fwp%2Fv2%2Ftags&post=263"}],"curies":[{"name":"wp","href":"https:\/\/api.w.org\/{rel}","templated":true}]}}