{"id":3170,"date":"2025-12-05T17:47:00","date_gmt":"2025-12-05T21:47:00","guid":{"rendered":"https:\/\/site.ac-martinique.fr\/lyc-fanon\/?p=3170"},"modified":"2025-12-05T17:47:00","modified_gmt":"2025-12-05T21:47:00","slug":"commemoration-du-centenaire-de-frantz-fanon-annou-gloriye-fanon","status":"publish","type":"post","link":"https:\/\/site.ac-martinique.fr\/lyc-fanon\/?p=3170","title":{"rendered":"Comm\u00e9moration du centenaire de Frantz FANON : \u00ab Annou gloriy\u00e9 FANON \u00bb !"},"content":{"rendered":"\n<p class=\"has-text-align-center\"><strong><mark style=\"background-color:rgba(0, 0, 0, 0);color:#e37714\" class=\"has-inline-color\">PROGRAMME DU VENDREDI 12 D\u00c9CEMBRE 2025<\/mark><\/strong><\/p>\n\n\n\n<figure class=\"wp-block-table is-style-regular has-medium-font-size\"><table style=\"border-style:none;border-width:0px\"><tbody><tr><td><strong><mark style=\"background-color:#f9fafd\" class=\"has-inline-color has-secondary-color\">09h40<\/mark><\/strong><\/td><td><strong>Ouverture de la manifestation<\/strong><\/td><\/tr><tr><td><\/td><td><em>Allocution de Madame La Proviseure<\/em><\/td><\/tr><tr><td><\/td><td><em>\ud83d\udccd Salle RMJ<\/em><\/td><\/tr><tr><td><\/td><td><\/td><\/tr><tr><td><strong><mark style=\"background-color:#f9fafd\" class=\"has-inline-color has-secondary-color\">10h00<\/mark><\/strong><\/td><td><strong>Dickt\u00e9 kr\u00e9yol ouverte \u00e0 la communaut\u00e9 scolaire<\/strong> <mark style=\"background-color:rgba(0, 0, 0, 0);color:#ff0000\" class=\"has-inline-color\"><sup><strong>(*)<\/strong><\/sup><\/mark><\/td><\/tr><tr><td><\/td><td><em>Ateliers divers (arts plastiques, b\u00e8l\u00e8,&#8230;)<\/em><\/td><\/tr><tr><td><\/td><td><em>\ud83d\udccd Salle RMJ<\/em><\/td><\/tr><tr><td><\/td><td><\/td><\/tr><tr><td><strong><mark style=\"background-color:rgba(0, 0, 0, 0)\" class=\"has-inline-color has-secondary-color\">13h00<\/mark><\/strong><\/td><td><strong>Atelier de mise en voix des textes de Frantz FANON<\/strong><\/td><\/tr><tr><td><\/td><td><em>\ud83d\udccd Salle 401<\/em><\/td><\/tr><tr><td><\/td><td><\/td><\/tr><tr><td><strong><mark style=\"background-color:#f9fafd\" class=\"has-inline-color has-secondary-color\">14h00-15h00<\/mark><\/strong><\/td><td><strong>Projection du film sur Frantz FANON<\/strong><\/td><\/tr><tr><td><\/td><td><em>\ud83d\udccd Salle RMJ<\/em><\/td><\/tr><tr><td><\/td><td><\/td><\/tr><tr><td><strong><mark style=\"background-color:#f9fafd\" class=\"has-inline-color has-secondary-color\">15h00-17h00<\/mark><\/strong><\/td><td><strong>Conf\u00e9rence et \u00e9changes men\u00e9s par le Cercle Frantz FANON<\/strong><\/td><\/tr><tr><td><\/td><td><em> \ud83d\udccd Salle RMJ<\/em><\/td><\/tr><tr><td><\/td><td><\/td><\/tr><tr><td><strong><mark style=\"background-color:#f9fafd\" class=\"has-inline-color has-secondary-color\">17h30<\/mark><\/strong><\/td><td><strong>Retraite aux flambeaux en cl\u00f4ture de l&rsquo;\u00e9v\u00e9nement<\/strong><\/td><\/tr><\/tbody><\/table><\/figure>\n\n\n\n<p><\/p>\n\n\n\n<p><mark style=\"background-color:rgba(0, 0, 0, 0);color:#ff0000\" class=\"has-inline-color\"><strong><sup>(*)<\/sup><\/strong><\/mark> <em>Dans le cadre de la journ\u00e9e de comm\u00e9moration du centenaire de la naissance de Frantz FANON vous etre convi\u00e9(e) \u00e0 participer \u00e0 la dict\u00e9e cr\u00e9ole. Le nombre de participants \u00e0 la dict\u00e9e \u00e9tant limit\u00e9, vous devez confirmer votre inscription aupr\u00e8s de Mme DUBO, secr\u00e9tariat de direction porte 8.<\/em><\/p>\n\n\n\n<p><em>Au plaisir de vous y retrouver nombreux !<\/em><\/p>\n\n\n\n<p><\/p>\n","protected":false},"excerpt":{"rendered":"<p>PROGRAMME DU VENDREDI 12 D\u00c9CEMBRE 2025 09h40 Ouverture de la manifestation Allocution de Madame La Proviseure \ud83d\udccd Salle RMJ 10h00 Dickt\u00e9 kr\u00e9yol ouverte \u00e0 la communaut\u00e9 scolaire (*) Ateliers divers (arts plastiques, b\u00e8l\u00e8,&#8230;) \ud83d\udccd Salle RMJ 13h00 Atelier de mise en voix des textes de Frantz FANON \ud83d\udccd Salle 401 14h00-15h00 Projection du film sur &hellip; <\/p>\n<p class=\"link-more\"><a href=\"https:\/\/site.ac-martinique.fr\/lyc-fanon\/?p=3170\" class=\"more-link\">Lire la suite de<span class=\"screen-reader-text\">\u00ab\u00a0Comm\u00e9moration du centenaire de Frantz FANON : \u00ab Annou gloriy\u00e9 FANON \u00bb !\u00a0\u00bb<\/span><\/a><\/p>\n","protected":false},"author":478,"featured_media":3176,"comment_status":"closed","ping_status":"","sticky":false,"template":"","format":"standard","meta":{"footnotes":""},"categories":[9],"tags":[],"class_list":["post-3170","post","type-post","status-publish","format-standard","has-post-thumbnail","hentry","category-actualites"],"_links":{"self":[{"href":"https:\/\/site.ac-martinique.fr\/lyc-fanon\/index.php?rest_route=\/wp\/v2\/posts\/3170","targetHints":{"allow":["GET"]}}],"collection":[{"href":"https:\/\/site.ac-martinique.fr\/lyc-fanon\/index.php?rest_route=\/wp\/v2\/posts"}],"about":[{"href":"https:\/\/site.ac-martinique.fr\/lyc-fanon\/index.php?rest_route=\/wp\/v2\/types\/post"}],"author":[{"embeddable":true,"href":"https:\/\/site.ac-martinique.fr\/lyc-fanon\/index.php?rest_route=\/wp\/v2\/users\/478"}],"replies":[{"embeddable":true,"href":"https:\/\/site.ac-martinique.fr\/lyc-fanon\/index.php?rest_route=%2Fwp%2Fv2%2Fcomments&post=3170"}],"version-history":[{"count":6,"href":"https:\/\/site.ac-martinique.fr\/lyc-fanon\/index.php?rest_route=\/wp\/v2\/posts\/3170\/revisions"}],"predecessor-version":[{"id":3177,"href":"https:\/\/site.ac-martinique.fr\/lyc-fanon\/index.php?rest_route=\/wp\/v2\/posts\/3170\/revisions\/3177"}],"wp:featuredmedia":[{"embeddable":true,"href":"https:\/\/site.ac-martinique.fr\/lyc-fanon\/index.php?rest_route=\/wp\/v2\/media\/3176"}],"wp:attachment":[{"href":"https:\/\/site.ac-martinique.fr\/lyc-fanon\/index.php?rest_route=%2Fwp%2Fv2%2Fmedia&parent=3170"}],"wp:term":[{"taxonomy":"category","embeddable":true,"href":"https:\/\/site.ac-martinique.fr\/lyc-fanon\/index.php?rest_route=%2Fwp%2Fv2%2Fcategories&post=3170"},{"taxonomy":"post_tag","embeddable":true,"href":"https:\/\/site.ac-martinique.fr\/lyc-fanon\/index.php?rest_route=%2Fwp%2Fv2%2Ftags&post=3170"}],"curies":[{"name":"wp","href":"https:\/\/api.w.org\/{rel}","templated":true}]}}