{"id":717,"date":"2024-01-31T09:16:43","date_gmt":"2024-01-31T13:16:43","guid":{"rendered":"https:\/\/site.ac-martinique.fr\/lyc-fanon\/?p=717"},"modified":"2024-03-17T12:50:29","modified_gmt":"2024-03-17T16:50:29","slug":"etats-generaux-de-la-jeunesse-au-domaine-de-fond-st-jacques","status":"publish","type":"post","link":"https:\/\/site.ac-martinique.fr\/lyc-fanon\/?p=717","title":{"rendered":"\u00c9tats g\u00e9n\u00e9raux de la jeunesse au domaine de Fond St Jacques"},"content":{"rendered":"\n<p>\u00c0 la demande de la CTM une d\u00e9l\u00e9gation d\u2019\u00e9l\u00e8ves du LGT Fanon \u00e0 \u00e9chang\u00e9 et fait des propositions pour am\u00e9liorer l\u2019attractivit\u00e9 de la Martinique chez les jeunes. \u00c9changes et regards innovants. <\/p>\n\n\n\n<figure class=\"wp-block-gallery has-nested-images columns-1 tw-gutter-large wp-block-gallery-1 is-layout-flex wp-block-gallery-is-layout-flex\">\n<figure class=\"wp-block-image size-large\"><img loading=\"lazy\" decoding=\"async\" width=\"768\" height=\"1024\" data-id=\"718\" src=\"https:\/\/site.ac-martinique.fr\/lyc-fanon\/wp-content\/uploads\/sites\/138\/2024\/01\/WhatsApp-Image-2024-01-30-at-16.07.31-768x1024.jpeg\" alt=\"\" class=\"wp-image-718\" srcset=\"https:\/\/site.ac-martinique.fr\/lyc-fanon\/wp-content\/uploads\/sites\/138\/2024\/01\/WhatsApp-Image-2024-01-30-at-16.07.31-768x1024.jpeg 768w, https:\/\/site.ac-martinique.fr\/lyc-fanon\/wp-content\/uploads\/sites\/138\/2024\/01\/WhatsApp-Image-2024-01-30-at-16.07.31-225x300.jpeg 225w, https:\/\/site.ac-martinique.fr\/lyc-fanon\/wp-content\/uploads\/sites\/138\/2024\/01\/WhatsApp-Image-2024-01-30-at-16.07.31.jpeg 1200w\" sizes=\"auto, (max-width: 768px) 100vw, 768px\" \/><\/figure>\n\n\n\n<figure class=\"wp-block-image size-large\"><img loading=\"lazy\" decoding=\"async\" width=\"1024\" height=\"768\" data-id=\"720\" src=\"https:\/\/site.ac-martinique.fr\/lyc-fanon\/wp-content\/uploads\/sites\/138\/2024\/01\/WhatsApp-Image-2024-01-30-at-16.07.32-1024x768.jpeg\" alt=\"\" class=\"wp-image-720\" srcset=\"https:\/\/site.ac-martinique.fr\/lyc-fanon\/wp-content\/uploads\/sites\/138\/2024\/01\/WhatsApp-Image-2024-01-30-at-16.07.32-1024x768.jpeg 1024w, https:\/\/site.ac-martinique.fr\/lyc-fanon\/wp-content\/uploads\/sites\/138\/2024\/01\/WhatsApp-Image-2024-01-30-at-16.07.32-300x225.jpeg 300w, https:\/\/site.ac-martinique.fr\/lyc-fanon\/wp-content\/uploads\/sites\/138\/2024\/01\/WhatsApp-Image-2024-01-30-at-16.07.32.jpeg 1600w\" sizes=\"auto, (max-width: 1024px) 100vw, 1024px\" \/><\/figure>\n\n\n\n<figure class=\"wp-block-image size-large\"><img loading=\"lazy\" decoding=\"async\" width=\"1024\" height=\"768\" data-id=\"719\" src=\"https:\/\/site.ac-martinique.fr\/lyc-fanon\/wp-content\/uploads\/sites\/138\/2024\/01\/WhatsApp-Image-2024-01-30-at-16.07.32-1-1024x768.jpeg\" alt=\"\" class=\"wp-image-719\" srcset=\"https:\/\/site.ac-martinique.fr\/lyc-fanon\/wp-content\/uploads\/sites\/138\/2024\/01\/WhatsApp-Image-2024-01-30-at-16.07.32-1-1024x768.jpeg 1024w, https:\/\/site.ac-martinique.fr\/lyc-fanon\/wp-content\/uploads\/sites\/138\/2024\/01\/WhatsApp-Image-2024-01-30-at-16.07.32-1-300x225.jpeg 300w, https:\/\/site.ac-martinique.fr\/lyc-fanon\/wp-content\/uploads\/sites\/138\/2024\/01\/WhatsApp-Image-2024-01-30-at-16.07.32-1.jpeg 1600w\" sizes=\"auto, (max-width: 1024px) 100vw, 1024px\" \/><\/figure>\n<\/figure>\n","protected":false},"excerpt":{"rendered":"<p>\u00c0 la demande de la CTM une d\u00e9l\u00e9gation d\u2019\u00e9l\u00e8ves du LGT Fanon \u00e0 \u00e9chang\u00e9 et fait des propositions pour am\u00e9liorer l\u2019attractivit\u00e9 de la Martinique chez les jeunes. \u00c9changes et regards innovants.<\/p>\n","protected":false},"author":464,"featured_media":720,"comment_status":"closed","ping_status":"closed","sticky":false,"template":"","format":"standard","meta":{"footnotes":""},"categories":[9,40],"tags":[],"class_list":["post-717","post","type-post","status-publish","format-standard","has-post-thumbnail","hentry","category-actualites","category-associations"],"_links":{"self":[{"href":"https:\/\/site.ac-martinique.fr\/lyc-fanon\/index.php?rest_route=\/wp\/v2\/posts\/717","targetHints":{"allow":["GET"]}}],"collection":[{"href":"https:\/\/site.ac-martinique.fr\/lyc-fanon\/index.php?rest_route=\/wp\/v2\/posts"}],"about":[{"href":"https:\/\/site.ac-martinique.fr\/lyc-fanon\/index.php?rest_route=\/wp\/v2\/types\/post"}],"author":[{"embeddable":true,"href":"https:\/\/site.ac-martinique.fr\/lyc-fanon\/index.php?rest_route=\/wp\/v2\/users\/464"}],"replies":[{"embeddable":true,"href":"https:\/\/site.ac-martinique.fr\/lyc-fanon\/index.php?rest_route=%2Fwp%2Fv2%2Fcomments&post=717"}],"version-history":[{"count":3,"href":"https:\/\/site.ac-martinique.fr\/lyc-fanon\/index.php?rest_route=\/wp\/v2\/posts\/717\/revisions"}],"predecessor-version":[{"id":808,"href":"https:\/\/site.ac-martinique.fr\/lyc-fanon\/index.php?rest_route=\/wp\/v2\/posts\/717\/revisions\/808"}],"wp:featuredmedia":[{"embeddable":true,"href":"https:\/\/site.ac-martinique.fr\/lyc-fanon\/index.php?rest_route=\/wp\/v2\/media\/720"}],"wp:attachment":[{"href":"https:\/\/site.ac-martinique.fr\/lyc-fanon\/index.php?rest_route=%2Fwp%2Fv2%2Fmedia&parent=717"}],"wp:term":[{"taxonomy":"category","embeddable":true,"href":"https:\/\/site.ac-martinique.fr\/lyc-fanon\/index.php?rest_route=%2Fwp%2Fv2%2Fcategories&post=717"},{"taxonomy":"post_tag","embeddable":true,"href":"https:\/\/site.ac-martinique.fr\/lyc-fanon\/index.php?rest_route=%2Fwp%2Fv2%2Ftags&post=717"}],"curies":[{"name":"wp","href":"https:\/\/api.w.org\/{rel}","templated":true}]}}