{"id":2755,"date":"2026-01-04T14:11:14","date_gmt":"2026-01-04T18:11:14","guid":{"rendered":"https:\/\/site.ac-martinique.fr\/lyc-jeannecatayee\/?p=2755"},"modified":"2026-03-16T14:52:13","modified_gmt":"2026-03-16T18:52:13","slug":"lorientation","status":"publish","type":"post","link":"https:\/\/site.ac-martinique.fr\/lyc-jeannecatayee\/?p=2755","title":{"rendered":"CAF\u00c9 PARENTS &#8211; SP\u00c9CIAL ORIENTATION"},"content":{"rendered":"\n<p>L\u2019orientation de votre enfant vous questionne ? Vous souhaitez mieux comprendre les choix possibles et les accompagner sereinement ?<\/p>\n\n\n\n<p>Le lyc\u00e9e vous invite \u00e0 un <strong>Caf\u00e9 Parents<\/strong> d\u00e9di\u00e9 \u00e0 l\u2019orientation : un moment convivial pour \u00e9changer, poser vos questions et b\u00e9n\u00e9ficier des conseils de l\u2019\u00e9quipe \u00e9ducative.<\/p>\n\n\n\n<p>&#x1f4c5; Date : Jeudi 05 mars 2026<br>&#x1f552; Horaire : 17h00<br>&#x1f4cd; Lieu : Salle A2 au lyc\u00e9e<\/p>\n\n\n\n<p>Nous vous attendons nombreux pour partager ce temps d\u2019\u00e9change autour d\u2019un caf\u00e9 &#x2615;&#x2728;<\/p>\n\n\n\n<figure class=\"wp-block-image size-full\"><a href=\"https:\/\/site.ac-martinique.fr\/lyc-jeannecatayee\/wp-content\/uploads\/sites\/34\/2026\/03\/20260302_081507_762.jpg\"><img loading=\"lazy\" decoding=\"async\" width=\"424\" height=\"600\" src=\"https:\/\/site.ac-martinique.fr\/lyc-jeannecatayee\/wp-content\/uploads\/sites\/34\/2026\/03\/20260302_081507_762.jpg\" alt=\"\" class=\"wp-image-2809\" srcset=\"https:\/\/site.ac-martinique.fr\/lyc-jeannecatayee\/wp-content\/uploads\/sites\/34\/2026\/03\/20260302_081507_762.jpg 424w, https:\/\/site.ac-martinique.fr\/lyc-jeannecatayee\/wp-content\/uploads\/sites\/34\/2026\/03\/20260302_081507_762-212x300.jpg 212w\" sizes=\"auto, (max-width: 424px) 100vw, 424px\" \/><\/a><\/figure>\n","protected":false},"excerpt":{"rendered":"<p>L\u2019orientation de votre enfant vous questionne ? Vous souhaitez mieux comprendre les choix possibles et les accompagner sereinement ? Le &hellip; <\/p>\n<p class=\"link-more\"><a href=\"https:\/\/site.ac-martinique.fr\/lyc-jeannecatayee\/?p=2755\" class=\"more-link\">Lire la suite&#8230;<span class=\"screen-reader-text\"> \u00ab\u00a0CAF\u00c9 PARENTS &#8211; SP\u00c9CIAL ORIENTATION\u00a0\u00bb<\/span><\/a><\/p>\n","protected":false},"author":442,"featured_media":2810,"comment_status":"closed","ping_status":"open","sticky":false,"template":"","format":"standard","meta":{"footnotes":""},"categories":[1],"tags":[],"class_list":["post-2755","post","type-post","status-publish","format-standard","has-post-thumbnail","hentry","category-non-classe"],"publishpress_future_action":{"enabled":false,"date":"2026-05-05 04:51:15","action":"change-status","newStatus":"draft","terms":[],"taxonomy":"category","extraData":[]},"publishpress_future_workflow_manual_trigger":{"enabledWorkflows":[]},"_links":{"self":[{"href":"https:\/\/site.ac-martinique.fr\/lyc-jeannecatayee\/index.php?rest_route=\/wp\/v2\/posts\/2755","targetHints":{"allow":["GET"]}}],"collection":[{"href":"https:\/\/site.ac-martinique.fr\/lyc-jeannecatayee\/index.php?rest_route=\/wp\/v2\/posts"}],"about":[{"href":"https:\/\/site.ac-martinique.fr\/lyc-jeannecatayee\/index.php?rest_route=\/wp\/v2\/types\/post"}],"author":[{"embeddable":true,"href":"https:\/\/site.ac-martinique.fr\/lyc-jeannecatayee\/index.php?rest_route=\/wp\/v2\/users\/442"}],"replies":[{"embeddable":true,"href":"https:\/\/site.ac-martinique.fr\/lyc-jeannecatayee\/index.php?rest_route=%2Fwp%2Fv2%2Fcomments&post=2755"}],"version-history":[{"count":2,"href":"https:\/\/site.ac-martinique.fr\/lyc-jeannecatayee\/index.php?rest_route=\/wp\/v2\/posts\/2755\/revisions"}],"predecessor-version":[{"id":2811,"href":"https:\/\/site.ac-martinique.fr\/lyc-jeannecatayee\/index.php?rest_route=\/wp\/v2\/posts\/2755\/revisions\/2811"}],"wp:featuredmedia":[{"embeddable":true,"href":"https:\/\/site.ac-martinique.fr\/lyc-jeannecatayee\/index.php?rest_route=\/wp\/v2\/media\/2810"}],"wp:attachment":[{"href":"https:\/\/site.ac-martinique.fr\/lyc-jeannecatayee\/index.php?rest_route=%2Fwp%2Fv2%2Fmedia&parent=2755"}],"wp:term":[{"taxonomy":"category","embeddable":true,"href":"https:\/\/site.ac-martinique.fr\/lyc-jeannecatayee\/index.php?rest_route=%2Fwp%2Fv2%2Fcategories&post=2755"},{"taxonomy":"post_tag","embeddable":true,"href":"https:\/\/site.ac-martinique.fr\/lyc-jeannecatayee\/index.php?rest_route=%2Fwp%2Fv2%2Ftags&post=2755"}],"curies":[{"name":"wp","href":"https:\/\/api.w.org\/{rel}","templated":true}]}}