{"id":2761,"date":"2026-03-03T15:48:10","date_gmt":"2026-03-03T19:48:10","guid":{"rendered":"https:\/\/site.ac-martinique.fr\/lyc-jeannecatayee\/?p=2761"},"modified":"2026-03-18T16:41:41","modified_gmt":"2026-03-18T20:41:41","slug":"vacance-de-carnaval","status":"publish","type":"post","link":"https:\/\/site.ac-martinique.fr\/lyc-jeannecatayee\/?p=2761","title":{"rendered":"Vacances de carnaval"},"content":{"rendered":"\n<p>Durant les vacances de Carnaval, divers ateliers ont \u00e9t\u00e9 mis en place, toujours dans l&rsquo;objectif de la consolidation des apprentissages  et en mettant en place des activit\u00e9s culturelles, sportives et de loisirs.<\/p>\n\n\n\n<p>De belles vid\u00e9os sont disponibles sur YouTube LPCTV, cha\u00eene du lyc\u00e9e! <\/p>\n\n\n\n<p>ATELIER ROBOTIQUE<\/p>\n\n\n\n<p>Le lyc\u00e9e Jeanne CATAY\u00c9E se pr\u00e9pare au concours robotique. Durant les 3 jours , les \u00e9l\u00e8ves se sont pr\u00e9par\u00e9s. Petite video de la cha\u00eene LPCTV.<\/p>\n\n\n\n<p><a href=\"https:\/\/youtube.com\/watch?v=zsjYSihwmWs&amp;si=x1ijfqmC3ALaVa5Q\">https:\/\/youtube.com\/watch?v=zsjYSihwmWs&amp;si=x1ijfqmC3ALaVa5Q<\/a><\/p>\n\n\n\n<p><\/p>\n\n\n\n<p>ATELIER FRESQUE COLLABORATIVE<\/p>\n\n\n\n<p>En collaboration ave une intervenante, des \u00e9l\u00e8ves, personnels de Vie Scolaire, agents, MME  C\u00c9SAIRE et MME LE PRIX.<\/p>\n\n\n\n<p>Petite video de la cha\u00eene LPCTV.<\/p>\n\n\n\n<p><a href=\"https:\/\/youtu.be\/-9dUU_TyU-Q?si=Za1WBTYzazMS06jq\">https:\/\/youtu.be\/-9dUU_TyU-Q?si=Za1WBTYzazMS06jq<\/a><\/p>\n\n\n\n<p>Quelques photos<\/p>\n\n\n\n<figure class=\"wp-block-image size-large\"><a href=\"https:\/\/site.ac-martinique.fr\/lyc-jeannecatayee\/wp-content\/uploads\/sites\/34\/2026\/03\/WhatsApp-Image-1-1.jpeg\"><img loading=\"lazy\" decoding=\"async\" width=\"1024\" height=\"576\" src=\"https:\/\/site.ac-martinique.fr\/lyc-jeannecatayee\/wp-content\/uploads\/sites\/34\/2026\/03\/WhatsApp-Image-1-1-1024x576.jpeg\" alt=\"\" class=\"wp-image-2874\" srcset=\"https:\/\/site.ac-martinique.fr\/lyc-jeannecatayee\/wp-content\/uploads\/sites\/34\/2026\/03\/WhatsApp-Image-1-1-1024x576.jpeg 1024w, https:\/\/site.ac-martinique.fr\/lyc-jeannecatayee\/wp-content\/uploads\/sites\/34\/2026\/03\/WhatsApp-Image-1-1-300x169.jpeg 300w, https:\/\/site.ac-martinique.fr\/lyc-jeannecatayee\/wp-content\/uploads\/sites\/34\/2026\/03\/WhatsApp-Image-1-1-768x432.jpeg 768w, https:\/\/site.ac-martinique.fr\/lyc-jeannecatayee\/wp-content\/uploads\/sites\/34\/2026\/03\/WhatsApp-Image-1-1.jpeg 1280w\" sizes=\"auto, (max-width: 767px) 89vw, (max-width: 1000px) 54vw, (max-width: 1071px) 543px, 580px\" \/><\/a><\/figure>\n\n\n\n<div class=\"wp-block-group is-layout-grid wp-container-core-group-is-layout-9649a0d9 wp-block-group-is-layout-grid\">\n<figure class=\"wp-block-image size-large\"><a href=\"https:\/\/site.ac-martinique.fr\/lyc-jeannecatayee\/wp-content\/uploads\/sites\/34\/2026\/03\/WhatsApp-Image-2.jpeg\"><img loading=\"lazy\" decoding=\"async\" width=\"1024\" height=\"768\" src=\"https:\/\/site.ac-martinique.fr\/lyc-jeannecatayee\/wp-content\/uploads\/sites\/34\/2026\/03\/WhatsApp-Image-2-1024x768.jpeg\" alt=\"\" class=\"wp-image-2875\" srcset=\"https:\/\/site.ac-martinique.fr\/lyc-jeannecatayee\/wp-content\/uploads\/sites\/34\/2026\/03\/WhatsApp-Image-2-1024x768.jpeg 1024w, https:\/\/site.ac-martinique.fr\/lyc-jeannecatayee\/wp-content\/uploads\/sites\/34\/2026\/03\/WhatsApp-Image-2-300x225.jpeg 300w, https:\/\/site.ac-martinique.fr\/lyc-jeannecatayee\/wp-content\/uploads\/sites\/34\/2026\/03\/WhatsApp-Image-2-768x576.jpeg 768w, https:\/\/site.ac-martinique.fr\/lyc-jeannecatayee\/wp-content\/uploads\/sites\/34\/2026\/03\/WhatsApp-Image-2.jpeg 1280w\" sizes=\"auto, (max-width: 767px) 89vw, (max-width: 1000px) 54vw, (max-width: 1071px) 543px, 580px\" \/><\/a><\/figure>\n\n\n\n<figure class=\"wp-block-image size-large\"><a href=\"https:\/\/site.ac-martinique.fr\/lyc-jeannecatayee\/wp-content\/uploads\/sites\/34\/2026\/03\/WhatsApp-Image-3.jpeg\"><img loading=\"lazy\" decoding=\"async\" width=\"1024\" height=\"768\" src=\"https:\/\/site.ac-martinique.fr\/lyc-jeannecatayee\/wp-content\/uploads\/sites\/34\/2026\/03\/WhatsApp-Image-3-1024x768.jpeg\" alt=\"\" class=\"wp-image-2876\" srcset=\"https:\/\/site.ac-martinique.fr\/lyc-jeannecatayee\/wp-content\/uploads\/sites\/34\/2026\/03\/WhatsApp-Image-3-1024x768.jpeg 1024w, https:\/\/site.ac-martinique.fr\/lyc-jeannecatayee\/wp-content\/uploads\/sites\/34\/2026\/03\/WhatsApp-Image-3-300x225.jpeg 300w, https:\/\/site.ac-martinique.fr\/lyc-jeannecatayee\/wp-content\/uploads\/sites\/34\/2026\/03\/WhatsApp-Image-3-768x576.jpeg 768w, https:\/\/site.ac-martinique.fr\/lyc-jeannecatayee\/wp-content\/uploads\/sites\/34\/2026\/03\/WhatsApp-Image-3.jpeg 1280w\" sizes=\"auto, (max-width: 767px) 89vw, (max-width: 1000px) 54vw, (max-width: 1071px) 543px, 580px\" \/><\/a><\/figure>\n\n\n\n<figure class=\"wp-block-image size-large\"><a href=\"https:\/\/site.ac-martinique.fr\/lyc-jeannecatayee\/wp-content\/uploads\/sites\/34\/2026\/03\/WhatsApp-Image-4.jpeg\"><img loading=\"lazy\" decoding=\"async\" width=\"1024\" height=\"768\" src=\"https:\/\/site.ac-martinique.fr\/lyc-jeannecatayee\/wp-content\/uploads\/sites\/34\/2026\/03\/WhatsApp-Image-4-1024x768.jpeg\" alt=\"\" class=\"wp-image-2877\" srcset=\"https:\/\/site.ac-martinique.fr\/lyc-jeannecatayee\/wp-content\/uploads\/sites\/34\/2026\/03\/WhatsApp-Image-4-1024x768.jpeg 1024w, https:\/\/site.ac-martinique.fr\/lyc-jeannecatayee\/wp-content\/uploads\/sites\/34\/2026\/03\/WhatsApp-Image-4-300x225.jpeg 300w, https:\/\/site.ac-martinique.fr\/lyc-jeannecatayee\/wp-content\/uploads\/sites\/34\/2026\/03\/WhatsApp-Image-4-768x576.jpeg 768w, https:\/\/site.ac-martinique.fr\/lyc-jeannecatayee\/wp-content\/uploads\/sites\/34\/2026\/03\/WhatsApp-Image-4.jpeg 1280w\" sizes=\"auto, (max-width: 767px) 89vw, (max-width: 1000px) 54vw, (max-width: 1071px) 543px, 580px\" \/><\/a><\/figure>\n<\/div>\n\n\n\n<p><\/p>\n\n\n\n<p>PR\u00c9PARATION A L&rsquo;EXAMEN TECP2<\/p>\n\n\n\n<p>Les \u00e9l\u00e8ves \u00e9taient en situation d&rsquo;examen pendant 2 jours afin d&rsquo;approfondir leurs connaissances, leurs acquits: revision et mise en situation th\u00e9orique et pratique sur l&rsquo;\u00e9preuve.<\/p>\n\n\n\n<p> Le troisi\u00e8me jours , un moment d\u00e9tente \u00e0 la La For\u00eat Montravail sur l&rsquo;estime de soi avec l&rsquo;intervenante MME LEONIN Johanne \u00e0 traverse des jeux , partage, exercises de relaxation .<\/p>\n\n\n\n<p><\/p>\n\n\n\n<p>ATELIER DE COH\u00c9SION POUR MALTE.<\/p>\n\n\n\n<p>Afin que les \u00e9l\u00e8ves qui doivent partir puissent se conna\u00eetre, durant les 3 jours ils ont eu des temps d&rsquo;\u00e9change, de cohesion par des jeux en \u00e9quipe.<\/p>\n\n\n\n<p><\/p>\n\n\n\n<p>ATELIER WEB TV<\/p>\n\n\n\n<p>Les \u00e9l\u00e8ves ont appris le processus de la cr\u00e9ation d&rsquo;une  video, en choisissant le  th\u00e8me, \u00e9crire le scenario en vue d&rsquo;un tournage.<\/p>\n\n\n\n<p><\/p>\n\n\n\n<p> <\/p>\n","protected":false},"excerpt":{"rendered":"<p>Durant les vacances de Carnaval, divers ateliers ont \u00e9t\u00e9 mis en place, toujours dans l&rsquo;objectif de la consolidation des apprentissages &hellip; <\/p>\n<p class=\"link-more\"><a href=\"https:\/\/site.ac-martinique.fr\/lyc-jeannecatayee\/?p=2761\" class=\"more-link\">Lire la suite&#8230;<span class=\"screen-reader-text\"> \u00ab\u00a0Vacances de carnaval\u00a0\u00bb<\/span><\/a><\/p>\n","protected":false},"author":442,"featured_media":2879,"comment_status":"closed","ping_status":"open","sticky":false,"template":"","format":"standard","meta":{"footnotes":""},"categories":[1],"tags":[],"class_list":["post-2761","post","type-post","status-publish","format-standard","has-post-thumbnail","hentry","category-non-classe"],"publishpress_future_action":{"enabled":false,"date":"2026-05-05 04:40:47","action":"change-status","newStatus":"draft","terms":[],"taxonomy":"category","extraData":[]},"publishpress_future_workflow_manual_trigger":{"enabledWorkflows":[]},"_links":{"self":[{"href":"https:\/\/site.ac-martinique.fr\/lyc-jeannecatayee\/index.php?rest_route=\/wp\/v2\/posts\/2761","targetHints":{"allow":["GET"]}}],"collection":[{"href":"https:\/\/site.ac-martinique.fr\/lyc-jeannecatayee\/index.php?rest_route=\/wp\/v2\/posts"}],"about":[{"href":"https:\/\/site.ac-martinique.fr\/lyc-jeannecatayee\/index.php?rest_route=\/wp\/v2\/types\/post"}],"author":[{"embeddable":true,"href":"https:\/\/site.ac-martinique.fr\/lyc-jeannecatayee\/index.php?rest_route=\/wp\/v2\/users\/442"}],"replies":[{"embeddable":true,"href":"https:\/\/site.ac-martinique.fr\/lyc-jeannecatayee\/index.php?rest_route=%2Fwp%2Fv2%2Fcomments&post=2761"}],"version-history":[{"count":4,"href":"https:\/\/site.ac-martinique.fr\/lyc-jeannecatayee\/index.php?rest_route=\/wp\/v2\/posts\/2761\/revisions"}],"predecessor-version":[{"id":2881,"href":"https:\/\/site.ac-martinique.fr\/lyc-jeannecatayee\/index.php?rest_route=\/wp\/v2\/posts\/2761\/revisions\/2881"}],"wp:featuredmedia":[{"embeddable":true,"href":"https:\/\/site.ac-martinique.fr\/lyc-jeannecatayee\/index.php?rest_route=\/wp\/v2\/media\/2879"}],"wp:attachment":[{"href":"https:\/\/site.ac-martinique.fr\/lyc-jeannecatayee\/index.php?rest_route=%2Fwp%2Fv2%2Fmedia&parent=2761"}],"wp:term":[{"taxonomy":"category","embeddable":true,"href":"https:\/\/site.ac-martinique.fr\/lyc-jeannecatayee\/index.php?rest_route=%2Fwp%2Fv2%2Fcategories&post=2761"},{"taxonomy":"post_tag","embeddable":true,"href":"https:\/\/site.ac-martinique.fr\/lyc-jeannecatayee\/index.php?rest_route=%2Fwp%2Fv2%2Ftags&post=2761"}],"curies":[{"name":"wp","href":"https:\/\/api.w.org\/{rel}","templated":true}]}}