{"id":2786,"date":"2026-03-03T15:56:56","date_gmt":"2026-03-03T19:56:56","guid":{"rendered":"https:\/\/site.ac-martinique.fr\/lyc-jeannecatayee\/?p=2786"},"modified":"2026-03-04T11:00:47","modified_gmt":"2026-03-04T15:00:47","slug":"stage-de-production-audiovisuelle","status":"publish","type":"post","link":"https:\/\/site.ac-martinique.fr\/lyc-jeannecatayee\/?p=2786","title":{"rendered":"&#x1f3ac;&#x2728; Stage de Production Audiovisuelle \u2013 LPC TV &#x2728;&#x1f3ac;"},"content":{"rendered":"\n<p>Envie de d\u00e9couvrir les coulisses de la r\u00e9alisation, du tournage et du montage ?<\/p>\n\n\n\n<p>Le lyc\u00e9e organise un <strong>stage de production audiovisuelle<\/strong> en partenariat avec <em>Jeanne Catay\u00e9e<\/em> et <em>Terre M\u2019Air Production<\/em>. Une immersion compl\u00e8te pour s\u2019initier aux m\u00e9tiers de l\u2019image et du son &#x1f3a5;&#x1f399;&#xfe0f;<\/p>\n\n\n\n<p>&#x1f4c5; <strong>1\u00e8res : 12-13 mars (8h-16h)<\/strong><br>&#x1f4c5; <strong>2ndes : 19-20 mars (8h-16h)<\/strong><br>&#x1f3ac; <strong>Pr\u00e9sentation des productions devant un jury : 20 mars \u00e0 14h<\/strong><br>&#x1f3c6; Les meilleures r\u00e9alisations seront r\u00e9compens\u00e9es !<\/p>\n\n\n\n<p>&#x1f4cd; Inscriptions \u00e0 la vie scolaire<\/p>\n\n\n\n<p>Une belle opportunit\u00e9 pour r\u00e9v\u00e9ler des talents, d\u00e9velopper la cr\u00e9ativit\u00e9 et vivre une exp\u00e9rience unique en \u00e9quipe !<\/p>\n\n\n\n<figure class=\"wp-block-image size-large\"><a href=\"https:\/\/site.ac-martinique.fr\/lyc-jeannecatayee\/wp-content\/uploads\/sites\/34\/2026\/03\/audio.jpg\"><img loading=\"lazy\" decoding=\"async\" width=\"722\" height=\"1024\" src=\"https:\/\/site.ac-martinique.fr\/lyc-jeannecatayee\/wp-content\/uploads\/sites\/34\/2026\/03\/audio-722x1024.jpg\" alt=\"\" class=\"wp-image-2812\" srcset=\"https:\/\/site.ac-martinique.fr\/lyc-jeannecatayee\/wp-content\/uploads\/sites\/34\/2026\/03\/audio-722x1024.jpg 722w, https:\/\/site.ac-martinique.fr\/lyc-jeannecatayee\/wp-content\/uploads\/sites\/34\/2026\/03\/audio-212x300.jpg 212w, https:\/\/site.ac-martinique.fr\/lyc-jeannecatayee\/wp-content\/uploads\/sites\/34\/2026\/03\/audio-768x1089.jpg 768w, https:\/\/site.ac-martinique.fr\/lyc-jeannecatayee\/wp-content\/uploads\/sites\/34\/2026\/03\/audio.jpg 903w\" sizes=\"auto, (max-width: 722px) 100vw, 722px\" \/><\/a><\/figure>\n","protected":false},"excerpt":{"rendered":"<p>Envie de d\u00e9couvrir les coulisses de la r\u00e9alisation, du tournage et du montage ? Le lyc\u00e9e organise un stage de &hellip; <\/p>\n<p class=\"link-more\"><a href=\"https:\/\/site.ac-martinique.fr\/lyc-jeannecatayee\/?p=2786\" class=\"more-link\">Lire la suite&#8230;<span class=\"screen-reader-text\"> \u00ab\u00a0&#x1f3ac;&#x2728; Stage de Production Audiovisuelle \u2013 LPC TV &#x2728;&#x1f3ac;\u00a0\u00bb<\/span><\/a><\/p>\n","protected":false},"author":442,"featured_media":2813,"comment_status":"closed","ping_status":"open","sticky":false,"template":"","format":"standard","meta":{"footnotes":""},"categories":[1],"tags":[],"class_list":["post-2786","post","type-post","status-publish","format-standard","has-post-thumbnail","hentry","category-non-classe"],"publishpress_future_action":{"enabled":false,"date":"2026-05-05 04:51:16","action":"change-status","newStatus":"draft","terms":[],"taxonomy":"category","extraData":[]},"publishpress_future_workflow_manual_trigger":{"enabledWorkflows":[]},"_links":{"self":[{"href":"https:\/\/site.ac-martinique.fr\/lyc-jeannecatayee\/index.php?rest_route=\/wp\/v2\/posts\/2786","targetHints":{"allow":["GET"]}}],"collection":[{"href":"https:\/\/site.ac-martinique.fr\/lyc-jeannecatayee\/index.php?rest_route=\/wp\/v2\/posts"}],"about":[{"href":"https:\/\/site.ac-martinique.fr\/lyc-jeannecatayee\/index.php?rest_route=\/wp\/v2\/types\/post"}],"author":[{"embeddable":true,"href":"https:\/\/site.ac-martinique.fr\/lyc-jeannecatayee\/index.php?rest_route=\/wp\/v2\/users\/442"}],"replies":[{"embeddable":true,"href":"https:\/\/site.ac-martinique.fr\/lyc-jeannecatayee\/index.php?rest_route=%2Fwp%2Fv2%2Fcomments&post=2786"}],"version-history":[{"count":3,"href":"https:\/\/site.ac-martinique.fr\/lyc-jeannecatayee\/index.php?rest_route=\/wp\/v2\/posts\/2786\/revisions"}],"predecessor-version":[{"id":2848,"href":"https:\/\/site.ac-martinique.fr\/lyc-jeannecatayee\/index.php?rest_route=\/wp\/v2\/posts\/2786\/revisions\/2848"}],"wp:featuredmedia":[{"embeddable":true,"href":"https:\/\/site.ac-martinique.fr\/lyc-jeannecatayee\/index.php?rest_route=\/wp\/v2\/media\/2813"}],"wp:attachment":[{"href":"https:\/\/site.ac-martinique.fr\/lyc-jeannecatayee\/index.php?rest_route=%2Fwp%2Fv2%2Fmedia&parent=2786"}],"wp:term":[{"taxonomy":"category","embeddable":true,"href":"https:\/\/site.ac-martinique.fr\/lyc-jeannecatayee\/index.php?rest_route=%2Fwp%2Fv2%2Fcategories&post=2786"},{"taxonomy":"post_tag","embeddable":true,"href":"https:\/\/site.ac-martinique.fr\/lyc-jeannecatayee\/index.php?rest_route=%2Fwp%2Fv2%2Ftags&post=2786"}],"curies":[{"name":"wp","href":"https:\/\/api.w.org\/{rel}","templated":true}]}}