{"id":2789,"date":"2026-02-03T15:56:56","date_gmt":"2026-02-03T19:56:56","guid":{"rendered":"https:\/\/site.ac-martinique.fr\/lyc-jeannecatayee\/?p=2789"},"modified":"2026-03-18T15:03:15","modified_gmt":"2026-03-18T19:03:15","slug":"voyage-2025-2026","status":"publish","type":"post","link":"https:\/\/site.ac-martinique.fr\/lyc-jeannecatayee\/?p=2789","title":{"rendered":"&#x2708;&#xfe0f;&#x1f1f2;&#x1f1f9; D\u00e9part pour Malte \u2013 Section DNL vente et accueil&#x2708;&#xfe0f;2025-2026"},"content":{"rendered":"\n<p>Les \u00e9l\u00e8ves de la <strong>section DNL<\/strong> des sections Accueil et Ventes\u2019envolent pour <strong>Malte<\/strong> dans le cadre du programme <strong>Erasmus+<\/strong> !<\/p>\n\n\n\n<p>Ce s\u00e9jour sera une formidable opportunit\u00e9 de pratiquer la langue en situation r\u00e9elle, de d\u00e9couvrir une nouvelle culture et de vivre une exp\u00e9rience europ\u00e9enne enrichissante, tant sur le plan scolaire que personnel.<\/p>\n\n\n\n<p>Entre rencontres, \u00e9changes et d\u00e9couvertes, ce voyage promet d\u2019\u00eatre une \u00e9tape marquante de leur parcours. &#x1f30d;&#x2728;<\/p>\n\n\n\n<p>Soutenez-les par vos dons via le lien LETCHI.<\/p>\n\n\n\n<p>Nous leur souhaitons un excellent s\u00e9jour et une belle aventure \u00e0 Malte !<\/p>\n\n\n\n<p>D\u00e9part le vendredi 06 mars jusqu&rsquo;au 04 avril 2026.<\/p>\n\n\n\n<figure class=\"wp-block-image size-large\"><a href=\"https:\/\/site.ac-martinique.fr\/lyc-jeannecatayee\/wp-content\/uploads\/sites\/34\/2026\/03\/PHOTO.png\"><img loading=\"lazy\" decoding=\"async\" width=\"1024\" height=\"723\" src=\"https:\/\/site.ac-martinique.fr\/lyc-jeannecatayee\/wp-content\/uploads\/sites\/34\/2026\/03\/PHOTO-1024x723.png\" alt=\"\" class=\"wp-image-2853\" srcset=\"https:\/\/site.ac-martinique.fr\/lyc-jeannecatayee\/wp-content\/uploads\/sites\/34\/2026\/03\/PHOTO-1024x723.png 1024w, https:\/\/site.ac-martinique.fr\/lyc-jeannecatayee\/wp-content\/uploads\/sites\/34\/2026\/03\/PHOTO-300x212.png 300w, https:\/\/site.ac-martinique.fr\/lyc-jeannecatayee\/wp-content\/uploads\/sites\/34\/2026\/03\/PHOTO-768x542.png 768w, https:\/\/site.ac-martinique.fr\/lyc-jeannecatayee\/wp-content\/uploads\/sites\/34\/2026\/03\/PHOTO.png 1026w\" sizes=\"auto, (max-width: 767px) 89vw, (max-width: 1000px) 54vw, (max-width: 1071px) 543px, 580px\" \/><\/a><\/figure>\n","protected":false},"excerpt":{"rendered":"<p>Les \u00e9l\u00e8ves de la section DNL des sections Accueil et Ventes\u2019envolent pour Malte dans le cadre du programme Erasmus+ ! &hellip; <\/p>\n<p class=\"link-more\"><a href=\"https:\/\/site.ac-martinique.fr\/lyc-jeannecatayee\/?p=2789\" class=\"more-link\">Lire la suite&#8230;<span class=\"screen-reader-text\"> \u00ab\u00a0&#x2708;&#xfe0f;&#x1f1f2;&#x1f1f9; D\u00e9part pour Malte \u2013 Section DNL vente et accueil&#x2708;&#xfe0f;2025-2026\u00a0\u00bb<\/span><\/a><\/p>\n","protected":false},"author":442,"featured_media":2829,"comment_status":"closed","ping_status":"open","sticky":false,"template":"","format":"standard","meta":{"footnotes":""},"categories":[1],"tags":[],"class_list":["post-2789","post","type-post","status-publish","format-standard","has-post-thumbnail","hentry","category-non-classe"],"publishpress_future_action":{"enabled":false,"date":"2026-05-05 04:51:16","action":"change-status","newStatus":"draft","terms":[],"taxonomy":"category","extraData":[]},"publishpress_future_workflow_manual_trigger":{"enabledWorkflows":[]},"_links":{"self":[{"href":"https:\/\/site.ac-martinique.fr\/lyc-jeannecatayee\/index.php?rest_route=\/wp\/v2\/posts\/2789","targetHints":{"allow":["GET"]}}],"collection":[{"href":"https:\/\/site.ac-martinique.fr\/lyc-jeannecatayee\/index.php?rest_route=\/wp\/v2\/posts"}],"about":[{"href":"https:\/\/site.ac-martinique.fr\/lyc-jeannecatayee\/index.php?rest_route=\/wp\/v2\/types\/post"}],"author":[{"embeddable":true,"href":"https:\/\/site.ac-martinique.fr\/lyc-jeannecatayee\/index.php?rest_route=\/wp\/v2\/users\/442"}],"replies":[{"embeddable":true,"href":"https:\/\/site.ac-martinique.fr\/lyc-jeannecatayee\/index.php?rest_route=%2Fwp%2Fv2%2Fcomments&post=2789"}],"version-history":[{"count":3,"href":"https:\/\/site.ac-martinique.fr\/lyc-jeannecatayee\/index.php?rest_route=\/wp\/v2\/posts\/2789\/revisions"}],"predecessor-version":[{"id":2854,"href":"https:\/\/site.ac-martinique.fr\/lyc-jeannecatayee\/index.php?rest_route=\/wp\/v2\/posts\/2789\/revisions\/2854"}],"wp:featuredmedia":[{"embeddable":true,"href":"https:\/\/site.ac-martinique.fr\/lyc-jeannecatayee\/index.php?rest_route=\/wp\/v2\/media\/2829"}],"wp:attachment":[{"href":"https:\/\/site.ac-martinique.fr\/lyc-jeannecatayee\/index.php?rest_route=%2Fwp%2Fv2%2Fmedia&parent=2789"}],"wp:term":[{"taxonomy":"category","embeddable":true,"href":"https:\/\/site.ac-martinique.fr\/lyc-jeannecatayee\/index.php?rest_route=%2Fwp%2Fv2%2Fcategories&post=2789"},{"taxonomy":"post_tag","embeddable":true,"href":"https:\/\/site.ac-martinique.fr\/lyc-jeannecatayee\/index.php?rest_route=%2Fwp%2Fv2%2Ftags&post=2789"}],"curies":[{"name":"wp","href":"https:\/\/api.w.org\/{rel}","templated":true}]}}