{"id":2804,"date":"2026-03-20T16:17:32","date_gmt":"2026-03-20T20:17:32","guid":{"rendered":"https:\/\/site.ac-martinique.fr\/lyc-jeannecatayee\/?p=2804"},"modified":"2026-03-20T16:17:33","modified_gmt":"2026-03-20T20:17:33","slug":"ateliers-confiance-et-estime-de-soi","status":"publish","type":"post","link":"https:\/\/site.ac-martinique.fr\/lyc-jeannecatayee\/?p=2804","title":{"rendered":"ATELIERS CONFIANCE ET ESTIME DE SOI"},"content":{"rendered":"\n<p><\/p>\n\n\n\n<p>Dans le cadre de la pr\u00e9vention du d\u00e9crochage scolaire et la preparation des examens professionnels, le lyc\u00e9e met en place des ateliers ESTIME DE SOI \/ CONFIANCE EN SOI ave des intervenants int\u00e9rieurs.<\/p>\n\n\n\n<p>Les cr\u00e9neaux son les suivants:<\/p>\n\n\n\n<p>Cr\u00e9neau 1: Tous les jeudis de 08h30 \u00e0 09h30 ave MME ROLDEGOISE<\/p>\n\n\n\n<p>Cr\u00e9neau 2: Tous les jeudis de 09h30 \u00e0 10h30 ave MME ROLDEGOISE<\/p>\n\n\n\n<p>Cr\u00e9neau 3: Tous les jeudis de 13h00 \u00e0 14h00 ave MME HOMAND<\/p>\n\n\n\n<p>Cr\u00e9neau 1: Tous les jeudis de 14h00 \u00e0 15h00 ave MME HOMAND<\/p>\n\n\n\n<p><strong>Ici, nous sommes convaincus qu\u2019un \u00e9l\u00e8ve qui se sent bien est un \u00e9l\u00e8ve qui s\u2019\u00e9panouit et qui r\u00e9ussit!<\/strong><\/p>\n","protected":false},"excerpt":{"rendered":"<p>Dans le cadre de la pr\u00e9vention du d\u00e9crochage scolaire et la preparation des examens professionnels, le lyc\u00e9e met en place &hellip; <\/p>\n<p class=\"link-more\"><a href=\"https:\/\/site.ac-martinique.fr\/lyc-jeannecatayee\/?p=2804\" class=\"more-link\">Lire la suite&#8230;<span class=\"screen-reader-text\"> \u00ab\u00a0ATELIERS CONFIANCE ET ESTIME DE SOI\u00a0\u00bb<\/span><\/a><\/p>\n","protected":false},"author":442,"featured_media":2801,"comment_status":"closed","ping_status":"open","sticky":true,"template":"","format":"standard","meta":{"footnotes":""},"categories":[7,6],"tags":[],"class_list":["post-2804","post","type-post","status-publish","format-standard","has-post-thumbnail","hentry","category-nouvelles-lycee","category-vie-lyceenne"],"publishpress_future_action":{"enabled":false,"date":"2026-05-05 04:51:17","action":"change-status","newStatus":"draft","terms":[],"taxonomy":"category","extraData":[]},"publishpress_future_workflow_manual_trigger":{"enabledWorkflows":[]},"_links":{"self":[{"href":"https:\/\/site.ac-martinique.fr\/lyc-jeannecatayee\/index.php?rest_route=\/wp\/v2\/posts\/2804","targetHints":{"allow":["GET"]}}],"collection":[{"href":"https:\/\/site.ac-martinique.fr\/lyc-jeannecatayee\/index.php?rest_route=\/wp\/v2\/posts"}],"about":[{"href":"https:\/\/site.ac-martinique.fr\/lyc-jeannecatayee\/index.php?rest_route=\/wp\/v2\/types\/post"}],"author":[{"embeddable":true,"href":"https:\/\/site.ac-martinique.fr\/lyc-jeannecatayee\/index.php?rest_route=\/wp\/v2\/users\/442"}],"replies":[{"embeddable":true,"href":"https:\/\/site.ac-martinique.fr\/lyc-jeannecatayee\/index.php?rest_route=%2Fwp%2Fv2%2Fcomments&post=2804"}],"version-history":[{"count":2,"href":"https:\/\/site.ac-martinique.fr\/lyc-jeannecatayee\/index.php?rest_route=\/wp\/v2\/posts\/2804\/revisions"}],"predecessor-version":[{"id":2808,"href":"https:\/\/site.ac-martinique.fr\/lyc-jeannecatayee\/index.php?rest_route=\/wp\/v2\/posts\/2804\/revisions\/2808"}],"wp:featuredmedia":[{"embeddable":true,"href":"https:\/\/site.ac-martinique.fr\/lyc-jeannecatayee\/index.php?rest_route=\/wp\/v2\/media\/2801"}],"wp:attachment":[{"href":"https:\/\/site.ac-martinique.fr\/lyc-jeannecatayee\/index.php?rest_route=%2Fwp%2Fv2%2Fmedia&parent=2804"}],"wp:term":[{"taxonomy":"category","embeddable":true,"href":"https:\/\/site.ac-martinique.fr\/lyc-jeannecatayee\/index.php?rest_route=%2Fwp%2Fv2%2Fcategories&post=2804"},{"taxonomy":"post_tag","embeddable":true,"href":"https:\/\/site.ac-martinique.fr\/lyc-jeannecatayee\/index.php?rest_route=%2Fwp%2Fv2%2Ftags&post=2804"}],"curies":[{"name":"wp","href":"https:\/\/api.w.org\/{rel}","templated":true}]}}