{"id":2832,"date":"2026-03-30T13:05:31","date_gmt":"2026-03-30T17:05:31","guid":{"rendered":"https:\/\/site.ac-martinique.fr\/lyc-jeannecatayee\/?p=2832"},"modified":"2026-03-31T14:49:58","modified_gmt":"2026-03-31T18:49:58","slug":"rallye-2026","status":"publish","type":"post","link":"https:\/\/site.ac-martinique.fr\/lyc-jeannecatayee\/?p=2832","title":{"rendered":"RALLYE MATH\u00c9MATIQUES 2026 &#8211; 35\u00e8me edition"},"content":{"rendered":"\n<p>Les math\u00e9matiques deviennent un d\u00e9fi collectif !<br>Le lyc\u00e9e participe \u00e0 la <strong>35\u1d49 \u00e9dition du Rallye Math\u00e9matiques<\/strong>, une comp\u00e9tition qui invite les \u00e9l\u00e8ves \u00e0 r\u00e9soudre des probl\u00e8mes originaux, \u00e0 r\u00e9fl\u00e9chir ensemble et \u00e0 relever des d\u00e9fis stimulants.<\/p>\n\n\n\n<p>&#x1f4c5; <strong>Inscriptions jusqu\u2019au 23 janvier 2026<\/strong><br>&#x1f9e0; <strong>\u00c9preuves \u00e9liminatoires : du 26 au 30 janvier 2026<\/strong><\/p>\n\n\n\n<p><strong>Dates des finales :<\/strong><br>\u2022 \u00c9cole : 11 mars 2026<br>\u2022 Coll\u00e8ge : 18 mars 2026<br>\u2022 Lyc\u00e9es : 25 mars 2026<\/p>\n\n\n\n<p>&#x1f3c6; <strong>Remise des prix : d\u00e9but juin 2026<\/strong><\/p>\n\n\n\n<p>Une belle occasion de d\u00e9couvrir les math\u00e9matiques autrement : <strong>chercher, coop\u00e9rer et se d\u00e9passer !<\/strong><\/p>\n\n\n\n<p>\u00c9preuves \u00e9liminatoire le mercredi 28 janvier 2026 en Salle de r\u00e9union . Les \u00e9l\u00e8ves concern\u00e9s sont<\/p>\n\n\n\n<div class=\"wp-block-columns is-layout-flex wp-container-core-columns-is-layout-abceabcf wp-block-columns-is-layout-flex\">\n<div class=\"wp-block-column is-layout-flow wp-block-column-is-layout-flow\">\n<figure class=\"wp-block-image size-large\"><a href=\"https:\/\/site.ac-martinique.fr\/lyc-jeannecatayee\/wp-content\/uploads\/sites\/34\/2026\/03\/IMG-20260205-WA0048.jpg\"><img loading=\"lazy\" decoding=\"async\" width=\"1024\" height=\"478\" src=\"https:\/\/site.ac-martinique.fr\/lyc-jeannecatayee\/wp-content\/uploads\/sites\/34\/2026\/03\/IMG-20260205-WA0048-1024x478.jpg\" alt=\"\" class=\"wp-image-2841\" srcset=\"https:\/\/site.ac-martinique.fr\/lyc-jeannecatayee\/wp-content\/uploads\/sites\/34\/2026\/03\/IMG-20260205-WA0048-1024x478.jpg 1024w, https:\/\/site.ac-martinique.fr\/lyc-jeannecatayee\/wp-content\/uploads\/sites\/34\/2026\/03\/IMG-20260205-WA0048-300x140.jpg 300w, https:\/\/site.ac-martinique.fr\/lyc-jeannecatayee\/wp-content\/uploads\/sites\/34\/2026\/03\/IMG-20260205-WA0048-768x359.jpg 768w, https:\/\/site.ac-martinique.fr\/lyc-jeannecatayee\/wp-content\/uploads\/sites\/34\/2026\/03\/IMG-20260205-WA0048-1536x717.jpg 1536w, https:\/\/site.ac-martinique.fr\/lyc-jeannecatayee\/wp-content\/uploads\/sites\/34\/2026\/03\/IMG-20260205-WA0048-1320x616.jpg 1320w, https:\/\/site.ac-martinique.fr\/lyc-jeannecatayee\/wp-content\/uploads\/sites\/34\/2026\/03\/IMG-20260205-WA0048.jpg 1600w\" sizes=\"auto, (max-width: 767px) 89vw, (max-width: 1000px) 54vw, (max-width: 1071px) 543px, 580px\" \/><\/a><\/figure>\n<\/div>\n\n\n\n<div class=\"wp-block-column is-layout-flow wp-block-column-is-layout-flow\">\n<figure class=\"wp-block-image size-large\"><a href=\"https:\/\/site.ac-martinique.fr\/lyc-jeannecatayee\/wp-content\/uploads\/sites\/34\/2026\/03\/IMG-20260205-WA0047.jpg\"><img loading=\"lazy\" decoding=\"async\" width=\"1024\" height=\"478\" src=\"https:\/\/site.ac-martinique.fr\/lyc-jeannecatayee\/wp-content\/uploads\/sites\/34\/2026\/03\/IMG-20260205-WA0047-1024x478.jpg\" alt=\"\" class=\"wp-image-2842\" srcset=\"https:\/\/site.ac-martinique.fr\/lyc-jeannecatayee\/wp-content\/uploads\/sites\/34\/2026\/03\/IMG-20260205-WA0047-1024x478.jpg 1024w, https:\/\/site.ac-martinique.fr\/lyc-jeannecatayee\/wp-content\/uploads\/sites\/34\/2026\/03\/IMG-20260205-WA0047-300x140.jpg 300w, https:\/\/site.ac-martinique.fr\/lyc-jeannecatayee\/wp-content\/uploads\/sites\/34\/2026\/03\/IMG-20260205-WA0047-768x359.jpg 768w, https:\/\/site.ac-martinique.fr\/lyc-jeannecatayee\/wp-content\/uploads\/sites\/34\/2026\/03\/IMG-20260205-WA0047-1536x717.jpg 1536w, https:\/\/site.ac-martinique.fr\/lyc-jeannecatayee\/wp-content\/uploads\/sites\/34\/2026\/03\/IMG-20260205-WA0047-1320x616.jpg 1320w, https:\/\/site.ac-martinique.fr\/lyc-jeannecatayee\/wp-content\/uploads\/sites\/34\/2026\/03\/IMG-20260205-WA0047.jpg 1600w\" sizes=\"auto, (max-width: 767px) 89vw, (max-width: 1000px) 54vw, (max-width: 1071px) 543px, 580px\" \/><\/a><\/figure>\n<\/div>\n<\/div>\n\n\n\n<div data-wp-interactive=\"core\/file\" class=\"wp-block-file\"><object data-wp-bind--hidden=\"!state.hasPdfPreview\" hidden class=\"wp-block-file__embed\" data=\"https:\/\/site.ac-martinique.fr\/lyc-jeannecatayee\/wp-content\/uploads\/sites\/34\/2026\/03\/math-ralye-1.pdf\" type=\"application\/pdf\" style=\"width:100%;height:600px\" aria-label=\"Contenu embarqu\u00e9 math ralye.\"><\/object><a id=\"wp-block-file--media-daf19dff-5bb7-4ec0-9b09-7b7d5e83ec1e\" href=\"https:\/\/site.ac-martinique.fr\/lyc-jeannecatayee\/wp-content\/uploads\/sites\/34\/2026\/03\/math-ralye-1.pdf\">math ralye<\/a><a href=\"https:\/\/site.ac-martinique.fr\/lyc-jeannecatayee\/wp-content\/uploads\/sites\/34\/2026\/03\/math-ralye-1.pdf\" class=\"wp-block-file__button wp-element-button\" download aria-describedby=\"wp-block-file--media-daf19dff-5bb7-4ec0-9b09-7b7d5e83ec1e\">T\u00e9l\u00e9charger<\/a><\/div>\n\n\n\n<p>FINALES DES LYC\u00c9ES : LE 25 MARS 2026 AU LYC\u00c9 VICTOR SCHOELCHER<\/p>\n\n\n\n<figure class=\"wp-block-image size-full\"><a href=\"https:\/\/site.ac-martinique.fr\/lyc-jeannecatayee\/wp-content\/uploads\/sites\/34\/2026\/03\/rali-math.jpg\"><img loading=\"lazy\" decoding=\"async\" width=\"846\" height=\"494\" src=\"https:\/\/site.ac-martinique.fr\/lyc-jeannecatayee\/wp-content\/uploads\/sites\/34\/2026\/03\/rali-math.jpg\" alt=\"\" class=\"wp-image-3129\" srcset=\"https:\/\/site.ac-martinique.fr\/lyc-jeannecatayee\/wp-content\/uploads\/sites\/34\/2026\/03\/rali-math.jpg 846w, https:\/\/site.ac-martinique.fr\/lyc-jeannecatayee\/wp-content\/uploads\/sites\/34\/2026\/03\/rali-math-300x175.jpg 300w, https:\/\/site.ac-martinique.fr\/lyc-jeannecatayee\/wp-content\/uploads\/sites\/34\/2026\/03\/rali-math-768x448.jpg 768w\" sizes=\"auto, (max-width: 767px) 89vw, (max-width: 1000px) 54vw, (max-width: 1071px) 543px, 580px\" \/><\/a><\/figure>\n\n\n\n<p><\/p>\n","protected":false},"excerpt":{"rendered":"<p>Les math\u00e9matiques deviennent un d\u00e9fi collectif !Le lyc\u00e9e participe \u00e0 la 35\u1d49 \u00e9dition du Rallye Math\u00e9matiques, une comp\u00e9tition qui invite &hellip; <\/p>\n<p class=\"link-more\"><a href=\"https:\/\/site.ac-martinique.fr\/lyc-jeannecatayee\/?p=2832\" class=\"more-link\">Lire la suite&#8230;<span class=\"screen-reader-text\"> \u00ab\u00a0RALLYE MATH\u00c9MATIQUES 2026 &#8211; 35\u00e8me edition\u00a0\u00bb<\/span><\/a><\/p>\n","protected":false},"author":442,"featured_media":2839,"comment_status":"closed","ping_status":"open","sticky":false,"template":"","format":"standard","meta":{"footnotes":""},"categories":[1],"tags":[],"class_list":["post-2832","post","type-post","status-publish","format-standard","has-post-thumbnail","hentry","category-non-classe"],"publishpress_future_action":{"enabled":false,"date":"2026-05-05 04:40:49","action":"change-status","newStatus":"draft","terms":[],"taxonomy":"category","extraData":[]},"publishpress_future_workflow_manual_trigger":{"enabledWorkflows":[]},"_links":{"self":[{"href":"https:\/\/site.ac-martinique.fr\/lyc-jeannecatayee\/index.php?rest_route=\/wp\/v2\/posts\/2832","targetHints":{"allow":["GET"]}}],"collection":[{"href":"https:\/\/site.ac-martinique.fr\/lyc-jeannecatayee\/index.php?rest_route=\/wp\/v2\/posts"}],"about":[{"href":"https:\/\/site.ac-martinique.fr\/lyc-jeannecatayee\/index.php?rest_route=\/wp\/v2\/types\/post"}],"author":[{"embeddable":true,"href":"https:\/\/site.ac-martinique.fr\/lyc-jeannecatayee\/index.php?rest_route=\/wp\/v2\/users\/442"}],"replies":[{"embeddable":true,"href":"https:\/\/site.ac-martinique.fr\/lyc-jeannecatayee\/index.php?rest_route=%2Fwp%2Fv2%2Fcomments&post=2832"}],"version-history":[{"count":5,"href":"https:\/\/site.ac-martinique.fr\/lyc-jeannecatayee\/index.php?rest_route=\/wp\/v2\/posts\/2832\/revisions"}],"predecessor-version":[{"id":3130,"href":"https:\/\/site.ac-martinique.fr\/lyc-jeannecatayee\/index.php?rest_route=\/wp\/v2\/posts\/2832\/revisions\/3130"}],"wp:featuredmedia":[{"embeddable":true,"href":"https:\/\/site.ac-martinique.fr\/lyc-jeannecatayee\/index.php?rest_route=\/wp\/v2\/media\/2839"}],"wp:attachment":[{"href":"https:\/\/site.ac-martinique.fr\/lyc-jeannecatayee\/index.php?rest_route=%2Fwp%2Fv2%2Fmedia&parent=2832"}],"wp:term":[{"taxonomy":"category","embeddable":true,"href":"https:\/\/site.ac-martinique.fr\/lyc-jeannecatayee\/index.php?rest_route=%2Fwp%2Fv2%2Fcategories&post=2832"},{"taxonomy":"post_tag","embeddable":true,"href":"https:\/\/site.ac-martinique.fr\/lyc-jeannecatayee\/index.php?rest_route=%2Fwp%2Fv2%2Ftags&post=2832"}],"curies":[{"name":"wp","href":"https:\/\/api.w.org\/{rel}","templated":true}]}}