{"id":148,"date":"2021-07-12T08:44:07","date_gmt":"2021-07-12T12:44:07","guid":{"rendered":"https:\/\/site.ac-martinique.fr\/lyc-josephgaillard\/?p=148"},"modified":"2021-07-12T08:47:09","modified_gmt":"2021-07-12T12:47:09","slug":"uniforme-pour-la-rentree-scolaire-2021-2022","status":"publish","type":"post","link":"https:\/\/site.ac-martinique.fr\/lyc-josephgaillard\/?p=148","title":{"rendered":"Uniformes pour la rentr\u00e9e scolaire 2021-2022"},"content":{"rendered":"\n<h5 class=\"wp-block-heading\">Le conseil d&rsquo;administration, apr\u00e8s consultation du CVL (Conseil de Vie Lyc\u00e9enne) a valid\u00e9 des modifications dans le r\u00e8glement int\u00e9rieur de l&rsquo;\u00e9tablissement.<\/h5>\n\n\n\n<h5 class=\"wp-block-heading\">A compter de la rentr\u00e9e 2021, l&rsquo;une de ces modifications concerne la tenue vestimentaire:<\/h5>\n\n\n\n<h5 class=\"wp-block-heading\"><strong>En pr\u00e9bac :<\/strong>&nbsp;Polo beige avec logo noir<\/h5>\n\n\n\n<div class=\"wp-block-group\"><div class=\"wp-block-group__inner-container is-layout-flow wp-block-group-is-layout-flow\">\n<div class=\"wp-block-columns is-layout-flex wp-container-core-columns-is-layout-abceabcf wp-block-columns-is-layout-flex\">\n<div class=\"wp-block-column is-layout-flow wp-block-column-is-layout-flow\">\n<figure class=\"wp-block-image size-large is-resized\"><img loading=\"lazy\" decoding=\"async\" src=\"https:\/\/site.ac-martinique.fr\/lyc-josephgaillard\/wp-content\/uploads\/sites\/96\/2021\/07\/polo-femme-sable-logoNoir-916x1024.jpg\" alt=\"\" class=\"wp-image-165\" width=\"367\" height=\"410\" srcset=\"https:\/\/site.ac-martinique.fr\/lyc-josephgaillard\/wp-content\/uploads\/sites\/96\/2021\/07\/polo-femme-sable-logoNoir-916x1024.jpg 916w, https:\/\/site.ac-martinique.fr\/lyc-josephgaillard\/wp-content\/uploads\/sites\/96\/2021\/07\/polo-femme-sable-logoNoir-268x300.jpg 268w, https:\/\/site.ac-martinique.fr\/lyc-josephgaillard\/wp-content\/uploads\/sites\/96\/2021\/07\/polo-femme-sable-logoNoir-768x858.jpg 768w, https:\/\/site.ac-martinique.fr\/lyc-josephgaillard\/wp-content\/uploads\/sites\/96\/2021\/07\/polo-femme-sable-logoNoir.jpg 977w\" sizes=\"auto, (max-width: 367px) 100vw, 367px\" \/><\/figure>\n<\/div>\n\n\n\n<div class=\"wp-block-column is-layout-flow wp-block-column-is-layout-flow\">\n<figure class=\"wp-block-image size-large\"><img loading=\"lazy\" decoding=\"async\" width=\"1024\" height=\"1024\" src=\"https:\/\/site.ac-martinique.fr\/lyc-josephgaillard\/wp-content\/uploads\/sites\/96\/2021\/07\/polo-sable-homme-logoNoir-1024x1024.jpg\" alt=\"\" class=\"wp-image-166\" srcset=\"https:\/\/site.ac-martinique.fr\/lyc-josephgaillard\/wp-content\/uploads\/sites\/96\/2021\/07\/polo-sable-homme-logoNoir-1024x1024.jpg 1024w, https:\/\/site.ac-martinique.fr\/lyc-josephgaillard\/wp-content\/uploads\/sites\/96\/2021\/07\/polo-sable-homme-logoNoir-300x300.jpg 300w, https:\/\/site.ac-martinique.fr\/lyc-josephgaillard\/wp-content\/uploads\/sites\/96\/2021\/07\/polo-sable-homme-logoNoir-150x150.jpg 150w, https:\/\/site.ac-martinique.fr\/lyc-josephgaillard\/wp-content\/uploads\/sites\/96\/2021\/07\/polo-sable-homme-logoNoir-768x768.jpg 768w, https:\/\/site.ac-martinique.fr\/lyc-josephgaillard\/wp-content\/uploads\/sites\/96\/2021\/07\/polo-sable-homme-logoNoir-1536x1536.jpg 1536w, https:\/\/site.ac-martinique.fr\/lyc-josephgaillard\/wp-content\/uploads\/sites\/96\/2021\/07\/polo-sable-homme-logoNoir.jpg 1920w\" sizes=\"auto, (max-width: 1024px) 100vw, 1024px\" \/><\/figure>\n<\/div>\n<\/div>\n<\/div><\/div>\n\n\n\n<h5 class=\"wp-block-heading\"><strong>En postbac :<\/strong><strong>&nbsp;<\/strong>Chemise ou chemisier blanc avec logo de couleur<\/h5>\n\n\n\n<h5 class=\"wp-block-heading\"><\/h5>\n\n\n\n<div class=\"wp-block-columns is-layout-flex wp-container-core-columns-is-layout-abceabcf wp-block-columns-is-layout-flex\">\n<div class=\"wp-block-column is-layout-flow wp-block-column-is-layout-flow\">\n<figure class=\"wp-block-image size-large\"><img loading=\"lazy\" decoding=\"async\" width=\"916\" height=\"1024\" src=\"https:\/\/site.ac-martinique.fr\/lyc-josephgaillard\/wp-content\/uploads\/sites\/96\/2021\/07\/chemisier-blanc-logoCouleur-916x1024.jpg\" alt=\"\" class=\"wp-image-167\" srcset=\"https:\/\/site.ac-martinique.fr\/lyc-josephgaillard\/wp-content\/uploads\/sites\/96\/2021\/07\/chemisier-blanc-logoCouleur-916x1024.jpg 916w, https:\/\/site.ac-martinique.fr\/lyc-josephgaillard\/wp-content\/uploads\/sites\/96\/2021\/07\/chemisier-blanc-logoCouleur-268x300.jpg 268w, https:\/\/site.ac-martinique.fr\/lyc-josephgaillard\/wp-content\/uploads\/sites\/96\/2021\/07\/chemisier-blanc-logoCouleur-768x858.jpg 768w, https:\/\/site.ac-martinique.fr\/lyc-josephgaillard\/wp-content\/uploads\/sites\/96\/2021\/07\/chemisier-blanc-logoCouleur.jpg 977w\" sizes=\"auto, (max-width: 916px) 100vw, 916px\" \/><\/figure>\n<\/div>\n\n\n\n<div class=\"wp-block-column is-layout-flow wp-block-column-is-layout-flow\">\n<figure class=\"wp-block-image size-large\"><img loading=\"lazy\" decoding=\"async\" width=\"1024\" height=\"1024\" src=\"https:\/\/site.ac-martinique.fr\/lyc-josephgaillard\/wp-content\/uploads\/sites\/96\/2021\/07\/chemise-homme-logoCouleur-1024x1024.jpg\" alt=\"\" class=\"wp-image-168\" srcset=\"https:\/\/site.ac-martinique.fr\/lyc-josephgaillard\/wp-content\/uploads\/sites\/96\/2021\/07\/chemise-homme-logoCouleur-1024x1024.jpg 1024w, https:\/\/site.ac-martinique.fr\/lyc-josephgaillard\/wp-content\/uploads\/sites\/96\/2021\/07\/chemise-homme-logoCouleur-300x300.jpg 300w, https:\/\/site.ac-martinique.fr\/lyc-josephgaillard\/wp-content\/uploads\/sites\/96\/2021\/07\/chemise-homme-logoCouleur-150x150.jpg 150w, https:\/\/site.ac-martinique.fr\/lyc-josephgaillard\/wp-content\/uploads\/sites\/96\/2021\/07\/chemise-homme-logoCouleur-768x768.jpg 768w, https:\/\/site.ac-martinique.fr\/lyc-josephgaillard\/wp-content\/uploads\/sites\/96\/2021\/07\/chemise-homme-logoCouleur-1536x1536.jpg 1536w, https:\/\/site.ac-martinique.fr\/lyc-josephgaillard\/wp-content\/uploads\/sites\/96\/2021\/07\/chemise-homme-logoCouleur.jpg 1920w\" sizes=\"auto, (max-width: 1024px) 100vw, 1024px\" \/><\/figure>\n<\/div>\n<\/div>\n\n\n\n<h5 class=\"wp-block-heading\"><em>Les v\u00eatements d\u00e9j\u00e0 achet\u00e9s pourront \u00eatre utilis\u00e9s en y ajoutant par flocage le logo du lyc\u00e9e Joseph Gaillard (t\u00e9l\u00e9chargement possible en respectant la charte graphique)<\/em><\/h5>\n\n\n\n<div class=\"wp-block-file\"><a href=\"https:\/\/site.ac-martinique.fr\/lyc-josephgaillard\/wp-content\/uploads\/sites\/96\/2021\/07\/charte-graphique-JG.pdf\">charte-graphique-JG<\/a><a href=\"https:\/\/site.ac-martinique.fr\/lyc-josephgaillard\/wp-content\/uploads\/sites\/96\/2021\/07\/charte-graphique-JG.pdf\" class=\"wp-block-file__button\" download>T\u00e9l\u00e9charger<\/a><\/div>\n","protected":false},"excerpt":{"rendered":"<p>Le conseil d&rsquo;administration, apr\u00e8s consultation du CVL (Conseil de Vie Lyc\u00e9enne) a valid\u00e9 des modifications dans le r\u00e8glement int\u00e9rieur de l&rsquo;\u00e9tablissement. A compter de la rentr\u00e9e 2021, l&rsquo;une de ces modifications concerne la tenue vestimentaire: En pr\u00e9bac :&nbsp;Polo beige avec logo noir En postbac :&nbsp;Chemise ou chemisier blanc avec logo de couleur Les v\u00eatements d\u00e9j\u00e0 [&hellip;]<\/p>\n","protected":false},"author":246,"featured_media":11,"comment_status":"closed","ping_status":"closed","sticky":false,"template":"","format":"standard","meta":{"ocean_post_layout":"","ocean_both_sidebars_style":"","ocean_both_sidebars_content_width":0,"ocean_both_sidebars_sidebars_width":0,"ocean_sidebar":"","ocean_second_sidebar":"","ocean_disable_margins":"enable","ocean_add_body_class":"","ocean_shortcode_before_top_bar":"","ocean_shortcode_after_top_bar":"","ocean_shortcode_before_header":"","ocean_shortcode_after_header":"","ocean_has_shortcode":"","ocean_shortcode_after_title":"","ocean_shortcode_before_footer_widgets":"","ocean_shortcode_after_footer_widgets":"","ocean_shortcode_before_footer_bottom":"","ocean_shortcode_after_footer_bottom":"","ocean_display_top_bar":"default","ocean_display_header":"default","ocean_header_style":"","ocean_center_header_left_menu":"","ocean_custom_header_template":"","ocean_custom_logo":0,"ocean_custom_retina_logo":0,"ocean_custom_logo_max_width":0,"ocean_custom_logo_tablet_max_width":0,"ocean_custom_logo_mobile_max_width":0,"ocean_custom_logo_max_height":0,"ocean_custom_logo_tablet_max_height":0,"ocean_custom_logo_mobile_max_height":0,"ocean_header_custom_menu":"","ocean_menu_typo_font_family":"","ocean_menu_typo_font_subset":"","ocean_menu_typo_font_size":0,"ocean_menu_typo_font_size_tablet":0,"ocean_menu_typo_font_size_mobile":0,"ocean_menu_typo_font_size_unit":"px","ocean_menu_typo_font_weight":"","ocean_menu_typo_font_weight_tablet":"","ocean_menu_typo_font_weight_mobile":"","ocean_menu_typo_transform":"","ocean_menu_typo_transform_tablet":"","ocean_menu_typo_transform_mobile":"","ocean_menu_typo_line_height":0,"ocean_menu_typo_line_height_tablet":0,"ocean_menu_typo_line_height_mobile":0,"ocean_menu_typo_line_height_unit":"","ocean_menu_typo_spacing":0,"ocean_menu_typo_spacing_tablet":0,"ocean_menu_typo_spacing_mobile":0,"ocean_menu_typo_spacing_unit":"","ocean_menu_link_color":"","ocean_menu_link_color_hover":"","ocean_menu_link_color_active":"","ocean_menu_link_background":"","ocean_menu_link_hover_background":"","ocean_menu_link_active_background":"","ocean_menu_social_links_bg":"","ocean_menu_social_hover_links_bg":"","ocean_menu_social_links_color":"","ocean_menu_social_hover_links_color":"","ocean_disable_title":"default","ocean_disable_heading":"default","ocean_post_title":"","ocean_post_subheading":"","ocean_post_title_style":"","ocean_post_title_background_color":"","ocean_post_title_background":0,"ocean_post_title_bg_image_position":"","ocean_post_title_bg_image_attachment":"","ocean_post_title_bg_image_repeat":"","ocean_post_title_bg_image_size":"","ocean_post_title_height":0,"ocean_post_title_bg_overlay":0.5,"ocean_post_title_bg_overlay_color":"","ocean_disable_breadcrumbs":"default","ocean_breadcrumbs_color":"","ocean_breadcrumbs_separator_color":"","ocean_breadcrumbs_links_color":"","ocean_breadcrumbs_links_hover_color":"","ocean_display_footer_widgets":"default","ocean_display_footer_bottom":"default","ocean_custom_footer_template":"","ocean_post_oembed":"","ocean_post_self_hosted_media":"","ocean_post_video_embed":"","ocean_link_format":"","ocean_link_format_target":"self","ocean_quote_format":"","ocean_quote_format_link":"post","ocean_gallery_link_images":"on","ocean_gallery_id":[],"footnotes":""},"categories":[3,1],"tags":[],"class_list":["post-148","post","type-post","status-publish","format-standard","has-post-thumbnail","hentry","category-actualites","category-non-classe","entry","has-media"],"_links":{"self":[{"href":"https:\/\/site.ac-martinique.fr\/lyc-josephgaillard\/index.php?rest_route=\/wp\/v2\/posts\/148","targetHints":{"allow":["GET"]}}],"collection":[{"href":"https:\/\/site.ac-martinique.fr\/lyc-josephgaillard\/index.php?rest_route=\/wp\/v2\/posts"}],"about":[{"href":"https:\/\/site.ac-martinique.fr\/lyc-josephgaillard\/index.php?rest_route=\/wp\/v2\/types\/post"}],"author":[{"embeddable":true,"href":"https:\/\/site.ac-martinique.fr\/lyc-josephgaillard\/index.php?rest_route=\/wp\/v2\/users\/246"}],"replies":[{"embeddable":true,"href":"https:\/\/site.ac-martinique.fr\/lyc-josephgaillard\/index.php?rest_route=%2Fwp%2Fv2%2Fcomments&post=148"}],"version-history":[{"count":3,"href":"https:\/\/site.ac-martinique.fr\/lyc-josephgaillard\/index.php?rest_route=\/wp\/v2\/posts\/148\/revisions"}],"predecessor-version":[{"id":174,"href":"https:\/\/site.ac-martinique.fr\/lyc-josephgaillard\/index.php?rest_route=\/wp\/v2\/posts\/148\/revisions\/174"}],"wp:featuredmedia":[{"embeddable":true,"href":"https:\/\/site.ac-martinique.fr\/lyc-josephgaillard\/index.php?rest_route=\/wp\/v2\/media\/11"}],"wp:attachment":[{"href":"https:\/\/site.ac-martinique.fr\/lyc-josephgaillard\/index.php?rest_route=%2Fwp%2Fv2%2Fmedia&parent=148"}],"wp:term":[{"taxonomy":"category","embeddable":true,"href":"https:\/\/site.ac-martinique.fr\/lyc-josephgaillard\/index.php?rest_route=%2Fwp%2Fv2%2Fcategories&post=148"},{"taxonomy":"post_tag","embeddable":true,"href":"https:\/\/site.ac-martinique.fr\/lyc-josephgaillard\/index.php?rest_route=%2Fwp%2Fv2%2Ftags&post=148"}],"curies":[{"name":"wp","href":"https:\/\/api.w.org\/{rel}","templated":true}]}}