{"id":6576,"date":"2024-03-04T14:27:26","date_gmt":"2024-03-04T18:27:26","guid":{"rendered":"https:\/\/site.ac-martinique.fr\/lyc-josephzobel\/?p=6576"},"modified":"2024-03-04T14:27:26","modified_gmt":"2024-03-04T18:27:26","slug":"exposition-femmes-lumineuses","status":"publish","type":"post","link":"https:\/\/site.ac-martinique.fr\/lyc-josephzobel\/?p=6576","title":{"rendered":"Exposition \u00ab\u00a0Femmes lumineuses\u00a0\u00bb"},"content":{"rendered":"\n<p class=\"has-text-align-center\">Dans le cadre de la <strong>Journ\u00e9e Internationale des Droits des Femmes<\/strong>, l&rsquo;\u00e9quipe du CDI est tr\u00e8s heureuse d&rsquo;accueillir Madame <strong>Nathalie Couffe<\/strong>, artiste-peintre, <strong>ce vendredi 8 mars 2024.<\/strong><\/p>\n\n\n\n<figure class=\"wp-block-gallery has-nested-images columns-default is-cropped wp-block-gallery-1 is-layout-flex wp-block-gallery-is-layout-flex\">\n<figure class=\"wp-block-image size-large\"><a href=\"https:\/\/site.ac-martinique.fr\/lyc-josephzobel\/wp-content\/uploads\/sites\/37\/2024\/03\/IMG-20240209-WA00051.jpg\"><img loading=\"lazy\" decoding=\"async\" width=\"768\" height=\"1024\" data-id=\"6577\" src=\"https:\/\/site.ac-martinique.fr\/lyc-josephzobel\/wp-content\/uploads\/sites\/37\/2024\/03\/IMG-20240209-WA00051-768x1024.jpg\" alt=\"\" class=\"wp-image-6577\" srcset=\"https:\/\/site.ac-martinique.fr\/lyc-josephzobel\/wp-content\/uploads\/sites\/37\/2024\/03\/IMG-20240209-WA00051-768x1024.jpg 768w, https:\/\/site.ac-martinique.fr\/lyc-josephzobel\/wp-content\/uploads\/sites\/37\/2024\/03\/IMG-20240209-WA00051-225x300.jpg 225w, https:\/\/site.ac-martinique.fr\/lyc-josephzobel\/wp-content\/uploads\/sites\/37\/2024\/03\/IMG-20240209-WA00051-1152x1536.jpg 1152w, https:\/\/site.ac-martinique.fr\/lyc-josephzobel\/wp-content\/uploads\/sites\/37\/2024\/03\/IMG-20240209-WA00051.jpg 1200w\" sizes=\"auto, (max-width: 768px) 100vw, 768px\" \/><\/a><figcaption class=\"wp-element-caption\">Lespeinturesdusoleil<\/figcaption><\/figure>\n<\/figure>\n\n\n\n<p class=\"has-text-align-center\">Cette exposition se tiendra <strong>salle D205<\/strong> (contig\u00fce \u00e0 la salle de restauration), entre <strong>8h30 et 14h00<\/strong>.<\/p>\n\n\n\n<p class=\"has-medium-font-size\">Tous les membres de la communaut\u00e9 sont cordialement invit\u00e9s, avec ou sans \u00e9l\u00e8ves, en matin\u00e9e ou sur la pause m\u00e9ridienne, \u00e0 d\u00e9couvrir l&rsquo;univers cr\u00e9atif de cette artiste autodidacte.<\/p>\n\n\n\n<figure class=\"wp-block-image size-full is-resized\"><a href=\"https:\/\/site.ac-martinique.fr\/lyc-josephzobel\/wp-content\/uploads\/sites\/37\/2024\/03\/IMG-20231217-WA00051.jpg\"><img loading=\"lazy\" decoding=\"async\" width=\"768\" height=\"768\" src=\"https:\/\/site.ac-martinique.fr\/lyc-josephzobel\/wp-content\/uploads\/sites\/37\/2024\/03\/IMG-20231217-WA00051-edited.jpg\" alt=\"\" class=\"wp-image-6580\" style=\"width:839px;height:auto\" srcset=\"https:\/\/site.ac-martinique.fr\/lyc-josephzobel\/wp-content\/uploads\/sites\/37\/2024\/03\/IMG-20231217-WA00051-edited.jpg 768w, https:\/\/site.ac-martinique.fr\/lyc-josephzobel\/wp-content\/uploads\/sites\/37\/2024\/03\/IMG-20231217-WA00051-edited-300x300.jpg 300w, https:\/\/site.ac-martinique.fr\/lyc-josephzobel\/wp-content\/uploads\/sites\/37\/2024\/03\/IMG-20231217-WA00051-edited-150x150.jpg 150w\" sizes=\"auto, (max-width: 768px) 100vw, 768px\" \/><\/a><\/figure>\n\n\n\n<p class=\"has-text-align-center has-medium-font-size\">Venez nombreuses et nombreux admirer ses oeuvres et \u00e9changer avec Mme Nathalie Couffe &#8230;<\/p>\n","protected":false},"excerpt":{"rendered":"<p>Dans le cadre de la Journ\u00e9e Internationale des Droits des Femmes, l&rsquo;\u00e9quipe du CDI est tr\u00e8s heureuse d&rsquo;accueillir Madame Nathalie Couffe, artiste-peintre, ce vendredi 8 mars 2024. Cette exposition se tiendra salle D205 (contig\u00fce \u00e0 la salle de restauration), entre 8h30 et 14h00. Tous les membres de la communaut\u00e9 sont cordialement invit\u00e9s, avec ou sans [&hellip;]<\/p>\n","protected":false},"author":494,"featured_media":6582,"comment_status":"closed","ping_status":"open","sticky":false,"template":"","format":"standard","meta":{"pagelayer_contact_templates":[],"_pagelayer_content":"","footnotes":""},"categories":[56,47],"tags":[],"class_list":["post-6576","post","type-post","status-publish","format-standard","has-post-thumbnail","hentry","category-cdi","category-evenement-ephemere"],"_links":{"self":[{"href":"https:\/\/site.ac-martinique.fr\/lyc-josephzobel\/index.php?rest_route=\/wp\/v2\/posts\/6576","targetHints":{"allow":["GET"]}}],"collection":[{"href":"https:\/\/site.ac-martinique.fr\/lyc-josephzobel\/index.php?rest_route=\/wp\/v2\/posts"}],"about":[{"href":"https:\/\/site.ac-martinique.fr\/lyc-josephzobel\/index.php?rest_route=\/wp\/v2\/types\/post"}],"author":[{"embeddable":true,"href":"https:\/\/site.ac-martinique.fr\/lyc-josephzobel\/index.php?rest_route=\/wp\/v2\/users\/494"}],"replies":[{"embeddable":true,"href":"https:\/\/site.ac-martinique.fr\/lyc-josephzobel\/index.php?rest_route=%2Fwp%2Fv2%2Fcomments&post=6576"}],"version-history":[{"count":2,"href":"https:\/\/site.ac-martinique.fr\/lyc-josephzobel\/index.php?rest_route=\/wp\/v2\/posts\/6576\/revisions"}],"predecessor-version":[{"id":6583,"href":"https:\/\/site.ac-martinique.fr\/lyc-josephzobel\/index.php?rest_route=\/wp\/v2\/posts\/6576\/revisions\/6583"}],"wp:featuredmedia":[{"embeddable":true,"href":"https:\/\/site.ac-martinique.fr\/lyc-josephzobel\/index.php?rest_route=\/wp\/v2\/media\/6582"}],"wp:attachment":[{"href":"https:\/\/site.ac-martinique.fr\/lyc-josephzobel\/index.php?rest_route=%2Fwp%2Fv2%2Fmedia&parent=6576"}],"wp:term":[{"taxonomy":"category","embeddable":true,"href":"https:\/\/site.ac-martinique.fr\/lyc-josephzobel\/index.php?rest_route=%2Fwp%2Fv2%2Fcategories&post=6576"},{"taxonomy":"post_tag","embeddable":true,"href":"https:\/\/site.ac-martinique.fr\/lyc-josephzobel\/index.php?rest_route=%2Fwp%2Fv2%2Ftags&post=6576"}],"curies":[{"name":"wp","href":"https:\/\/api.w.org\/{rel}","templated":true}]}}