{"id":6897,"date":"2024-05-02T11:29:23","date_gmt":"2024-05-02T15:29:23","guid":{"rendered":"https:\/\/site.ac-martinique.fr\/lyc-josephzobel\/?p=6897"},"modified":"2024-05-02T11:29:24","modified_gmt":"2024-05-02T15:29:24","slug":"atelier-pedagogique-et-culturel-expression-orale-en-anglais-pilote-par-madame-jeanne-et-madame-betzi","status":"publish","type":"post","link":"https:\/\/site.ac-martinique.fr\/lyc-josephzobel\/?p=6897","title":{"rendered":"Atelier p\u00e9dagogique et culturel expression orale en Anglais, pilot\u00e9 par Madame JEANNE et Madame BETZI"},"content":{"rendered":"\n<p>Nos \u00e9l\u00e8ves \u00e9voluent dans un bassin carib\u00e9en o\u00f9 l\u2019anglais est pr\u00e9pond\u00e9rant.<\/p>\n\n\n\n<p>Nombre d\u2019entre eux manquent de pratique au quotidien mais sont tr\u00e8s anglophiles.<\/p>\n\n\n\n<p>Lors du passage dans notre \u00e9tablissement d\u2019un groupe d\u2019\u00e9l\u00e8ves du Saint Joseph Convent de Sainte-Lucie, le lundi 5 f\u00e9vrier 2024, les classes qui ont eu l\u2019opportunit\u00e9 d\u2019accueillir ces \u00e9l\u00e8ves pour 1 heure ont \u00e9norm\u00e9ment appr\u00e9ci\u00e9 l\u2019initiative et souhaitent p\u00e9renniser l\u2019op\u00e9ration. Un partenariat avec le Saint Joseph Convent est en cours d\u2019\u00e9laboration. Beaucoup d\u2019autres \u00e9l\u00e8ves de notre lyc\u00e9e qui n\u2019ont pu participer au dispositif ont \u00e9t\u00e9 frustr\u00e9s.&nbsp;&nbsp;&nbsp;&nbsp;&nbsp;&nbsp;&nbsp;&nbsp;&nbsp;&nbsp;&nbsp;&nbsp;&nbsp;&nbsp;&nbsp;&nbsp;&nbsp;&nbsp;<\/p>\n\n\n\n<p>D\u2019o\u00f9 l\u2019id\u00e9e de la cr\u00e9ation d\u2019un atelier d\u2019expression orale en anglais, anim\u00e9 par des enseignants d\u2019anglais de notre lyc\u00e9e, en collaboration avec des intervenants ext\u00e9rieurs anglophones (en pr\u00e9sentiel ou en distanciel), sur des th\u00e9matiques qui sont ch\u00e8res \u00e0 nos \u00e9l\u00e8ves, sur la pause m\u00e9ridienne. L\u2019aspect culturel sera mis en exergue lors des \u00e9changes.<\/p>\n\n\n\n<p>La premi\u00e8re s\u00e9ance a eu lieu lundi 4 mars 2024, de 13H \u00e0 14H.<\/p>\n\n\n\n<p>Ce projet, men\u00e9 en \u00e9troite collaboration avec le professeur-documentaliste Mme Jeanne a permis d&rsquo;accueillir l&rsquo;assistante documentaliste, bilingue, originaire du Sri Lanka, lors de la s\u00e9ance d&rsquo;ouverture. Les \u00e9l\u00e8ves, au nombre de 12, ont eu un \u00e9change fructueux avec cette derni\u00e8re. Ils ont \u00e9t\u00e9 ravis de d\u00e9couvrir les traditions et les coutumes Sri lankaises ainsi que les temps forts de l&rsquo;activit\u00e9 professionnelle pr\u00e9c\u00e9dente de l&rsquo;intervenante, qui \u00e9tait infirmi\u00e8re sur convoi humanitaire en zone de guerre.<\/p>\n\n\n\n<p>La 2e s\u00e9ance a eu lieu le jeudi 11 avril, avec la venue dans notre \u00e9tablissement de Caroline POPOVIC, journaliste-reporter \u00e0 Martinique la 1\u00e8re qui a \u00e9chang\u00e9 pendant enti\u00e8rement en anglais avec les \u00e9l\u00e8ves.<\/p>\n\n\n\n<p>L&rsquo;atelier d&rsquo;expression orale en anglais pr\u00e9voit la venue d&rsquo;autres intervenants anglophones dans les semaines \u00e0 venir.<\/p>\n\n\n\n<p>Ces visites et \u00e9changes seront organis\u00e9s sous la houlette du professeur documentaliste, Mme Jeanne.<\/p>\n","protected":false},"excerpt":{"rendered":"<p>Nos \u00e9l\u00e8ves \u00e9voluent dans un bassin carib\u00e9en o\u00f9 l\u2019anglais est pr\u00e9pond\u00e9rant. Nombre d\u2019entre eux manquent de pratique au quotidien mais sont tr\u00e8s anglophiles. Lors du passage dans notre \u00e9tablissement d\u2019un groupe d\u2019\u00e9l\u00e8ves du Saint Joseph Convent de Sainte-Lucie, le lundi 5 f\u00e9vrier 2024, les classes qui ont eu l\u2019opportunit\u00e9 d\u2019accueillir ces \u00e9l\u00e8ves pour 1 heure [&hellip;]<\/p>\n","protected":false},"author":510,"featured_media":6901,"comment_status":"closed","ping_status":"open","sticky":false,"template":"","format":"standard","meta":{"pagelayer_contact_templates":[],"_pagelayer_content":"","footnotes":""},"categories":[61],"tags":[],"class_list":["post-6897","post","type-post","status-publish","format-standard","has-post-thumbnail","hentry","category-infos-formations"],"_links":{"self":[{"href":"https:\/\/site.ac-martinique.fr\/lyc-josephzobel\/index.php?rest_route=\/wp\/v2\/posts\/6897","targetHints":{"allow":["GET"]}}],"collection":[{"href":"https:\/\/site.ac-martinique.fr\/lyc-josephzobel\/index.php?rest_route=\/wp\/v2\/posts"}],"about":[{"href":"https:\/\/site.ac-martinique.fr\/lyc-josephzobel\/index.php?rest_route=\/wp\/v2\/types\/post"}],"author":[{"embeddable":true,"href":"https:\/\/site.ac-martinique.fr\/lyc-josephzobel\/index.php?rest_route=\/wp\/v2\/users\/510"}],"replies":[{"embeddable":true,"href":"https:\/\/site.ac-martinique.fr\/lyc-josephzobel\/index.php?rest_route=%2Fwp%2Fv2%2Fcomments&post=6897"}],"version-history":[{"count":1,"href":"https:\/\/site.ac-martinique.fr\/lyc-josephzobel\/index.php?rest_route=\/wp\/v2\/posts\/6897\/revisions"}],"predecessor-version":[{"id":6902,"href":"https:\/\/site.ac-martinique.fr\/lyc-josephzobel\/index.php?rest_route=\/wp\/v2\/posts\/6897\/revisions\/6902"}],"wp:featuredmedia":[{"embeddable":true,"href":"https:\/\/site.ac-martinique.fr\/lyc-josephzobel\/index.php?rest_route=\/wp\/v2\/media\/6901"}],"wp:attachment":[{"href":"https:\/\/site.ac-martinique.fr\/lyc-josephzobel\/index.php?rest_route=%2Fwp%2Fv2%2Fmedia&parent=6897"}],"wp:term":[{"taxonomy":"category","embeddable":true,"href":"https:\/\/site.ac-martinique.fr\/lyc-josephzobel\/index.php?rest_route=%2Fwp%2Fv2%2Fcategories&post=6897"},{"taxonomy":"post_tag","embeddable":true,"href":"https:\/\/site.ac-martinique.fr\/lyc-josephzobel\/index.php?rest_route=%2Fwp%2Fv2%2Ftags&post=6897"}],"curies":[{"name":"wp","href":"https:\/\/api.w.org\/{rel}","templated":true}]}}