{"id":8457,"date":"2026-04-23T09:34:11","date_gmt":"2026-04-23T13:34:11","guid":{"rendered":"https:\/\/site.ac-martinique.fr\/lyc-josephzobel\/?p=8457"},"modified":"2026-04-23T09:34:11","modified_gmt":"2026-04-23T13:34:11","slug":"post-conference-aerien-bassin-antilles-guyane","status":"publish","type":"post","link":"https:\/\/site.ac-martinique.fr\/lyc-josephzobel\/?p=8457","title":{"rendered":"POST-CONF\u00c9RENCE A\u00c9RIEN BASSIN ANTILLES-GUYANE"},"content":{"rendered":"\n<p>La Conf\u00e9rence de l\u2019A\u00e9rien Bassin Antilles-Guyane : \u00ab Ensemble augmentons notre connectivit\u00e9 \u00bb, qui s&rsquo;est tenue les 23 et 24 octobre en Guyane.<\/p>\n\n\n\n<p>J&rsquo;ai eu l&rsquo;opportunit\u00e9 d&rsquo;intervenir \u00e0 la Table Ronde n\u00b04 en abordant deux points majeurs, soulignant l&rsquo;engagement de notre \u00e9tablissement dans l&rsquo;innovation p\u00e9dagogique et le d\u00e9veloppement de partenariats strat\u00e9giques :<\/p>\n\n\n\n<p class=\"has-vivid-cyan-blue-color has-text-color has-link-color wp-elements-1cc9301f5936acdb7972f23966ba2822 tw-block-animation tw-animation-fade-in tw-duration-4\"><strong>Passerelles entre Formations et Socle Commun :<\/strong><\/p>\n\n\n\n<ul class=\"wp-block-list\">\n<li>J&rsquo;ai pr\u00e9sent\u00e9 l&rsquo;exp\u00e9rimentation en cours avec notre \u00e9tudiant en BTS, incluant ses P\u00e9riodes de Formation en Milieu Professionnel (PFMP) et son \u00e9tude de cas sur des probl\u00e9matiques li\u00e9es aux syst\u00e8mes de la maintenance a\u00e9ronautique ;<\/li>\n<\/ul>\n\n\n\n<ul class=\"wp-block-list\">\n<li>Cette initiative, fruit d&rsquo;une volont\u00e9 collective entre l&rsquo;\u00e9quipe p\u00e9dagogique et l&rsquo;entreprise partenaire, vise \u00e0 identifier des comp\u00e9tences m\u00e9tiers transf\u00e9rables essentielles au secteur a\u00e9ronautique.<\/li>\n<\/ul>\n\n\n\n<p class=\"has-vivid-cyan-blue-color has-text-color has-link-color wp-elements-077883eb2cee1e532a15e8f149ac4746\"><strong>Les Partenariats Internationaux :<\/strong><\/p>\n\n\n\n<ul class=\"wp-block-list\">\n<li>J&rsquo;ai contextualis\u00e9 notre d\u00e9marche de partenariat avec le \u00ab CMU \u00bb qui repose sur une strat\u00e9gie p\u00e9dagogique similaire \u00e0 celle propos\u00e9e pour l&rsquo;a\u00e9ronautique ;<\/li>\n<\/ul>\n\n\n\n<ul class=\"wp-block-list\">\n<li>Ce partenariat inclut la validation de comp\u00e9tences en m\u00e9catronique appliqu\u00e9es \u00e0 la maintenance maritime en anglais, reconnues OMI (Organisation Maritime Internationale) ;<\/li>\n<\/ul>\n\n\n\n<ul class=\"wp-block-list\">\n<li>Nous pr\u00e9voyons un voyage d&rsquo;\u00e9tude de 15 jours en juin 2026 pour 4 \u00e9tudiants et 2 professeurs, visant \u00e0 acqu\u00e9rir des comp\u00e9tences techniques pr\u00e9alablement d\u00e9finies par les \u00e9quipes p\u00e9dagogiques.<\/li>\n<\/ul>\n\n\n\n<p class=\"has-vivid-red-color has-text-color has-link-color wp-elements-a25d32308f60bf082a7b652c66b75ed0\"><strong>Conclusion et Impact<\/strong><\/p>\n\n\n\n<p>Notre participation \u00e0 ce colloque, et aux pr\u00e9c\u00e9dents, confirme que notre \u00e9tablissement est d\u00e9sormais identifi\u00e9 comme un acteur incontournable et reconnu dans le domaine de la maintenance (tous domaines confondus) au sein du Bassin Antilles-Guyane.<\/p>\n\n\n\n<p>Je remercie vivement les coll\u00e8gues qui se sont connect\u00e9s pour suivre les d\u00e9bats et ainsi t\u00e9moigner de l&rsquo;int\u00e9r\u00eat port\u00e9 \u00e0 ces sujets cruciaux pour l&rsquo;avenir de nos fili\u00e8res, pour lesquelles il faudra faire preuve de grande flexibilit\u00e9 et de r\u00e9activit\u00e9 p\u00e9dagogique.<\/p>\n\n\n\n<p class=\"has-text-align-right\"><strong><em>Merci \u00e0 Monsieur R\u00c9MISSE Olivier pour la r\u00e9daction.<\/em><\/strong><\/p>\n\n\n\n<p><\/p>\n","protected":false},"excerpt":{"rendered":"<p>La Conf\u00e9rence de l\u2019A\u00e9rien Bassin Antilles-Guyane : \u00ab Ensemble augmentons notre connectivit\u00e9 \u00bb, qui s&rsquo;est tenue les 23 et 24 octobre en Guyane. J&rsquo;ai eu l&rsquo;opportunit\u00e9 d&rsquo;intervenir \u00e0 la Table Ronde n\u00b04 en abordant deux points majeurs, soulignant l&rsquo;engagement de notre \u00e9tablissement dans l&rsquo;innovation p\u00e9dagogique et le d\u00e9veloppement de partenariats strat\u00e9giques : Passerelles entre Formations [&hellip;]<\/p>\n","protected":false},"author":525,"featured_media":8458,"comment_status":"closed","ping_status":"open","sticky":false,"template":"","format":"standard","meta":{"pagelayer_contact_templates":[],"_pagelayer_content":"","footnotes":""},"categories":[54,1],"tags":[],"class_list":["post-8457","post","type-post","status-publish","format-standard","has-post-thumbnail","hentry","category-information-importante","category-non-classe"],"_links":{"self":[{"href":"https:\/\/site.ac-martinique.fr\/lyc-josephzobel\/index.php?rest_route=\/wp\/v2\/posts\/8457","targetHints":{"allow":["GET"]}}],"collection":[{"href":"https:\/\/site.ac-martinique.fr\/lyc-josephzobel\/index.php?rest_route=\/wp\/v2\/posts"}],"about":[{"href":"https:\/\/site.ac-martinique.fr\/lyc-josephzobel\/index.php?rest_route=\/wp\/v2\/types\/post"}],"author":[{"embeddable":true,"href":"https:\/\/site.ac-martinique.fr\/lyc-josephzobel\/index.php?rest_route=\/wp\/v2\/users\/525"}],"replies":[{"embeddable":true,"href":"https:\/\/site.ac-martinique.fr\/lyc-josephzobel\/index.php?rest_route=%2Fwp%2Fv2%2Fcomments&post=8457"}],"version-history":[{"count":1,"href":"https:\/\/site.ac-martinique.fr\/lyc-josephzobel\/index.php?rest_route=\/wp\/v2\/posts\/8457\/revisions"}],"predecessor-version":[{"id":8459,"href":"https:\/\/site.ac-martinique.fr\/lyc-josephzobel\/index.php?rest_route=\/wp\/v2\/posts\/8457\/revisions\/8459"}],"wp:featuredmedia":[{"embeddable":true,"href":"https:\/\/site.ac-martinique.fr\/lyc-josephzobel\/index.php?rest_route=\/wp\/v2\/media\/8458"}],"wp:attachment":[{"href":"https:\/\/site.ac-martinique.fr\/lyc-josephzobel\/index.php?rest_route=%2Fwp%2Fv2%2Fmedia&parent=8457"}],"wp:term":[{"taxonomy":"category","embeddable":true,"href":"https:\/\/site.ac-martinique.fr\/lyc-josephzobel\/index.php?rest_route=%2Fwp%2Fv2%2Fcategories&post=8457"},{"taxonomy":"post_tag","embeddable":true,"href":"https:\/\/site.ac-martinique.fr\/lyc-josephzobel\/index.php?rest_route=%2Fwp%2Fv2%2Ftags&post=8457"}],"curies":[{"name":"wp","href":"https:\/\/api.w.org\/{rel}","templated":true}]}}