{"id":8460,"date":"2026-04-23T09:58:51","date_gmt":"2026-04-23T13:58:51","guid":{"rendered":"https:\/\/site.ac-martinique.fr\/lyc-josephzobel\/?p=8460"},"modified":"2026-04-23T09:58:51","modified_gmt":"2026-04-23T13:58:51","slug":"ceremonie-republicaine","status":"publish","type":"post","link":"https:\/\/site.ac-martinique.fr\/lyc-josephzobel\/?p=8460","title":{"rendered":"C\u00c9R\u00c9MONIE R\u00c9PUBLICAINE"},"content":{"rendered":"\n<p>Le vendredi 14 novembre 2025, la c\u00e9r\u00e9monie r\u00e9publicaine a eu lieu au lyc\u00e9e en H-100.<\/p>\n\n\n\n<p>Les \u00e9l\u00e8ves de 3\u00e8me Pr\u00e9pa-m\u00e9tiers de la promotion 2024-2025 ont \u00e9t\u00e9 re\u00e7u dans le cadre la c\u00e9r\u00e9monie r\u00e9publicaine de remise des dipl\u00f4mes. Il s\u2019agissait de leur t\u00e9moigner de notre satisfaction en leur remettant de fa\u00e7on solennelle le CFG (certificat de formation g\u00e9n\u00e9rale) et leur DNB professionnelle.<\/p>\n\n\n\n<p>Il est regrettable que peu d\u2019\u00e9l\u00e8ves se soient d\u00e9plac\u00e9s pour honorer ce moment.<\/p>\n\n\n\n<p>Certains sont encore pr\u00e9sents dans notre \u00e9tablissement dans le cadre de la poursuite de leur formation et d\u2019autres sont dans d\u2019autres lyc\u00e9es professionnels. En peu de mois, il est frappant de voir comment les visages ont d\u00e9j\u00e0 \u00e9volu\u00e9. Les \u00e9l\u00e8ves pr\u00e9sents nous ont fait part de leurs ressentis pour l\u2019obtention de leurs dipl\u00f4mes. Les parents avaient une satisfaction tr\u00e8s fortement lisible sur leur visage. Les deux professeurs pr\u00e9sents dont le professeur principal de cette promotion ont remis aux \u00e9l\u00e8ves leurs dipl\u00f4mes avec un sourire qui montrait \u00e0 la fois la satisfaction et le soulagement car cette ann\u00e9e scolaire n\u2019avait pas \u00e9t\u00e9 un long fleuve tranquille. Les \u00e9l\u00e8ves ont \u00e9galement fait part de leur formation actuelle et ont montr\u00e9 qu\u2019ils en \u00e9taient pleinement satisfaits.<\/p>\n\n\n\n<p>La c\u00e9r\u00e9monie s\u2019est termin\u00e9e autour de jus, de g\u00e2teaux et de pizzas apr\u00e8s avoir encore remerci\u00e9 les parents et les \u00e9quipes p\u00e9dagogiques pour l\u2019accompagnement.<\/p>\n\n\n\n<p>Sur 12 \u00e9l\u00e8ves, 2 ont eu une mention TB et 2 autres \u00e9l\u00e8ves ont eu une mention AB au DNB professionnel.<\/p>\n\n\n\n<figure class=\"wp-block-image size-full is-style-tw-rounded-corners\"><a href=\"https:\/\/site.ac-martinique.fr\/lyc-josephzobel\/wp-content\/uploads\/sites\/37\/2026\/04\/Capture-decran-2026-04-23-095715.png\"><img loading=\"lazy\" decoding=\"async\" width=\"398\" height=\"292\" src=\"https:\/\/site.ac-martinique.fr\/lyc-josephzobel\/wp-content\/uploads\/sites\/37\/2026\/04\/Capture-decran-2026-04-23-095715.png\" alt=\"\" class=\"wp-image-8461\" srcset=\"https:\/\/site.ac-martinique.fr\/lyc-josephzobel\/wp-content\/uploads\/sites\/37\/2026\/04\/Capture-decran-2026-04-23-095715.png 398w, https:\/\/site.ac-martinique.fr\/lyc-josephzobel\/wp-content\/uploads\/sites\/37\/2026\/04\/Capture-decran-2026-04-23-095715-300x220.png 300w\" sizes=\"auto, (max-width: 398px) 100vw, 398px\" \/><\/a><figcaption class=\"wp-element-caption\"><strong><em>Mme ALLEXEANDER Myriam,<\/em><\/strong><em> ancienne Professeure Principale de la 3\u00e8me Pr\u00e9pa-M\u00e9tier, <\/em><strong><em>M. DA-ROS MAIXANT Philippe<\/em><\/strong><em>, Professeur de SVT et <\/em><strong><em>Mme MARIE-JEANNE Guetty,<\/em><\/strong><em> Proviseure Adjointe.<\/em><\/figcaption><\/figure>\n","protected":false},"excerpt":{"rendered":"<p>Le vendredi 14 novembre 2025, la c\u00e9r\u00e9monie r\u00e9publicaine a eu lieu au lyc\u00e9e en H-100. Les \u00e9l\u00e8ves de 3\u00e8me Pr\u00e9pa-m\u00e9tiers de la promotion 2024-2025 ont \u00e9t\u00e9 re\u00e7u dans le cadre la c\u00e9r\u00e9monie r\u00e9publicaine de remise des dipl\u00f4mes. Il s\u2019agissait de leur t\u00e9moigner de notre satisfaction en leur remettant de fa\u00e7on solennelle le CFG (certificat de [&hellip;]<\/p>\n","protected":false},"author":525,"featured_media":8462,"comment_status":"closed","ping_status":"open","sticky":false,"template":"","format":"standard","meta":{"pagelayer_contact_templates":[],"_pagelayer_content":"","footnotes":""},"categories":[40,1],"tags":[],"class_list":["post-8460","post","type-post","status-publish","format-standard","has-post-thumbnail","hentry","category-3eme-prepa","category-non-classe"],"_links":{"self":[{"href":"https:\/\/site.ac-martinique.fr\/lyc-josephzobel\/index.php?rest_route=\/wp\/v2\/posts\/8460","targetHints":{"allow":["GET"]}}],"collection":[{"href":"https:\/\/site.ac-martinique.fr\/lyc-josephzobel\/index.php?rest_route=\/wp\/v2\/posts"}],"about":[{"href":"https:\/\/site.ac-martinique.fr\/lyc-josephzobel\/index.php?rest_route=\/wp\/v2\/types\/post"}],"author":[{"embeddable":true,"href":"https:\/\/site.ac-martinique.fr\/lyc-josephzobel\/index.php?rest_route=\/wp\/v2\/users\/525"}],"replies":[{"embeddable":true,"href":"https:\/\/site.ac-martinique.fr\/lyc-josephzobel\/index.php?rest_route=%2Fwp%2Fv2%2Fcomments&post=8460"}],"version-history":[{"count":1,"href":"https:\/\/site.ac-martinique.fr\/lyc-josephzobel\/index.php?rest_route=\/wp\/v2\/posts\/8460\/revisions"}],"predecessor-version":[{"id":8463,"href":"https:\/\/site.ac-martinique.fr\/lyc-josephzobel\/index.php?rest_route=\/wp\/v2\/posts\/8460\/revisions\/8463"}],"wp:featuredmedia":[{"embeddable":true,"href":"https:\/\/site.ac-martinique.fr\/lyc-josephzobel\/index.php?rest_route=\/wp\/v2\/media\/8462"}],"wp:attachment":[{"href":"https:\/\/site.ac-martinique.fr\/lyc-josephzobel\/index.php?rest_route=%2Fwp%2Fv2%2Fmedia&parent=8460"}],"wp:term":[{"taxonomy":"category","embeddable":true,"href":"https:\/\/site.ac-martinique.fr\/lyc-josephzobel\/index.php?rest_route=%2Fwp%2Fv2%2Fcategories&post=8460"},{"taxonomy":"post_tag","embeddable":true,"href":"https:\/\/site.ac-martinique.fr\/lyc-josephzobel\/index.php?rest_route=%2Fwp%2Fv2%2Ftags&post=8460"}],"curies":[{"name":"wp","href":"https:\/\/api.w.org\/{rel}","templated":true}]}}