{"id":8464,"date":"2026-04-23T10:43:14","date_gmt":"2026-04-23T14:43:14","guid":{"rendered":"https:\/\/site.ac-martinique.fr\/lyc-josephzobel\/?p=8464"},"modified":"2026-04-23T10:43:44","modified_gmt":"2026-04-23T14:43:44","slug":"8464","status":"publish","type":"post","link":"https:\/\/site.ac-martinique.fr\/lyc-josephzobel\/?p=8464","title":{"rendered":"RENCONTRE EN DROIT"},"content":{"rendered":"\n<div class=\"wp-block-group is-nowrap is-layout-flex wp-container-core-group-is-layout-ad2f72ca wp-block-group-is-layout-flex\">\n<p>Ce jeudi 06 novembre 2025, dans notre lyc\u00e9e, les \u00e9l\u00e8ves de la DGEMC (Droits et Grands Enjeux du Monde Contemporain) ont eu l\u2019opportunit\u00e9 de rencontrer deux avocats du cabinet \u201c<strong>CARETO<\/strong>\u201d.<\/p>\n\n\n\n<figure class=\"wp-block-image size-large is-style-tw-rounded-corners\"><a href=\"https:\/\/site.ac-martinique.fr\/lyc-josephzobel\/wp-content\/uploads\/sites\/37\/2026\/04\/20251106_145311-scaled.jpg\"><img loading=\"lazy\" decoding=\"async\" width=\"1024\" height=\"768\" src=\"https:\/\/site.ac-martinique.fr\/lyc-josephzobel\/wp-content\/uploads\/sites\/37\/2026\/04\/20251106_145311-1024x768.jpg\" alt=\"\" class=\"wp-image-8465\" srcset=\"https:\/\/site.ac-martinique.fr\/lyc-josephzobel\/wp-content\/uploads\/sites\/37\/2026\/04\/20251106_145311-1024x768.jpg 1024w, https:\/\/site.ac-martinique.fr\/lyc-josephzobel\/wp-content\/uploads\/sites\/37\/2026\/04\/20251106_145311-300x225.jpg 300w, https:\/\/site.ac-martinique.fr\/lyc-josephzobel\/wp-content\/uploads\/sites\/37\/2026\/04\/20251106_145311-768x576.jpg 768w, https:\/\/site.ac-martinique.fr\/lyc-josephzobel\/wp-content\/uploads\/sites\/37\/2026\/04\/20251106_145311-1536x1152.jpg 1536w, https:\/\/site.ac-martinique.fr\/lyc-josephzobel\/wp-content\/uploads\/sites\/37\/2026\/04\/20251106_145311-2048x1536.jpg 2048w\" sizes=\"auto, (max-width: 1024px) 100vw, 1024px\" \/><\/a><figcaption class=\"wp-element-caption\"><em><strong>Monsieur Mo\u00efse CARETO<\/strong> et <strong>Madame Sara CARETO<\/strong>, tous deux avocats.<\/em><\/figcaption><\/figure>\n<\/div>\n\n\n\n<p>Deux \u00e2ges, deux parcours diff\u00e9rents.<\/p>\n\n\n\n<p>Ils ont r\u00e9pondu \u00e0 toutes les questions des \u00e9l\u00e8ves avec franchise. Gr\u00e2ce \u00e0 cet \u00e9change, les \u00e9l\u00e8ves ont approfondi et mieux compris les r\u00e9alit\u00e9s du travail d\u2019avocat. De nouveaux aspects du droit ont \u00e9t\u00e9 mis en exergue.<\/p>\n\n\n\n<figure class=\"wp-block-image size-large\"><a href=\"https:\/\/site.ac-martinique.fr\/lyc-josephzobel\/wp-content\/uploads\/sites\/37\/2026\/04\/Capture-decran-2026-04-23-103938.png\"><img loading=\"lazy\" decoding=\"async\" width=\"1024\" height=\"343\" src=\"https:\/\/site.ac-martinique.fr\/lyc-josephzobel\/wp-content\/uploads\/sites\/37\/2026\/04\/Capture-decran-2026-04-23-103938-1024x343.png\" alt=\"\" class=\"wp-image-8466\" srcset=\"https:\/\/site.ac-martinique.fr\/lyc-josephzobel\/wp-content\/uploads\/sites\/37\/2026\/04\/Capture-decran-2026-04-23-103938-1024x343.png 1024w, https:\/\/site.ac-martinique.fr\/lyc-josephzobel\/wp-content\/uploads\/sites\/37\/2026\/04\/Capture-decran-2026-04-23-103938-300x100.png 300w, https:\/\/site.ac-martinique.fr\/lyc-josephzobel\/wp-content\/uploads\/sites\/37\/2026\/04\/Capture-decran-2026-04-23-103938-768x257.png 768w, https:\/\/site.ac-martinique.fr\/lyc-josephzobel\/wp-content\/uploads\/sites\/37\/2026\/04\/Capture-decran-2026-04-23-103938.png 1257w\" sizes=\"auto, (max-width: 1024px) 100vw, 1024px\" \/><\/a><figcaption class=\"wp-element-caption\"><em><strong>Monsieur Mo\u00efse CARETO,<\/strong> <strong>Madame Sara CARETO<\/strong>, tous deux avocats., <strong>Madame POGNON R\u00e9gine<\/strong>.<\/em><\/figcaption><\/figure>\n\n\n\n<p>Les \u00e9l\u00e8ves ont trouv\u00e9 la rencontre tr\u00e8s int\u00e9ressante et enrichissante.<\/p>\n\n\n\n<p class=\"has-text-align-right\"><strong><em>Merci aux \u00e9l\u00e8ves de DGEMC pour le partage et Madame POGNON R\u00e9gine pour cette rencontre.<\/em><\/strong><\/p>\n\n\n\n<p><\/p>\n","protected":false},"excerpt":{"rendered":"<p>Ce jeudi 06 novembre 2025, dans notre lyc\u00e9e, les \u00e9l\u00e8ves de la DGEMC (Droits et Grands Enjeux du Monde Contemporain) ont eu l\u2019opportunit\u00e9 de rencontrer deux avocats du cabinet \u201cCARETO\u201d. Deux \u00e2ges, deux parcours diff\u00e9rents. Ils ont r\u00e9pondu \u00e0 toutes les questions des \u00e9l\u00e8ves avec franchise. Gr\u00e2ce \u00e0 cet \u00e9change, les \u00e9l\u00e8ves ont approfondi et [&hellip;]<\/p>\n","protected":false},"author":525,"featured_media":8467,"comment_status":"closed","ping_status":"open","sticky":false,"template":"","format":"standard","meta":{"pagelayer_contact_templates":[],"_pagelayer_content":"","footnotes":""},"categories":[1],"tags":[],"class_list":["post-8464","post","type-post","status-publish","format-standard","has-post-thumbnail","hentry","category-non-classe"],"_links":{"self":[{"href":"https:\/\/site.ac-martinique.fr\/lyc-josephzobel\/index.php?rest_route=\/wp\/v2\/posts\/8464","targetHints":{"allow":["GET"]}}],"collection":[{"href":"https:\/\/site.ac-martinique.fr\/lyc-josephzobel\/index.php?rest_route=\/wp\/v2\/posts"}],"about":[{"href":"https:\/\/site.ac-martinique.fr\/lyc-josephzobel\/index.php?rest_route=\/wp\/v2\/types\/post"}],"author":[{"embeddable":true,"href":"https:\/\/site.ac-martinique.fr\/lyc-josephzobel\/index.php?rest_route=\/wp\/v2\/users\/525"}],"replies":[{"embeddable":true,"href":"https:\/\/site.ac-martinique.fr\/lyc-josephzobel\/index.php?rest_route=%2Fwp%2Fv2%2Fcomments&post=8464"}],"version-history":[{"count":3,"href":"https:\/\/site.ac-martinique.fr\/lyc-josephzobel\/index.php?rest_route=\/wp\/v2\/posts\/8464\/revisions"}],"predecessor-version":[{"id":8470,"href":"https:\/\/site.ac-martinique.fr\/lyc-josephzobel\/index.php?rest_route=\/wp\/v2\/posts\/8464\/revisions\/8470"}],"wp:featuredmedia":[{"embeddable":true,"href":"https:\/\/site.ac-martinique.fr\/lyc-josephzobel\/index.php?rest_route=\/wp\/v2\/media\/8467"}],"wp:attachment":[{"href":"https:\/\/site.ac-martinique.fr\/lyc-josephzobel\/index.php?rest_route=%2Fwp%2Fv2%2Fmedia&parent=8464"}],"wp:term":[{"taxonomy":"category","embeddable":true,"href":"https:\/\/site.ac-martinique.fr\/lyc-josephzobel\/index.php?rest_route=%2Fwp%2Fv2%2Fcategories&post=8464"},{"taxonomy":"post_tag","embeddable":true,"href":"https:\/\/site.ac-martinique.fr\/lyc-josephzobel\/index.php?rest_route=%2Fwp%2Fv2%2Ftags&post=8464"}],"curies":[{"name":"wp","href":"https:\/\/api.w.org\/{rel}","templated":true}]}}