{"id":8471,"date":"2026-04-23T13:00:17","date_gmt":"2026-04-23T17:00:17","guid":{"rendered":"https:\/\/site.ac-martinique.fr\/lyc-josephzobel\/?p=8471"},"modified":"2026-04-23T13:00:17","modified_gmt":"2026-04-23T17:00:17","slug":"tous-champions-de-notre-sante","status":"publish","type":"post","link":"https:\/\/site.ac-martinique.fr\/lyc-josephzobel\/?p=8471","title":{"rendered":"TOUS CHAMPIONS DE NOTRE SANT\u00c9"},"content":{"rendered":"\n<p>En ce mercredi 3 d\u00e9cembre 2025, les \u00e9l\u00e8ves de terminale g\u00e9n\u00e9rale et technologique ont \u00e9t\u00e9 mobilis\u00e9s pour une matin\u00e9e de sport et sant\u00e9.<\/p>\n\n\n\n<p>Le but de cet \u00e9v\u00e9nement sportif \u00e9tait de sensibiliser les jeunes \u00e0 l\u2019activit\u00e9 physique dans toutes ces formes.<\/p>\n\n\n\n<p>Certaines classes de terminale ont \u00e9t\u00e9 convi\u00e9es durant les deux premi\u00e8res heures de la matin\u00e9e \u00e0 l\u2019amphith\u00e9\u00e2tre dans le but de suivre attentivement des professionnels du marathon. Ils ont abord\u00e9 l\u2019activit\u00e9 physique des jeunes mais ont aussi soulign\u00e9 l\u2019importance d\u2019une activit\u00e9 physique au niveau de la sant\u00e9.<\/p>\n\n\n\n<p>L\u2019ensemble des terminales s\u2019est ensuite retrouv\u00e9 pour la deuxi\u00e8me partie de cette manifestation dans le gymnase. Le but \u00e9tait simple, les \u00e9l\u00e8ves se sont r\u00e9partis en groupe selon leur groupe d\u2019EPS normale pour participer \u00e0 plusieurs activit\u00e9s. La mise en place d\u2019un roulement a permis \u00e0 chaque groupe de prendre part \u00e0 chaque activit\u00e9.<\/p>\n\n\n\n<div class=\"wp-block-group is-nowrap is-layout-flex wp-container-core-group-is-layout-ad2f72ca wp-block-group-is-layout-flex\">\n<p class=\"has-black-color has-text-color has-link-color wp-elements-d0f1b3abde7185b52cfe71fbf2f88b02\"><strong>La d\u00e9couverte de la Capoeira.<\/strong><\/p>\n<\/div>\n\n\n\n<figure class=\"wp-block-image size-full\"><a href=\"https:\/\/site.ac-martinique.fr\/lyc-josephzobel\/wp-content\/uploads\/sites\/37\/2026\/04\/Capture-decran-2026-04-23-111511.png\"><img loading=\"lazy\" decoding=\"async\" width=\"992\" height=\"485\" src=\"https:\/\/site.ac-martinique.fr\/lyc-josephzobel\/wp-content\/uploads\/sites\/37\/2026\/04\/Capture-decran-2026-04-23-111511.png\" alt=\"\" class=\"wp-image-8473\" srcset=\"https:\/\/site.ac-martinique.fr\/lyc-josephzobel\/wp-content\/uploads\/sites\/37\/2026\/04\/Capture-decran-2026-04-23-111511.png 992w, https:\/\/site.ac-martinique.fr\/lyc-josephzobel\/wp-content\/uploads\/sites\/37\/2026\/04\/Capture-decran-2026-04-23-111511-300x147.png 300w, https:\/\/site.ac-martinique.fr\/lyc-josephzobel\/wp-content\/uploads\/sites\/37\/2026\/04\/Capture-decran-2026-04-23-111511-768x375.png 768w\" sizes=\"auto, (max-width: 992px) 100vw, 992px\" \/><\/a><\/figure>\n\n\n\n<figure class=\"wp-block-image size-large\"><a href=\"https:\/\/site.ac-martinique.fr\/lyc-josephzobel\/wp-content\/uploads\/sites\/37\/2026\/04\/Capture-decran-2026-04-23-111632.png\"><img loading=\"lazy\" decoding=\"async\" width=\"1024\" height=\"417\" src=\"https:\/\/site.ac-martinique.fr\/lyc-josephzobel\/wp-content\/uploads\/sites\/37\/2026\/04\/Capture-decran-2026-04-23-111632-1024x417.png\" alt=\"\" class=\"wp-image-8474\" srcset=\"https:\/\/site.ac-martinique.fr\/lyc-josephzobel\/wp-content\/uploads\/sites\/37\/2026\/04\/Capture-decran-2026-04-23-111632-1024x417.png 1024w, https:\/\/site.ac-martinique.fr\/lyc-josephzobel\/wp-content\/uploads\/sites\/37\/2026\/04\/Capture-decran-2026-04-23-111632-300x122.png 300w, https:\/\/site.ac-martinique.fr\/lyc-josephzobel\/wp-content\/uploads\/sites\/37\/2026\/04\/Capture-decran-2026-04-23-111632-768x313.png 768w, https:\/\/site.ac-martinique.fr\/lyc-josephzobel\/wp-content\/uploads\/sites\/37\/2026\/04\/Capture-decran-2026-04-23-111632.png 1305w\" sizes=\"auto, (max-width: 1024px) 100vw, 1024px\" \/><\/a><\/figure>\n\n\n\n<div class=\"wp-block-group is-nowrap is-layout-flex wp-container-core-group-is-layout-ad2f72ca wp-block-group-is-layout-flex\">\n<p><strong>Le circuit Training supervis\u00e9 par M. ESOR Vincent<\/strong><\/p>\n<\/div>\n\n\n\n<figure class=\"wp-block-image size-full\"><a href=\"https:\/\/site.ac-martinique.fr\/lyc-josephzobel\/wp-content\/uploads\/sites\/37\/2026\/04\/Capture-decran-2026-04-23-111825.png\"><img loading=\"lazy\" decoding=\"async\" width=\"979\" height=\"573\" src=\"https:\/\/site.ac-martinique.fr\/lyc-josephzobel\/wp-content\/uploads\/sites\/37\/2026\/04\/Capture-decran-2026-04-23-111825.png\" alt=\"\" class=\"wp-image-8475\" srcset=\"https:\/\/site.ac-martinique.fr\/lyc-josephzobel\/wp-content\/uploads\/sites\/37\/2026\/04\/Capture-decran-2026-04-23-111825.png 979w, https:\/\/site.ac-martinique.fr\/lyc-josephzobel\/wp-content\/uploads\/sites\/37\/2026\/04\/Capture-decran-2026-04-23-111825-300x176.png 300w, https:\/\/site.ac-martinique.fr\/lyc-josephzobel\/wp-content\/uploads\/sites\/37\/2026\/04\/Capture-decran-2026-04-23-111825-768x450.png 768w\" sizes=\"auto, (max-width: 979px) 100vw, 979px\" \/><\/a><\/figure>\n\n\n\n<p><strong>Des exercices d\u2019aptitude physique et de souplesse<\/strong><\/p>\n\n\n\n<figure class=\"wp-block-image size-full\"><a href=\"https:\/\/site.ac-martinique.fr\/lyc-josephzobel\/wp-content\/uploads\/sites\/37\/2026\/04\/Capture-decran-2026-04-23-112139.png\"><img loading=\"lazy\" decoding=\"async\" width=\"799\" height=\"780\" src=\"https:\/\/site.ac-martinique.fr\/lyc-josephzobel\/wp-content\/uploads\/sites\/37\/2026\/04\/Capture-decran-2026-04-23-112139.png\" alt=\"\" class=\"wp-image-8476\" srcset=\"https:\/\/site.ac-martinique.fr\/lyc-josephzobel\/wp-content\/uploads\/sites\/37\/2026\/04\/Capture-decran-2026-04-23-112139.png 799w, https:\/\/site.ac-martinique.fr\/lyc-josephzobel\/wp-content\/uploads\/sites\/37\/2026\/04\/Capture-decran-2026-04-23-112139-300x293.png 300w, https:\/\/site.ac-martinique.fr\/lyc-josephzobel\/wp-content\/uploads\/sites\/37\/2026\/04\/Capture-decran-2026-04-23-112139-768x750.png 768w\" sizes=\"auto, (max-width: 799px) 100vw, 799px\" \/><\/a><\/figure>\n\n\n\n<p><strong>Au rameur<\/strong><\/p>\n\n\n\n<figure class=\"wp-block-image size-full\"><a href=\"https:\/\/site.ac-martinique.fr\/lyc-josephzobel\/wp-content\/uploads\/sites\/37\/2026\/04\/Capture-decran-2026-04-23-112343.png\"><img loading=\"lazy\" decoding=\"async\" width=\"769\" height=\"490\" src=\"https:\/\/site.ac-martinique.fr\/lyc-josephzobel\/wp-content\/uploads\/sites\/37\/2026\/04\/Capture-decran-2026-04-23-112343.png\" alt=\"\" class=\"wp-image-8477\" srcset=\"https:\/\/site.ac-martinique.fr\/lyc-josephzobel\/wp-content\/uploads\/sites\/37\/2026\/04\/Capture-decran-2026-04-23-112343.png 769w, https:\/\/site.ac-martinique.fr\/lyc-josephzobel\/wp-content\/uploads\/sites\/37\/2026\/04\/Capture-decran-2026-04-23-112343-300x191.png 300w\" sizes=\"auto, (max-width: 769px) 100vw, 769px\" \/><\/a><\/figure>\n\n\n\n<p><strong>Ou encore \u00e0 la mise \u00e0 disposition de v\u00e9los pour effectuer des circuits<\/strong><\/p>\n\n\n\n<p>C\u2019est dans la joie et la bonne humeur que cette matin\u00e9e sportive s\u2019ach\u00e8ve en ayant profit\u00e9 de ce beau temps fort au sein de notre lyc\u00e9e.<\/p>\n\n\n\n<p>Merci aux \u00e9l\u00e8ves pour votre coop\u00e9ration mais surtout aux professeurs et intervenants pour cette belle initiative ludique et enrichissante.<\/p>\n\n\n\n<p class=\"has-text-align-right\"><strong><em>Un tr\u00e8s grand merci \u00e0 l\u2019\u00e9l\u00e8ve SALAMEH&#8211;PAVADE Cha\u00efma, reporter UNSS, pour la r\u00e9daction de l\u2019article.<\/em><\/strong><\/p>\n","protected":false},"excerpt":{"rendered":"<p>En ce mercredi 3 d\u00e9cembre 2025, les \u00e9l\u00e8ves de terminale g\u00e9n\u00e9rale et technologique ont \u00e9t\u00e9 mobilis\u00e9s pour une matin\u00e9e de sport et sant\u00e9. Le but de cet \u00e9v\u00e9nement sportif \u00e9tait de sensibiliser les jeunes \u00e0 l\u2019activit\u00e9 physique dans toutes ces formes. Certaines classes de terminale ont \u00e9t\u00e9 convi\u00e9es durant les deux premi\u00e8res heures de la [&hellip;]<\/p>\n","protected":false},"author":525,"featured_media":8472,"comment_status":"closed","ping_status":"open","sticky":false,"template":"","format":"standard","meta":{"pagelayer_contact_templates":[],"_pagelayer_content":"","footnotes":""},"categories":[1],"tags":[],"class_list":["post-8471","post","type-post","status-publish","format-standard","has-post-thumbnail","hentry","category-non-classe"],"_links":{"self":[{"href":"https:\/\/site.ac-martinique.fr\/lyc-josephzobel\/index.php?rest_route=\/wp\/v2\/posts\/8471","targetHints":{"allow":["GET"]}}],"collection":[{"href":"https:\/\/site.ac-martinique.fr\/lyc-josephzobel\/index.php?rest_route=\/wp\/v2\/posts"}],"about":[{"href":"https:\/\/site.ac-martinique.fr\/lyc-josephzobel\/index.php?rest_route=\/wp\/v2\/types\/post"}],"author":[{"embeddable":true,"href":"https:\/\/site.ac-martinique.fr\/lyc-josephzobel\/index.php?rest_route=\/wp\/v2\/users\/525"}],"replies":[{"embeddable":true,"href":"https:\/\/site.ac-martinique.fr\/lyc-josephzobel\/index.php?rest_route=%2Fwp%2Fv2%2Fcomments&post=8471"}],"version-history":[{"count":1,"href":"https:\/\/site.ac-martinique.fr\/lyc-josephzobel\/index.php?rest_route=\/wp\/v2\/posts\/8471\/revisions"}],"predecessor-version":[{"id":8478,"href":"https:\/\/site.ac-martinique.fr\/lyc-josephzobel\/index.php?rest_route=\/wp\/v2\/posts\/8471\/revisions\/8478"}],"wp:featuredmedia":[{"embeddable":true,"href":"https:\/\/site.ac-martinique.fr\/lyc-josephzobel\/index.php?rest_route=\/wp\/v2\/media\/8472"}],"wp:attachment":[{"href":"https:\/\/site.ac-martinique.fr\/lyc-josephzobel\/index.php?rest_route=%2Fwp%2Fv2%2Fmedia&parent=8471"}],"wp:term":[{"taxonomy":"category","embeddable":true,"href":"https:\/\/site.ac-martinique.fr\/lyc-josephzobel\/index.php?rest_route=%2Fwp%2Fv2%2Fcategories&post=8471"},{"taxonomy":"post_tag","embeddable":true,"href":"https:\/\/site.ac-martinique.fr\/lyc-josephzobel\/index.php?rest_route=%2Fwp%2Fv2%2Ftags&post=8471"}],"curies":[{"name":"wp","href":"https:\/\/api.w.org\/{rel}","templated":true}]}}