{"id":8491,"date":"2026-04-24T11:41:08","date_gmt":"2026-04-24T15:41:08","guid":{"rendered":"https:\/\/site.ac-martinique.fr\/lyc-josephzobel\/?p=8491"},"modified":"2026-04-27T10:28:52","modified_gmt":"2026-04-27T14:28:52","slug":"intervention-danciens-eleves","status":"publish","type":"post","link":"https:\/\/site.ac-martinique.fr\/lyc-josephzobel\/?p=8491","title":{"rendered":"INTERVENTION D\u2019ANCIENS \u00c9L\u00c8VES"},"content":{"rendered":"\n<p>Le jeudi 8 janvier 2026, 2 anciennes \u00e9l\u00e8ves du lyc\u00e9e Joseph ZOBEL sont intervenues aupr\u00e8s de nos \u00e9l\u00e8ves.<\/p>\n\n\n\n<p><strong>Ana\u00efs LLORCA<\/strong> en 3\u00e8me ann\u00e9e de m\u00e9decine \u00e0 Rouen et <strong>Johanny S\u00c9RAPHINE<\/strong> en 3\u00e8me ann\u00e9e de m\u00e9decine en Guadeloupe.<\/p>\n\n\n\n<p>Elles ont ensemble pr\u00e9sent\u00e9 la fili\u00e8re en pr\u00e9sentant les diff\u00e9rences entre PASS et LAS et les passerelles entre les deux mais aussi avec la mati\u00e8re mineure choisie, le d\u00e9roulement des 3 premi\u00e8res ann\u00e9es ainsi que la tr\u00e8s grosse charge de travail, le d\u00e9veloppement de l&rsquo;autonomie et de prise en main de m\u00e9thodes de m\u00e9morisation pour la premi\u00e8re ann\u00e9e.<\/p>\n\n\n\n<p>Les \u00e9l\u00e8ves de l&rsquo;option PMS (pr\u00e9paration aux m\u00e9tiers de la sant\u00e9) ont pu poser des questions sur les diff\u00e9rences de fonctionnement entre les 2 facs, sur le d\u00e9roul\u00e9 des kh\u00f4lles, le fonctionnement des pr\u00e9pas, du tutorat et l&rsquo;importance de la pr\u00e9-rentr\u00e9e.<\/p>\n\n\n\n<p>La visite a \u00e9t\u00e9 tr\u00e8s enrichissante et revoir des \u00e9l\u00e8ves en r\u00e9ussite a \u00e9t\u00e9 r\u00e9confortant pour le corps professoral.<\/p>\n\n\n\n<p>Merci \u00e0 M. VOYER d&rsquo;avoir accompagn\u00e9 les 1\u00e8re PMS, \u00e0 Mme CASTRY qui a pu pr\u00e9venir les Secondes et \u00e0 Mme FLORENT pour sa visite.<\/p>\n\n\n\n<figure class=\"wp-block-image size-large\"><a href=\"https:\/\/site.ac-martinique.fr\/lyc-josephzobel\/wp-content\/uploads\/sites\/37\/2026\/04\/Capture-decran-2026-04-24-113704.png\"><img loading=\"lazy\" decoding=\"async\" width=\"1024\" height=\"336\" src=\"https:\/\/site.ac-martinique.fr\/lyc-josephzobel\/wp-content\/uploads\/sites\/37\/2026\/04\/Capture-decran-2026-04-24-113704-1024x336.png\" alt=\"\" class=\"wp-image-8492\" srcset=\"https:\/\/site.ac-martinique.fr\/lyc-josephzobel\/wp-content\/uploads\/sites\/37\/2026\/04\/Capture-decran-2026-04-24-113704-1024x336.png 1024w, https:\/\/site.ac-martinique.fr\/lyc-josephzobel\/wp-content\/uploads\/sites\/37\/2026\/04\/Capture-decran-2026-04-24-113704-300x98.png 300w, https:\/\/site.ac-martinique.fr\/lyc-josephzobel\/wp-content\/uploads\/sites\/37\/2026\/04\/Capture-decran-2026-04-24-113704-768x252.png 768w, https:\/\/site.ac-martinique.fr\/lyc-josephzobel\/wp-content\/uploads\/sites\/37\/2026\/04\/Capture-decran-2026-04-24-113704.png 1192w\" sizes=\"auto, (max-width: 1024px) 100vw, 1024px\" \/><\/a><figcaption class=\"wp-element-caption\"><em><strong>Mmes Anais LLORCA et Johanny S\u00c9RAPHINE,<\/strong> <strong>Madame Sara CARETO<\/strong>, face aux \u00e9l\u00e8ves attentifs.<\/em><\/figcaption><\/figure>\n\n\n\n<p class=\"has-text-align-right\"><strong><em>Merci \u00e0 M. SAILLOT Bertrand pour le partage et Mme FLORENT pour les photos.<\/em><\/strong><\/p>\n\n\n\n<p><\/p>\n","protected":false},"excerpt":{"rendered":"<p>Le jeudi 8 janvier 2026, 2 anciennes \u00e9l\u00e8ves du lyc\u00e9e Joseph ZOBEL sont intervenues aupr\u00e8s de nos \u00e9l\u00e8ves. Ana\u00efs LLORCA en 3\u00e8me ann\u00e9e de m\u00e9decine \u00e0 Rouen et Johanny S\u00c9RAPHINE en 3\u00e8me ann\u00e9e de m\u00e9decine en Guadeloupe. Elles ont ensemble pr\u00e9sent\u00e9 la fili\u00e8re en pr\u00e9sentant les diff\u00e9rences entre PASS et LAS et les passerelles entre [&hellip;]<\/p>\n","protected":false},"author":525,"featured_media":8493,"comment_status":"closed","ping_status":"open","sticky":false,"template":"","format":"standard","meta":{"pagelayer_contact_templates":[],"_pagelayer_content":"","footnotes":""},"categories":[1],"tags":[],"class_list":["post-8491","post","type-post","status-publish","format-standard","has-post-thumbnail","hentry","category-non-classe"],"_links":{"self":[{"href":"https:\/\/site.ac-martinique.fr\/lyc-josephzobel\/index.php?rest_route=\/wp\/v2\/posts\/8491","targetHints":{"allow":["GET"]}}],"collection":[{"href":"https:\/\/site.ac-martinique.fr\/lyc-josephzobel\/index.php?rest_route=\/wp\/v2\/posts"}],"about":[{"href":"https:\/\/site.ac-martinique.fr\/lyc-josephzobel\/index.php?rest_route=\/wp\/v2\/types\/post"}],"author":[{"embeddable":true,"href":"https:\/\/site.ac-martinique.fr\/lyc-josephzobel\/index.php?rest_route=\/wp\/v2\/users\/525"}],"replies":[{"embeddable":true,"href":"https:\/\/site.ac-martinique.fr\/lyc-josephzobel\/index.php?rest_route=%2Fwp%2Fv2%2Fcomments&post=8491"}],"version-history":[{"count":4,"href":"https:\/\/site.ac-martinique.fr\/lyc-josephzobel\/index.php?rest_route=\/wp\/v2\/posts\/8491\/revisions"}],"predecessor-version":[{"id":8497,"href":"https:\/\/site.ac-martinique.fr\/lyc-josephzobel\/index.php?rest_route=\/wp\/v2\/posts\/8491\/revisions\/8497"}],"wp:featuredmedia":[{"embeddable":true,"href":"https:\/\/site.ac-martinique.fr\/lyc-josephzobel\/index.php?rest_route=\/wp\/v2\/media\/8493"}],"wp:attachment":[{"href":"https:\/\/site.ac-martinique.fr\/lyc-josephzobel\/index.php?rest_route=%2Fwp%2Fv2%2Fmedia&parent=8491"}],"wp:term":[{"taxonomy":"category","embeddable":true,"href":"https:\/\/site.ac-martinique.fr\/lyc-josephzobel\/index.php?rest_route=%2Fwp%2Fv2%2Fcategories&post=8491"},{"taxonomy":"post_tag","embeddable":true,"href":"https:\/\/site.ac-martinique.fr\/lyc-josephzobel\/index.php?rest_route=%2Fwp%2Fv2%2Ftags&post=8491"}],"curies":[{"name":"wp","href":"https:\/\/api.w.org\/{rel}","templated":true}]}}