{"id":8506,"date":"2026-04-27T12:20:50","date_gmt":"2026-04-27T16:20:50","guid":{"rendered":"https:\/\/site.ac-martinique.fr\/lyc-josephzobel\/?p=8506"},"modified":"2026-04-27T12:20:50","modified_gmt":"2026-04-27T16:20:50","slug":"sensibilisation-au-risque-volcanique-et-sismique","status":"publish","type":"post","link":"https:\/\/site.ac-martinique.fr\/lyc-josephzobel\/?p=8506","title":{"rendered":"SENSIBILISATION AU RISQUE VOLCANIQUE ET SISMIQUE"},"content":{"rendered":"\n<p>Dans le cadre des cours de PSE (Pr\u00e9vention Sant\u00e9 Environnement), les \u00e9l\u00e8ves des classes de seconde Bac pro et de 2\u00e8me ann\u00e9e ont visit\u00e9 pour la premi\u00e8re fois l&rsquo;observatoire volcanique et sismique de Fond Saint Denis d\u00e9di\u00e9 \u00e0 l&rsquo;\u00e9tude et au suivi de la montagne Pel\u00e9e.<\/p>\n\n\n\n<p>En effet, la structure scientifique a exceptionnellement ouvert ses portes \u00e0 notre lyc\u00e9e. Nous avons d\u00e9couvert un site offrant un merveilleux panorama sur le volcan et la baie de la ville de Saint Pierre.<\/p>\n\n\n\n<figure class=\"wp-block-image size-full\"><a href=\"https:\/\/site.ac-martinique.fr\/lyc-josephzobel\/wp-content\/uploads\/sites\/37\/2026\/04\/Capture-decran-2026-04-27-121142.png\"><img loading=\"lazy\" decoding=\"async\" width=\"849\" height=\"290\" src=\"https:\/\/site.ac-martinique.fr\/lyc-josephzobel\/wp-content\/uploads\/sites\/37\/2026\/04\/Capture-decran-2026-04-27-121142.png\" alt=\"\" class=\"wp-image-8507\" srcset=\"https:\/\/site.ac-martinique.fr\/lyc-josephzobel\/wp-content\/uploads\/sites\/37\/2026\/04\/Capture-decran-2026-04-27-121142.png 849w, https:\/\/site.ac-martinique.fr\/lyc-josephzobel\/wp-content\/uploads\/sites\/37\/2026\/04\/Capture-decran-2026-04-27-121142-300x102.png 300w, https:\/\/site.ac-martinique.fr\/lyc-josephzobel\/wp-content\/uploads\/sites\/37\/2026\/04\/Capture-decran-2026-04-27-121142-768x262.png 768w\" sizes=\"auto, (max-width: 849px) 100vw, 849px\" \/><\/a><\/figure>\n\n\n\n<p>Apr\u00e8s une pr\u00e9sentation des missions de son \u00e9tablissement par le directeur M. J\u00e9rome VERGNE, les \u00e9l\u00e8ves ont pu tester la sensibilit\u00e9 des capteurs sismiques, manipuler du mat\u00e9riel scientifique sp\u00e9cifique tels que les drones marins.<\/p>\n\n\n\n<figure class=\"wp-block-image size-full\"><a href=\"https:\/\/site.ac-martinique.fr\/lyc-josephzobel\/wp-content\/uploads\/sites\/37\/2026\/04\/Capture-decran-2026-04-27-121240.png\"><img loading=\"lazy\" decoding=\"async\" width=\"806\" height=\"666\" src=\"https:\/\/site.ac-martinique.fr\/lyc-josephzobel\/wp-content\/uploads\/sites\/37\/2026\/04\/Capture-decran-2026-04-27-121240.png\" alt=\"\" class=\"wp-image-8508\" srcset=\"https:\/\/site.ac-martinique.fr\/lyc-josephzobel\/wp-content\/uploads\/sites\/37\/2026\/04\/Capture-decran-2026-04-27-121240.png 806w, https:\/\/site.ac-martinique.fr\/lyc-josephzobel\/wp-content\/uploads\/sites\/37\/2026\/04\/Capture-decran-2026-04-27-121240-300x248.png 300w, https:\/\/site.ac-martinique.fr\/lyc-josephzobel\/wp-content\/uploads\/sites\/37\/2026\/04\/Capture-decran-2026-04-27-121240-768x635.png 768w\" sizes=\"auto, (max-width: 806px) 100vw, 806px\" \/><\/a><\/figure>\n\n\n\n<p>Les \u00e9changes avec ces scientifiques et techniciens ont suscit\u00e9 l&rsquo;int\u00e9r\u00eat et m\u00eame des vocations professionnelles.<\/p>\n\n\n\n<figure class=\"wp-block-image size-full\"><a href=\"https:\/\/site.ac-martinique.fr\/lyc-josephzobel\/wp-content\/uploads\/sites\/37\/2026\/04\/Capture-decran-2026-04-27-121329.png\"><img loading=\"lazy\" decoding=\"async\" width=\"864\" height=\"611\" src=\"https:\/\/site.ac-martinique.fr\/lyc-josephzobel\/wp-content\/uploads\/sites\/37\/2026\/04\/Capture-decran-2026-04-27-121329.png\" alt=\"\" class=\"wp-image-8509\" srcset=\"https:\/\/site.ac-martinique.fr\/lyc-josephzobel\/wp-content\/uploads\/sites\/37\/2026\/04\/Capture-decran-2026-04-27-121329.png 864w, https:\/\/site.ac-martinique.fr\/lyc-josephzobel\/wp-content\/uploads\/sites\/37\/2026\/04\/Capture-decran-2026-04-27-121329-300x212.png 300w, https:\/\/site.ac-martinique.fr\/lyc-josephzobel\/wp-content\/uploads\/sites\/37\/2026\/04\/Capture-decran-2026-04-27-121329-768x543.png 768w\" sizes=\"auto, (max-width: 864px) 100vw, 864px\" \/><\/a><\/figure>\n\n\n\n<div class=\"wp-block-group is-nowrap is-layout-flex wp-container-core-group-is-layout-ad2f72ca wp-block-group-is-layout-flex\">\n<p>Au d\u00e9tour d&rsquo;un chemin, nous avons rencontr\u00e9 un agriculteur renomm\u00e9, initiateur de la fili\u00e8re des produits agricoles bio, M L\u00e9on Tisgras. Il a partag\u00e9 son exp\u00e9rience et encourag\u00e9 nos lyc\u00e9ens \u00e0 toujours donner le meilleur dans le cadre de leur d\u00e9veloppement personnel et professionnel.<\/p>\n\n\n\n<figure class=\"wp-block-image size-large is-style-tw-rounded-corners\"><a href=\"https:\/\/site.ac-martinique.fr\/lyc-josephzobel\/wp-content\/uploads\/sites\/37\/2026\/04\/IMG_20251218_115931-scaled.jpg\"><img loading=\"lazy\" decoding=\"async\" width=\"1024\" height=\"768\" src=\"https:\/\/site.ac-martinique.fr\/lyc-josephzobel\/wp-content\/uploads\/sites\/37\/2026\/04\/IMG_20251218_115931-1024x768.jpg\" alt=\"\" class=\"wp-image-8511\" srcset=\"https:\/\/site.ac-martinique.fr\/lyc-josephzobel\/wp-content\/uploads\/sites\/37\/2026\/04\/IMG_20251218_115931-1024x768.jpg 1024w, https:\/\/site.ac-martinique.fr\/lyc-josephzobel\/wp-content\/uploads\/sites\/37\/2026\/04\/IMG_20251218_115931-300x225.jpg 300w, https:\/\/site.ac-martinique.fr\/lyc-josephzobel\/wp-content\/uploads\/sites\/37\/2026\/04\/IMG_20251218_115931-768x576.jpg 768w, https:\/\/site.ac-martinique.fr\/lyc-josephzobel\/wp-content\/uploads\/sites\/37\/2026\/04\/IMG_20251218_115931-1536x1152.jpg 1536w, https:\/\/site.ac-martinique.fr\/lyc-josephzobel\/wp-content\/uploads\/sites\/37\/2026\/04\/IMG_20251218_115931-2048x1536.jpg 2048w\" sizes=\"auto, (max-width: 1024px) 100vw, 1024px\" \/><\/a><\/figure>\n<\/div>\n\n\n\n<div class=\"wp-block-group is-nowrap is-layout-flex wp-container-core-group-is-layout-ad2f72ca wp-block-group-is-layout-flex\">\n<p>Nous avons poursuivi notre visite au m\u00e9morial de la catastrophe de 1902, le mus\u00e9e Frank Perret, qui pr\u00e9sente la vie de Saint Pierre avant et apr\u00e8s l&rsquo;\u00e9ruption. Cloche, statues, outils du quotidien, tous ces objets sont aujourd&rsquo;hui le t\u00e9moignage de cette trag\u00e9die.<\/p>\n<\/div>\n\n\n\n<figure class=\"wp-block-gallery has-nested-images columns-default is-cropped wp-block-gallery-1 is-layout-flex wp-block-gallery-is-layout-flex\">\n<figure class=\"wp-block-image size-large\"><a href=\"https:\/\/site.ac-martinique.fr\/lyc-josephzobel\/wp-content\/uploads\/sites\/37\/2026\/04\/Capture-decran-2026-04-27-121405.png\"><img loading=\"lazy\" decoding=\"async\" width=\"654\" height=\"624\" data-id=\"8510\" src=\"https:\/\/site.ac-martinique.fr\/lyc-josephzobel\/wp-content\/uploads\/sites\/37\/2026\/04\/Capture-decran-2026-04-27-121405.png\" alt=\"\" class=\"wp-image-8510\" srcset=\"https:\/\/site.ac-martinique.fr\/lyc-josephzobel\/wp-content\/uploads\/sites\/37\/2026\/04\/Capture-decran-2026-04-27-121405.png 654w, https:\/\/site.ac-martinique.fr\/lyc-josephzobel\/wp-content\/uploads\/sites\/37\/2026\/04\/Capture-decran-2026-04-27-121405-300x286.png 300w\" sizes=\"auto, (max-width: 654px) 100vw, 654px\" \/><\/a><\/figure>\n<\/figure>\n\n\n\n<div class=\"wp-block-group is-nowrap is-layout-flex wp-container-core-group-is-layout-ad2f72ca wp-block-group-is-layout-flex\">\n<p>La liste des victimes inscrite sur les murs du mus\u00e9e a suscit\u00e9 l&rsquo;\u00e9motion et beaucoup de nos \u00e9l\u00e8ves y ont recherch\u00e9 leurs noms de famille pour savoir si leurs anc\u00eatres en faisaient partie.<\/p>\n\n\n\n<figure class=\"wp-block-image size-large is-style-tw-rounded-corners\"><a href=\"https:\/\/site.ac-martinique.fr\/lyc-josephzobel\/wp-content\/uploads\/sites\/37\/2026\/04\/1767623073231-scaled.jpg\"><img loading=\"lazy\" decoding=\"async\" width=\"684\" height=\"1024\" src=\"https:\/\/site.ac-martinique.fr\/lyc-josephzobel\/wp-content\/uploads\/sites\/37\/2026\/04\/1767623073231-684x1024.jpg\" alt=\"\" class=\"wp-image-8512\" srcset=\"https:\/\/site.ac-martinique.fr\/lyc-josephzobel\/wp-content\/uploads\/sites\/37\/2026\/04\/1767623073231-684x1024.jpg 684w, https:\/\/site.ac-martinique.fr\/lyc-josephzobel\/wp-content\/uploads\/sites\/37\/2026\/04\/1767623073231-200x300.jpg 200w, https:\/\/site.ac-martinique.fr\/lyc-josephzobel\/wp-content\/uploads\/sites\/37\/2026\/04\/1767623073231-768x1150.jpg 768w, https:\/\/site.ac-martinique.fr\/lyc-josephzobel\/wp-content\/uploads\/sites\/37\/2026\/04\/1767623073231-1026x1536.jpg 1026w, https:\/\/site.ac-martinique.fr\/lyc-josephzobel\/wp-content\/uploads\/sites\/37\/2026\/04\/1767623073231-1368x2048.jpg 1368w, https:\/\/site.ac-martinique.fr\/lyc-josephzobel\/wp-content\/uploads\/sites\/37\/2026\/04\/1767623073231-scaled.jpg 1710w\" sizes=\"auto, (max-width: 684px) 100vw, 684px\" \/><\/a><\/figure>\n<\/div>\n\n\n\n<figure class=\"wp-block-image size-large is-resized is-style-tw-rounded-corners\"><a href=\"https:\/\/site.ac-martinique.fr\/lyc-josephzobel\/wp-content\/uploads\/sites\/37\/2026\/04\/1767623073325-scaled.jpg\"><img loading=\"lazy\" decoding=\"async\" width=\"684\" height=\"1024\" src=\"https:\/\/site.ac-martinique.fr\/lyc-josephzobel\/wp-content\/uploads\/sites\/37\/2026\/04\/1767623073325-684x1024.jpg\" alt=\"\" class=\"wp-image-8513\" style=\"width:485px;height:auto\" srcset=\"https:\/\/site.ac-martinique.fr\/lyc-josephzobel\/wp-content\/uploads\/sites\/37\/2026\/04\/1767623073325-684x1024.jpg 684w, https:\/\/site.ac-martinique.fr\/lyc-josephzobel\/wp-content\/uploads\/sites\/37\/2026\/04\/1767623073325-200x300.jpg 200w, https:\/\/site.ac-martinique.fr\/lyc-josephzobel\/wp-content\/uploads\/sites\/37\/2026\/04\/1767623073325-768x1150.jpg 768w, https:\/\/site.ac-martinique.fr\/lyc-josephzobel\/wp-content\/uploads\/sites\/37\/2026\/04\/1767623073325-1026x1536.jpg 1026w, https:\/\/site.ac-martinique.fr\/lyc-josephzobel\/wp-content\/uploads\/sites\/37\/2026\/04\/1767623073325-1368x2048.jpg 1368w, https:\/\/site.ac-martinique.fr\/lyc-josephzobel\/wp-content\/uploads\/sites\/37\/2026\/04\/1767623073325-scaled.jpg 1710w\" sizes=\"auto, (max-width: 684px) 100vw, 684px\" \/><\/a><\/figure>\n\n\n\n<p>Cette journ\u00e9e scientifique et culturelle nous a permis de nous sensibiliser au risque volcanique et sismique et d&rsquo;identifier les moyens de s&rsquo;en prot\u00e9ger.<\/p>\n\n\n\n<p>Nous remercions la direction et les enseignants accompagnateurs pour ce moment durant lequel les \u00e9l\u00e8ves ont \u00e9t\u00e9 des exemples \u00e0 suivre de bons comportements.<\/p>\n\n\n\n<figure class=\"wp-block-image size-full\"><a href=\"https:\/\/site.ac-martinique.fr\/lyc-josephzobel\/wp-content\/uploads\/sites\/37\/2026\/04\/Capture-decran-2026-04-27-121712.png\"><img loading=\"lazy\" decoding=\"async\" width=\"854\" height=\"328\" src=\"https:\/\/site.ac-martinique.fr\/lyc-josephzobel\/wp-content\/uploads\/sites\/37\/2026\/04\/Capture-decran-2026-04-27-121712.png\" alt=\"\" class=\"wp-image-8515\" srcset=\"https:\/\/site.ac-martinique.fr\/lyc-josephzobel\/wp-content\/uploads\/sites\/37\/2026\/04\/Capture-decran-2026-04-27-121712.png 854w, https:\/\/site.ac-martinique.fr\/lyc-josephzobel\/wp-content\/uploads\/sites\/37\/2026\/04\/Capture-decran-2026-04-27-121712-300x115.png 300w, https:\/\/site.ac-martinique.fr\/lyc-josephzobel\/wp-content\/uploads\/sites\/37\/2026\/04\/Capture-decran-2026-04-27-121712-768x295.png 768w\" sizes=\"auto, (max-width: 854px) 100vw, 854px\" \/><\/a><\/figure>\n\n\n\n<p class=\"has-text-align-right\"><strong><em>Merci \u00e0 M. NOHILE Eddy pour le partage et pour les beaux clich\u00e9s.<\/em><\/strong><\/p>\n\n\n\n<p><\/p>\n","protected":false},"excerpt":{"rendered":"<p>Dans le cadre des cours de PSE (Pr\u00e9vention Sant\u00e9 Environnement), les \u00e9l\u00e8ves des classes de seconde Bac pro et de 2\u00e8me ann\u00e9e ont visit\u00e9 pour la premi\u00e8re fois l&rsquo;observatoire volcanique et sismique de Fond Saint Denis d\u00e9di\u00e9 \u00e0 l&rsquo;\u00e9tude et au suivi de la montagne Pel\u00e9e. En effet, la structure scientifique a exceptionnellement ouvert ses [&hellip;]<\/p>\n","protected":false},"author":525,"featured_media":8516,"comment_status":"closed","ping_status":"open","sticky":false,"template":"","format":"standard","meta":{"pagelayer_contact_templates":[],"_pagelayer_content":"","footnotes":""},"categories":[45],"tags":[],"class_list":["post-8506","post","type-post","status-publish","format-standard","has-post-thumbnail","hentry","category-sortie-scolaire"],"_links":{"self":[{"href":"https:\/\/site.ac-martinique.fr\/lyc-josephzobel\/index.php?rest_route=\/wp\/v2\/posts\/8506","targetHints":{"allow":["GET"]}}],"collection":[{"href":"https:\/\/site.ac-martinique.fr\/lyc-josephzobel\/index.php?rest_route=\/wp\/v2\/posts"}],"about":[{"href":"https:\/\/site.ac-martinique.fr\/lyc-josephzobel\/index.php?rest_route=\/wp\/v2\/types\/post"}],"author":[{"embeddable":true,"href":"https:\/\/site.ac-martinique.fr\/lyc-josephzobel\/index.php?rest_route=\/wp\/v2\/users\/525"}],"replies":[{"embeddable":true,"href":"https:\/\/site.ac-martinique.fr\/lyc-josephzobel\/index.php?rest_route=%2Fwp%2Fv2%2Fcomments&post=8506"}],"version-history":[{"count":1,"href":"https:\/\/site.ac-martinique.fr\/lyc-josephzobel\/index.php?rest_route=\/wp\/v2\/posts\/8506\/revisions"}],"predecessor-version":[{"id":8517,"href":"https:\/\/site.ac-martinique.fr\/lyc-josephzobel\/index.php?rest_route=\/wp\/v2\/posts\/8506\/revisions\/8517"}],"wp:featuredmedia":[{"embeddable":true,"href":"https:\/\/site.ac-martinique.fr\/lyc-josephzobel\/index.php?rest_route=\/wp\/v2\/media\/8516"}],"wp:attachment":[{"href":"https:\/\/site.ac-martinique.fr\/lyc-josephzobel\/index.php?rest_route=%2Fwp%2Fv2%2Fmedia&parent=8506"}],"wp:term":[{"taxonomy":"category","embeddable":true,"href":"https:\/\/site.ac-martinique.fr\/lyc-josephzobel\/index.php?rest_route=%2Fwp%2Fv2%2Fcategories&post=8506"},{"taxonomy":"post_tag","embeddable":true,"href":"https:\/\/site.ac-martinique.fr\/lyc-josephzobel\/index.php?rest_route=%2Fwp%2Fv2%2Ftags&post=8506"}],"curies":[{"name":"wp","href":"https:\/\/api.w.org\/{rel}","templated":true}]}}