{"id":8522,"date":"2026-04-27T12:44:37","date_gmt":"2026-04-27T16:44:37","guid":{"rendered":"https:\/\/site.ac-martinique.fr\/lyc-josephzobel\/?p=8522"},"modified":"2026-04-27T12:44:37","modified_gmt":"2026-04-27T16:44:37","slug":"krep-bo-kay-nou","status":"publish","type":"post","link":"https:\/\/site.ac-martinique.fr\/lyc-josephzobel\/?p=8522","title":{"rendered":"KREP BO KAY NOU"},"content":{"rendered":"\n<p>Le 2 f\u00e9vrier 2026, \u00e0 l\u2019occasion de la chandeleur, nos lyc\u00e9ens en section professionnelles de la 2CAR et 1MEEC ont \u00e9t\u00e9 sensibilis\u00e9 \u00e0 une alimentation durable, locale et responsable. Ils ont \u00e9t\u00e9 encadr\u00e9s par les enseignants Mme BRUNO Marie-Georges, M. NOHILE Eddy et M. ARROUS Julien.<\/p>\n\n\n\n<div class=\"wp-block-group is-nowrap is-layout-flex wp-container-core-group-is-layout-ad2f72ca wp-block-group-is-layout-flex\">\n<figure class=\"wp-block-image size-full\"><a href=\"https:\/\/site.ac-martinique.fr\/lyc-josephzobel\/wp-content\/uploads\/sites\/37\/2026\/04\/Capture-decran-2026-04-27-124029.png\"><img loading=\"lazy\" decoding=\"async\" width=\"534\" height=\"375\" src=\"https:\/\/site.ac-martinique.fr\/lyc-josephzobel\/wp-content\/uploads\/sites\/37\/2026\/04\/Capture-decran-2026-04-27-124029.png\" alt=\"\" class=\"wp-image-8531\" srcset=\"https:\/\/site.ac-martinique.fr\/lyc-josephzobel\/wp-content\/uploads\/sites\/37\/2026\/04\/Capture-decran-2026-04-27-124029.png 534w, https:\/\/site.ac-martinique.fr\/lyc-josephzobel\/wp-content\/uploads\/sites\/37\/2026\/04\/Capture-decran-2026-04-27-124029-300x211.png 300w\" sizes=\"auto, (max-width: 534px) 100vw, 534px\" \/><\/a><\/figure>\n\n\n\n<p>Le chef Lucien PALMIER, Fondateur de Coco Dind\u00e9 et artisan du terroir Martiniquais a \u00e9t\u00e9 invit\u00e9 afin de pr\u00e9senter les diff\u00e9rentes farines locale, leurs atouts nutritionnels et partager ses connaissances sur nos richesses martiniquaises.<\/p>\n<\/div>\n\n\n\n<figure class=\"wp-block-image size-full\"><a href=\"https:\/\/site.ac-martinique.fr\/lyc-josephzobel\/wp-content\/uploads\/sites\/37\/2026\/04\/Capture-decran-2026-04-27-123419.png\"><img loading=\"lazy\" decoding=\"async\" width=\"991\" height=\"574\" src=\"https:\/\/site.ac-martinique.fr\/lyc-josephzobel\/wp-content\/uploads\/sites\/37\/2026\/04\/Capture-decran-2026-04-27-123419.png\" alt=\"\" class=\"wp-image-8523\" srcset=\"https:\/\/site.ac-martinique.fr\/lyc-josephzobel\/wp-content\/uploads\/sites\/37\/2026\/04\/Capture-decran-2026-04-27-123419.png 991w, https:\/\/site.ac-martinique.fr\/lyc-josephzobel\/wp-content\/uploads\/sites\/37\/2026\/04\/Capture-decran-2026-04-27-123419-300x174.png 300w, https:\/\/site.ac-martinique.fr\/lyc-josephzobel\/wp-content\/uploads\/sites\/37\/2026\/04\/Capture-decran-2026-04-27-123419-768x445.png 768w\" sizes=\"auto, (max-width: 991px) 100vw, 991px\" \/><\/a><\/figure>\n\n\n\n<figure class=\"wp-block-image size-full\"><a href=\"https:\/\/site.ac-martinique.fr\/lyc-josephzobel\/wp-content\/uploads\/sites\/37\/2026\/04\/Capture-decran-2026-04-27-123456.png\"><img loading=\"lazy\" decoding=\"async\" width=\"1008\" height=\"489\" src=\"https:\/\/site.ac-martinique.fr\/lyc-josephzobel\/wp-content\/uploads\/sites\/37\/2026\/04\/Capture-decran-2026-04-27-123456.png\" alt=\"\" class=\"wp-image-8524\" srcset=\"https:\/\/site.ac-martinique.fr\/lyc-josephzobel\/wp-content\/uploads\/sites\/37\/2026\/04\/Capture-decran-2026-04-27-123456.png 1008w, https:\/\/site.ac-martinique.fr\/lyc-josephzobel\/wp-content\/uploads\/sites\/37\/2026\/04\/Capture-decran-2026-04-27-123456-300x146.png 300w, https:\/\/site.ac-martinique.fr\/lyc-josephzobel\/wp-content\/uploads\/sites\/37\/2026\/04\/Capture-decran-2026-04-27-123456-768x373.png 768w\" sizes=\"auto, (max-width: 1008px) 100vw, 1008px\" \/><\/a><\/figure>\n\n\n\n<p>Durant la pr\u00e9paration, les \u00e9l\u00e8ves mettaient leurs d\u00e9chets dans des poubelles de tri au fur et \u00e0 mesure.<\/p>\n\n\n\n<div class=\"wp-block-group is-nowrap is-layout-flex wp-container-core-group-is-layout-ad2f72ca wp-block-group-is-layout-flex\">\n<figure class=\"wp-block-image size-large is-style-tw-rounded-corners\"><a href=\"https:\/\/site.ac-martinique.fr\/lyc-josephzobel\/wp-content\/uploads\/sites\/37\/2026\/04\/20260202_085839-scaled.jpg\"><img loading=\"lazy\" decoding=\"async\" width=\"1024\" height=\"768\" src=\"https:\/\/site.ac-martinique.fr\/lyc-josephzobel\/wp-content\/uploads\/sites\/37\/2026\/04\/20260202_085839-1024x768.jpg\" alt=\"\" class=\"wp-image-8532\" srcset=\"https:\/\/site.ac-martinique.fr\/lyc-josephzobel\/wp-content\/uploads\/sites\/37\/2026\/04\/20260202_085839-1024x768.jpg 1024w, https:\/\/site.ac-martinique.fr\/lyc-josephzobel\/wp-content\/uploads\/sites\/37\/2026\/04\/20260202_085839-300x225.jpg 300w, https:\/\/site.ac-martinique.fr\/lyc-josephzobel\/wp-content\/uploads\/sites\/37\/2026\/04\/20260202_085839-768x576.jpg 768w, https:\/\/site.ac-martinique.fr\/lyc-josephzobel\/wp-content\/uploads\/sites\/37\/2026\/04\/20260202_085839-1536x1152.jpg 1536w, https:\/\/site.ac-martinique.fr\/lyc-josephzobel\/wp-content\/uploads\/sites\/37\/2026\/04\/20260202_085839-2048x1536.jpg 2048w\" sizes=\"auto, (max-width: 1024px) 100vw, 1024px\" \/><\/a><\/figure>\n\n\n\n<p>Cette action a \u00e9t\u00e9 mise en place afin de permettre aux \u00e9l\u00e8ves de comprendre les enjeux du gaspillage alimentaire et d\u2019adopter des gestes et postures \u00e9co-responsables en cuisine.<\/p>\n<\/div>\n\n\n\n<p>Les \u00e9l\u00e8ves ont eu la chance d\u2019avoir \u00e0 leur c\u00f4t\u00e9 Madame LABIN Marie-Georges qui leur a expliqu\u00e9 comment utiliser la farine de manioc pour avoir de bonnes cr\u00eapes moelleuses.<\/p>\n\n\n\n<figure class=\"wp-block-image size-full\"><a href=\"https:\/\/site.ac-martinique.fr\/lyc-josephzobel\/wp-content\/uploads\/sites\/37\/2026\/04\/Capture-decran-2026-04-27-123537.png\"><img loading=\"lazy\" decoding=\"async\" width=\"567\" height=\"491\" src=\"https:\/\/site.ac-martinique.fr\/lyc-josephzobel\/wp-content\/uploads\/sites\/37\/2026\/04\/Capture-decran-2026-04-27-123537.png\" alt=\"\" class=\"wp-image-8525\" srcset=\"https:\/\/site.ac-martinique.fr\/lyc-josephzobel\/wp-content\/uploads\/sites\/37\/2026\/04\/Capture-decran-2026-04-27-123537.png 567w, https:\/\/site.ac-martinique.fr\/lyc-josephzobel\/wp-content\/uploads\/sites\/37\/2026\/04\/Capture-decran-2026-04-27-123537-300x260.png 300w\" sizes=\"auto, (max-width: 567px) 100vw, 567px\" \/><\/a><\/figure>\n\n\n\n<p>Deux \u00e9l\u00e8ves supervis\u00e9s par le chef Lucien PALMIER en pleine r\u00e9alisation de cr\u00eapes et partage de savoir.<\/p>\n\n\n\n<p>Certains, d\u00e9j\u00e0 exp\u00e9riment\u00e9s, se retrouvaient seuls face \u00e0 la cr\u00eapi\u00e8re.<\/p>\n\n\n\n<p>D\u2019ailleurs, durant l\u2019atelier \u201cKrep bo kay nou\u201d, nous avons d\u00e9couvert qu\u2019une \u00e9l\u00e8ve a pour habitude de faire des cr\u00eapes et de les vendre dans des lieux publics pour le plus grand bonheur des passants.<\/p>\n\n\n\n<figure class=\"wp-block-image size-full\"><a href=\"https:\/\/site.ac-martinique.fr\/lyc-josephzobel\/wp-content\/uploads\/sites\/37\/2026\/04\/Capture-decran-2026-04-27-123657.png\"><img loading=\"lazy\" decoding=\"async\" width=\"943\" height=\"432\" src=\"https:\/\/site.ac-martinique.fr\/lyc-josephzobel\/wp-content\/uploads\/sites\/37\/2026\/04\/Capture-decran-2026-04-27-123657.png\" alt=\"\" class=\"wp-image-8526\" srcset=\"https:\/\/site.ac-martinique.fr\/lyc-josephzobel\/wp-content\/uploads\/sites\/37\/2026\/04\/Capture-decran-2026-04-27-123657.png 943w, https:\/\/site.ac-martinique.fr\/lyc-josephzobel\/wp-content\/uploads\/sites\/37\/2026\/04\/Capture-decran-2026-04-27-123657-300x137.png 300w, https:\/\/site.ac-martinique.fr\/lyc-josephzobel\/wp-content\/uploads\/sites\/37\/2026\/04\/Capture-decran-2026-04-27-123657-768x352.png 768w\" sizes=\"auto, (max-width: 943px) 100vw, 943px\" \/><\/a><\/figure>\n\n\n\n<p>Nous partageons avec vous diff\u00e9rentes recettes de p\u00e2tes \u00e0 cr\u00eapes que vous pouvez r\u00e9aliser chez vous.<\/p>\n\n\n\n<figure class=\"wp-block-image size-full\"><a href=\"https:\/\/site.ac-martinique.fr\/lyc-josephzobel\/wp-content\/uploads\/sites\/37\/2026\/04\/Capture-decran-2026-04-27-123806.png\"><img loading=\"lazy\" decoding=\"async\" width=\"989\" height=\"298\" src=\"https:\/\/site.ac-martinique.fr\/lyc-josephzobel\/wp-content\/uploads\/sites\/37\/2026\/04\/Capture-decran-2026-04-27-123806.png\" alt=\"\" class=\"wp-image-8527\" srcset=\"https:\/\/site.ac-martinique.fr\/lyc-josephzobel\/wp-content\/uploads\/sites\/37\/2026\/04\/Capture-decran-2026-04-27-123806.png 989w, https:\/\/site.ac-martinique.fr\/lyc-josephzobel\/wp-content\/uploads\/sites\/37\/2026\/04\/Capture-decran-2026-04-27-123806-300x90.png 300w, https:\/\/site.ac-martinique.fr\/lyc-josephzobel\/wp-content\/uploads\/sites\/37\/2026\/04\/Capture-decran-2026-04-27-123806-768x231.png 768w\" sizes=\"auto, (max-width: 989px) 100vw, 989px\" \/><\/a><\/figure>\n\n\n\n<figure class=\"wp-block-image size-full\"><a href=\"https:\/\/site.ac-martinique.fr\/lyc-josephzobel\/wp-content\/uploads\/sites\/37\/2026\/04\/Capture-decran-2026-04-27-123831.png\"><img loading=\"lazy\" decoding=\"async\" width=\"787\" height=\"605\" src=\"https:\/\/site.ac-martinique.fr\/lyc-josephzobel\/wp-content\/uploads\/sites\/37\/2026\/04\/Capture-decran-2026-04-27-123831.png\" alt=\"\" class=\"wp-image-8528\" srcset=\"https:\/\/site.ac-martinique.fr\/lyc-josephzobel\/wp-content\/uploads\/sites\/37\/2026\/04\/Capture-decran-2026-04-27-123831.png 787w, https:\/\/site.ac-martinique.fr\/lyc-josephzobel\/wp-content\/uploads\/sites\/37\/2026\/04\/Capture-decran-2026-04-27-123831-300x231.png 300w, https:\/\/site.ac-martinique.fr\/lyc-josephzobel\/wp-content\/uploads\/sites\/37\/2026\/04\/Capture-decran-2026-04-27-123831-768x590.png 768w\" sizes=\"auto, (max-width: 787px) 100vw, 787px\" \/><\/a><\/figure>\n\n\n\n<figure class=\"wp-block-image size-full\"><a href=\"https:\/\/site.ac-martinique.fr\/lyc-josephzobel\/wp-content\/uploads\/sites\/37\/2026\/04\/Capture-decran-2026-04-27-123919-1.png\"><img loading=\"lazy\" decoding=\"async\" width=\"788\" height=\"738\" src=\"https:\/\/site.ac-martinique.fr\/lyc-josephzobel\/wp-content\/uploads\/sites\/37\/2026\/04\/Capture-decran-2026-04-27-123919-1.png\" alt=\"\" class=\"wp-image-8530\" srcset=\"https:\/\/site.ac-martinique.fr\/lyc-josephzobel\/wp-content\/uploads\/sites\/37\/2026\/04\/Capture-decran-2026-04-27-123919-1.png 788w, https:\/\/site.ac-martinique.fr\/lyc-josephzobel\/wp-content\/uploads\/sites\/37\/2026\/04\/Capture-decran-2026-04-27-123919-1-300x281.png 300w, https:\/\/site.ac-martinique.fr\/lyc-josephzobel\/wp-content\/uploads\/sites\/37\/2026\/04\/Capture-decran-2026-04-27-123919-1-768x719.png 768w\" sizes=\"auto, (max-width: 788px) 100vw, 788px\" \/><\/a><\/figure>\n\n\n\n<p>Nous remercions nos diff\u00e9rents partenaires qui ont aid\u00e9 au succ\u00e8s de cet \u00e9v\u00e8nement.<\/p>\n\n\n\n<p>Les \u00e9l\u00e8ves ont \u00e9t\u00e9 ravis de vivre ce moment et de pouvoir d\u00e9couvrir les diff\u00e9rentes farines qui existent sur notre \u00eele.<\/p>\n\n\n\n<p class=\"has-text-align-right\"><strong><em>Merci \u00e0 Mme BIEN-AIM\u00c9 Stella pour son aide, son implication.<\/em><\/strong><\/p>\n\n\n\n<p><\/p>\n","protected":false},"excerpt":{"rendered":"<p>Le 2 f\u00e9vrier 2026, \u00e0 l\u2019occasion de la chandeleur, nos lyc\u00e9ens en section professionnelles de la 2CAR et 1MEEC ont \u00e9t\u00e9 sensibilis\u00e9 \u00e0 une alimentation durable, locale et responsable. Ils ont \u00e9t\u00e9 encadr\u00e9s par les enseignants Mme BRUNO Marie-Georges, M. NOHILE Eddy et M. ARROUS Julien. Le chef Lucien PALMIER, Fondateur de Coco Dind\u00e9 et [&hellip;]<\/p>\n","protected":false},"author":525,"featured_media":8533,"comment_status":"closed","ping_status":"open","sticky":false,"template":"","format":"standard","meta":{"pagelayer_contact_templates":[],"_pagelayer_content":"","footnotes":""},"categories":[1],"tags":[],"class_list":["post-8522","post","type-post","status-publish","format-standard","has-post-thumbnail","hentry","category-non-classe"],"_links":{"self":[{"href":"https:\/\/site.ac-martinique.fr\/lyc-josephzobel\/index.php?rest_route=\/wp\/v2\/posts\/8522","targetHints":{"allow":["GET"]}}],"collection":[{"href":"https:\/\/site.ac-martinique.fr\/lyc-josephzobel\/index.php?rest_route=\/wp\/v2\/posts"}],"about":[{"href":"https:\/\/site.ac-martinique.fr\/lyc-josephzobel\/index.php?rest_route=\/wp\/v2\/types\/post"}],"author":[{"embeddable":true,"href":"https:\/\/site.ac-martinique.fr\/lyc-josephzobel\/index.php?rest_route=\/wp\/v2\/users\/525"}],"replies":[{"embeddable":true,"href":"https:\/\/site.ac-martinique.fr\/lyc-josephzobel\/index.php?rest_route=%2Fwp%2Fv2%2Fcomments&post=8522"}],"version-history":[{"count":1,"href":"https:\/\/site.ac-martinique.fr\/lyc-josephzobel\/index.php?rest_route=\/wp\/v2\/posts\/8522\/revisions"}],"predecessor-version":[{"id":8534,"href":"https:\/\/site.ac-martinique.fr\/lyc-josephzobel\/index.php?rest_route=\/wp\/v2\/posts\/8522\/revisions\/8534"}],"wp:featuredmedia":[{"embeddable":true,"href":"https:\/\/site.ac-martinique.fr\/lyc-josephzobel\/index.php?rest_route=\/wp\/v2\/media\/8533"}],"wp:attachment":[{"href":"https:\/\/site.ac-martinique.fr\/lyc-josephzobel\/index.php?rest_route=%2Fwp%2Fv2%2Fmedia&parent=8522"}],"wp:term":[{"taxonomy":"category","embeddable":true,"href":"https:\/\/site.ac-martinique.fr\/lyc-josephzobel\/index.php?rest_route=%2Fwp%2Fv2%2Fcategories&post=8522"},{"taxonomy":"post_tag","embeddable":true,"href":"https:\/\/site.ac-martinique.fr\/lyc-josephzobel\/index.php?rest_route=%2Fwp%2Fv2%2Ftags&post=8522"}],"curies":[{"name":"wp","href":"https:\/\/api.w.org\/{rel}","templated":true}]}}