{"id":8535,"date":"2026-04-27T12:56:03","date_gmt":"2026-04-27T16:56:03","guid":{"rendered":"https:\/\/site.ac-martinique.fr\/lyc-josephzobel\/?p=8535"},"modified":"2026-04-27T12:56:03","modified_gmt":"2026-04-27T16:56:03","slug":"aux-origines-de-la-caraibe","status":"publish","type":"post","link":"https:\/\/site.ac-martinique.fr\/lyc-josephzobel\/?p=8535","title":{"rendered":"AUX ORIGINES DE LA CARA\u00cfBE"},"content":{"rendered":"\n<div class=\"wp-block-group is-nowrap is-layout-flex wp-container-core-group-is-layout-ad2f72ca wp-block-group-is-layout-flex\">\n<figure class=\"wp-block-image size-large is-style-tw-rounded-corners\"><a href=\"https:\/\/site.ac-martinique.fr\/lyc-josephzobel\/wp-content\/uploads\/sites\/37\/2026\/04\/61C08Y-yseL.jpg\"><img loading=\"lazy\" decoding=\"async\" width=\"786\" height=\"1024\" src=\"https:\/\/site.ac-martinique.fr\/lyc-josephzobel\/wp-content\/uploads\/sites\/37\/2026\/04\/61C08Y-yseL-786x1024.jpg\" alt=\"\" class=\"wp-image-8536\" srcset=\"https:\/\/site.ac-martinique.fr\/lyc-josephzobel\/wp-content\/uploads\/sites\/37\/2026\/04\/61C08Y-yseL-786x1024.jpg 786w, https:\/\/site.ac-martinique.fr\/lyc-josephzobel\/wp-content\/uploads\/sites\/37\/2026\/04\/61C08Y-yseL-230x300.jpg 230w, https:\/\/site.ac-martinique.fr\/lyc-josephzobel\/wp-content\/uploads\/sites\/37\/2026\/04\/61C08Y-yseL-768x1000.jpg 768w, https:\/\/site.ac-martinique.fr\/lyc-josephzobel\/wp-content\/uploads\/sites\/37\/2026\/04\/61C08Y-yseL.jpg 800w\" sizes=\"auto, (max-width: 786px) 100vw, 786px\" \/><\/a><\/figure>\n\n\n\n<p>Le lundi 2 f\u00e9vrier, plusieurs \u00e9l\u00e8ves du dispositif les <strong>cord\u00e9es de la r\u00e9ussite<\/strong> ainsi que les \u00e9l\u00e8ves de la classe de <strong>2G1<\/strong> ont b\u00e9n\u00e9fici\u00e9 d\u2019une visite guid\u00e9e de l\u2019exposition <strong>Aux origines de la Cara\u00efbe<\/strong>, <strong><em>Ta\u00efnos et Kalinagos<\/em><\/strong> \u00e0 l\u2019habitation Cl\u00e9ment.<\/p>\n<\/div>\n\n\n\n<p>Ils ont pu d\u00e9couvrir plus de 330 \u0153uvres provenant de trente institutions culturelles du monde entier rassembl\u00e9es ici par une collaboration entre la fondation Cl\u00e9ment et le mus\u00e9e du Quai Branly \u2013 Jacques Chirac.<\/p>\n\n\n\n<p>Cette exposition offre une immersion dans la vie et l\u2019art des soci\u00e9t\u00e9s am\u00e9rindiennes venues du continent sud-am\u00e9ricain qui habitaient l\u2019archipel cara\u00efbe avant la fin du XVe si\u00e8cle.<\/p>\n\n\n\n<div class=\"wp-block-group is-nowrap is-layout-flex wp-container-core-group-is-layout-ad2f72ca wp-block-group-is-layout-flex\">\n<p>Les \u00e9l\u00e8ves ont largement pu questionner leurs guides qui ont d\u00fb r\u00e9pondre \u00e0 plusieurs dizaines de questions.<\/p>\n<\/div>\n\n\n\n<figure class=\"wp-block-image size-large is-resized is-style-tw-rounded-corners\"><a href=\"https:\/\/site.ac-martinique.fr\/lyc-josephzobel\/wp-content\/uploads\/sites\/37\/2026\/04\/IMG-20260202-WA0035.jpg\"><img loading=\"lazy\" decoding=\"async\" width=\"1024\" height=\"768\" src=\"https:\/\/site.ac-martinique.fr\/lyc-josephzobel\/wp-content\/uploads\/sites\/37\/2026\/04\/IMG-20260202-WA0035-1024x768.jpg\" alt=\"\" class=\"wp-image-8537\" style=\"width:494px;height:auto\" srcset=\"https:\/\/site.ac-martinique.fr\/lyc-josephzobel\/wp-content\/uploads\/sites\/37\/2026\/04\/IMG-20260202-WA0035-1024x768.jpg 1024w, https:\/\/site.ac-martinique.fr\/lyc-josephzobel\/wp-content\/uploads\/sites\/37\/2026\/04\/IMG-20260202-WA0035-300x225.jpg 300w, https:\/\/site.ac-martinique.fr\/lyc-josephzobel\/wp-content\/uploads\/sites\/37\/2026\/04\/IMG-20260202-WA0035-768x576.jpg 768w, https:\/\/site.ac-martinique.fr\/lyc-josephzobel\/wp-content\/uploads\/sites\/37\/2026\/04\/IMG-20260202-WA0035.jpg 1280w\" sizes=\"auto, (max-width: 1024px) 100vw, 1024px\" \/><\/a><\/figure>\n\n\n\n<p class=\"has-text-align-right\"><strong><em>Un grand merci aux accompagnateurs, Mme BOURRIER Nicaise, M. TAILLEFOND Fran\u00e7ois et M. PERES Michel.<\/em><\/strong><\/p>\n\n\n\n<p><\/p>\n","protected":false},"excerpt":{"rendered":"<p>Le lundi 2 f\u00e9vrier, plusieurs \u00e9l\u00e8ves du dispositif les cord\u00e9es de la r\u00e9ussite ainsi que les \u00e9l\u00e8ves de la classe de 2G1 ont b\u00e9n\u00e9fici\u00e9 d\u2019une visite guid\u00e9e de l\u2019exposition Aux origines de la Cara\u00efbe, Ta\u00efnos et Kalinagos \u00e0 l\u2019habitation Cl\u00e9ment. Ils ont pu d\u00e9couvrir plus de 330 \u0153uvres provenant de trente institutions culturelles du monde [&hellip;]<\/p>\n","protected":false},"author":525,"featured_media":8538,"comment_status":"closed","ping_status":"open","sticky":false,"template":"","format":"standard","meta":{"pagelayer_contact_templates":[],"_pagelayer_content":"","footnotes":""},"categories":[45],"tags":[],"class_list":["post-8535","post","type-post","status-publish","format-standard","has-post-thumbnail","hentry","category-sortie-scolaire"],"_links":{"self":[{"href":"https:\/\/site.ac-martinique.fr\/lyc-josephzobel\/index.php?rest_route=\/wp\/v2\/posts\/8535","targetHints":{"allow":["GET"]}}],"collection":[{"href":"https:\/\/site.ac-martinique.fr\/lyc-josephzobel\/index.php?rest_route=\/wp\/v2\/posts"}],"about":[{"href":"https:\/\/site.ac-martinique.fr\/lyc-josephzobel\/index.php?rest_route=\/wp\/v2\/types\/post"}],"author":[{"embeddable":true,"href":"https:\/\/site.ac-martinique.fr\/lyc-josephzobel\/index.php?rest_route=\/wp\/v2\/users\/525"}],"replies":[{"embeddable":true,"href":"https:\/\/site.ac-martinique.fr\/lyc-josephzobel\/index.php?rest_route=%2Fwp%2Fv2%2Fcomments&post=8535"}],"version-history":[{"count":1,"href":"https:\/\/site.ac-martinique.fr\/lyc-josephzobel\/index.php?rest_route=\/wp\/v2\/posts\/8535\/revisions"}],"predecessor-version":[{"id":8539,"href":"https:\/\/site.ac-martinique.fr\/lyc-josephzobel\/index.php?rest_route=\/wp\/v2\/posts\/8535\/revisions\/8539"}],"wp:featuredmedia":[{"embeddable":true,"href":"https:\/\/site.ac-martinique.fr\/lyc-josephzobel\/index.php?rest_route=\/wp\/v2\/media\/8538"}],"wp:attachment":[{"href":"https:\/\/site.ac-martinique.fr\/lyc-josephzobel\/index.php?rest_route=%2Fwp%2Fv2%2Fmedia&parent=8535"}],"wp:term":[{"taxonomy":"category","embeddable":true,"href":"https:\/\/site.ac-martinique.fr\/lyc-josephzobel\/index.php?rest_route=%2Fwp%2Fv2%2Fcategories&post=8535"},{"taxonomy":"post_tag","embeddable":true,"href":"https:\/\/site.ac-martinique.fr\/lyc-josephzobel\/index.php?rest_route=%2Fwp%2Fv2%2Ftags&post=8535"}],"curies":[{"name":"wp","href":"https:\/\/api.w.org\/{rel}","templated":true}]}}