{"id":8540,"date":"2026-04-27T13:09:45","date_gmt":"2026-04-27T17:09:45","guid":{"rendered":"https:\/\/site.ac-martinique.fr\/lyc-josephzobel\/?p=8540"},"modified":"2026-04-27T13:09:45","modified_gmt":"2026-04-27T17:09:45","slug":"futsal-unss-3","status":"publish","type":"post","link":"https:\/\/site.ac-martinique.fr\/lyc-josephzobel\/?p=8540","title":{"rendered":"FUTSAL UNSS"},"content":{"rendered":"\n<p>La team ZOBEL a r\u00e9alis\u00e9 un sans faute le mercredi 28 janvier au plateau sportif du lyc\u00e9e :<\/p>\n\n\n\n<p>Avec calme et s\u00e9r\u00e9nit\u00e9 nos Reds ont vaincu un des plus redoutables adversaires du district Sud.<\/p>\n\n\n\n<p>Les Reds sont en route pour les quarts de finales pr\u00e9vus le 20 mars.<\/p>\n\n\n\n<p>Un grand merci \u00e0 Sophie L. jeune officielle organisatrice et \u00e0 nos JO arbitres :<\/p>\n\n\n\n<ul class=\"wp-block-list\">\n<li>Staniel S.A ;<\/li>\n\n\n\n<li>Antonio A. ;<\/li>\n\n\n\n<li>Lazard R. .<\/li>\n<\/ul>\n\n\n\n<p>Le jeudi 5 f\u00e9vrier, la team ZOBEL PRO a d\u00e9croch\u00e9 le titre de champion 2026 du tournoi inter lyc\u00e9es professionnels.<\/p>\n\n\n\n<p>Le match s\u2019est d\u00e9roul\u00e9 au palais des sports du Lamentin et a \u00e9t\u00e9 organis\u00e9 par le LP BISSOL.<\/p>\n\n\n\n<p>5 lyc\u00e9es professionnels et 7 \u00e9quipes y ont particip\u00e9.<\/p>\n\n\n\n<figure class=\"wp-block-image size-full\"><a href=\"https:\/\/site.ac-martinique.fr\/lyc-josephzobel\/wp-content\/uploads\/sites\/37\/2026\/04\/Capture-decran-2026-04-27-130428.png\"><img loading=\"lazy\" decoding=\"async\" width=\"836\" height=\"263\" src=\"https:\/\/site.ac-martinique.fr\/lyc-josephzobel\/wp-content\/uploads\/sites\/37\/2026\/04\/Capture-decran-2026-04-27-130428.png\" alt=\"\" class=\"wp-image-8541\" srcset=\"https:\/\/site.ac-martinique.fr\/lyc-josephzobel\/wp-content\/uploads\/sites\/37\/2026\/04\/Capture-decran-2026-04-27-130428.png 836w, https:\/\/site.ac-martinique.fr\/lyc-josephzobel\/wp-content\/uploads\/sites\/37\/2026\/04\/Capture-decran-2026-04-27-130428-300x94.png 300w, https:\/\/site.ac-martinique.fr\/lyc-josephzobel\/wp-content\/uploads\/sites\/37\/2026\/04\/Capture-decran-2026-04-27-130428-768x242.png 768w\" sizes=\"auto, (max-width: 836px) 100vw, 836px\" \/><\/a><\/figure>\n\n\n\n<figure class=\"wp-block-image size-full\"><a href=\"https:\/\/site.ac-martinique.fr\/lyc-josephzobel\/wp-content\/uploads\/sites\/37\/2026\/04\/Capture-decran-2026-04-27-130532.png\"><img loading=\"lazy\" decoding=\"async\" width=\"684\" height=\"283\" src=\"https:\/\/site.ac-martinique.fr\/lyc-josephzobel\/wp-content\/uploads\/sites\/37\/2026\/04\/Capture-decran-2026-04-27-130532.png\" alt=\"\" class=\"wp-image-8542\" srcset=\"https:\/\/site.ac-martinique.fr\/lyc-josephzobel\/wp-content\/uploads\/sites\/37\/2026\/04\/Capture-decran-2026-04-27-130532.png 684w, https:\/\/site.ac-martinique.fr\/lyc-josephzobel\/wp-content\/uploads\/sites\/37\/2026\/04\/Capture-decran-2026-04-27-130532-300x124.png 300w\" sizes=\"auto, (max-width: 684px) 100vw, 684px\" \/><\/a><\/figure>\n\n\n\n<p>Avant le match, petites r\u00e9visions des strat\u00e9gies pour gagner.<\/p>\n\n\n\n<figure class=\"wp-block-image size-full\"><a href=\"https:\/\/site.ac-martinique.fr\/lyc-josephzobel\/wp-content\/uploads\/sites\/37\/2026\/04\/Capture-decran-2026-04-27-130607.png\"><img loading=\"lazy\" decoding=\"async\" width=\"470\" height=\"117\" src=\"https:\/\/site.ac-martinique.fr\/lyc-josephzobel\/wp-content\/uploads\/sites\/37\/2026\/04\/Capture-decran-2026-04-27-130607.png\" alt=\"\" class=\"wp-image-8543\" srcset=\"https:\/\/site.ac-martinique.fr\/lyc-josephzobel\/wp-content\/uploads\/sites\/37\/2026\/04\/Capture-decran-2026-04-27-130607.png 470w, https:\/\/site.ac-martinique.fr\/lyc-josephzobel\/wp-content\/uploads\/sites\/37\/2026\/04\/Capture-decran-2026-04-27-130607-300x75.png 300w\" sizes=\"auto, (max-width: 470px) 100vw, 470px\" \/><\/a><\/figure>\n\n\n\n<p>Nous voil\u00e0 en finale !!! S\u00e9r\u00e9nit\u00e9, lucidit\u00e9 et respect des consignes. Prendre plaisir \u00e0 jouer ensemble, les uns pour les autres.<\/p>\n\n\n\n<div class=\"wp-block-group is-nowrap is-layout-flex wp-container-core-group-is-layout-ad2f72ca wp-block-group-is-layout-flex\">\n<figure class=\"wp-block-image size-full\"><a href=\"https:\/\/site.ac-martinique.fr\/lyc-josephzobel\/wp-content\/uploads\/sites\/37\/2026\/04\/Capture-decran-2026-04-27-130655.png\"><img loading=\"lazy\" decoding=\"async\" width=\"514\" height=\"405\" src=\"https:\/\/site.ac-martinique.fr\/lyc-josephzobel\/wp-content\/uploads\/sites\/37\/2026\/04\/Capture-decran-2026-04-27-130655.png\" alt=\"\" class=\"wp-image-8545\" srcset=\"https:\/\/site.ac-martinique.fr\/lyc-josephzobel\/wp-content\/uploads\/sites\/37\/2026\/04\/Capture-decran-2026-04-27-130655.png 514w, https:\/\/site.ac-martinique.fr\/lyc-josephzobel\/wp-content\/uploads\/sites\/37\/2026\/04\/Capture-decran-2026-04-27-130655-300x236.png 300w\" sizes=\"auto, (max-width: 514px) 100vw, 514px\" \/><\/a><\/figure>\n\n\n\n<p>Match de tr\u00e8s bon niveau de Futsal !<\/p>\n<\/div>\n\n\n\n<p>A 30 secondes de la fin, les Reds m\u00e8nent 1 \u00e0 0, coups francs en faveur des Blancs (Lumina) pr\u00e8s de la surface du gardien !!<\/p>\n\n\n\n<p>A 3 secondes de la fin, \u00e9galisation.<\/p>\n\n\n\n<p>Nous voil\u00e0 repartis pour 5 minutes de prolongation et but en or, au premier qui marque.<\/p>\n\n\n\n<p>Woulo bravo \u00e0 cette belle \u00e9quipe <strong>Zobel Team pro<\/strong> !!<\/p>\n\n\n\n<div class=\"wp-block-group is-nowrap is-layout-flex wp-container-core-group-is-layout-ad2f72ca wp-block-group-is-layout-flex\">\n<p>Attitude exemplaire, une qualit\u00e9 de jeu au m\u00eame niveau du 1er au 5\u00e8me match avec des organismes endoloris et des entorses aux chevilles sont \u00e0 relever.<\/p>\n\n\n\n<figure class=\"wp-block-image size-full\"><a href=\"https:\/\/site.ac-martinique.fr\/lyc-josephzobel\/wp-content\/uploads\/sites\/37\/2026\/04\/Capture-decran-2026-04-27-130718.png\"><img loading=\"lazy\" decoding=\"async\" width=\"499\" height=\"371\" src=\"https:\/\/site.ac-martinique.fr\/lyc-josephzobel\/wp-content\/uploads\/sites\/37\/2026\/04\/Capture-decran-2026-04-27-130718.png\" alt=\"\" class=\"wp-image-8544\" srcset=\"https:\/\/site.ac-martinique.fr\/lyc-josephzobel\/wp-content\/uploads\/sites\/37\/2026\/04\/Capture-decran-2026-04-27-130718.png 499w, https:\/\/site.ac-martinique.fr\/lyc-josephzobel\/wp-content\/uploads\/sites\/37\/2026\/04\/Capture-decran-2026-04-27-130718-300x223.png 300w\" sizes=\"auto, (max-width: 499px) 100vw, 499px\" \/><\/a><\/figure>\n<\/div>\n\n\n\n<div class=\"wp-block-group is-nowrap is-layout-flex wp-container-core-group-is-layout-ad2f72ca wp-block-group-is-layout-flex\">\n<p>Un mental in\u00e9branlable durant toutes les rencontres et un respect total des adversaires, des arbitres et de l\u2019assistance sont des qualit\u00e9s que nos \u00e9l\u00e8ves ont mis en valeur.<\/p>\n<\/div>\n\n\n\n<p>Remerciements :<\/p>\n\n\n\n<ul class=\"wp-block-list\">\n<li>Au LP BISSOL, organisateur du tournoi, les coll\u00e8gues EPS et le proviseur M. CATAYEE ;<\/li>\n\n\n\n<li>A Jocelyn de la Vie scolaire pour l\u2019encadrement du groupe et la couverture photos\/vid\u00e9os ;<\/li>\n\n\n\n<li>A M. GUIOSE Henri, pour sa confiance dans ce projet ;<\/li>\n\n\n\n<li>Au service du D.D.F.P.T, pour la mise \u00e0 disposition d\u2019un \u00e9l\u00e8ve en stage ce jour ;<\/li>\n\n\n\n<li>Au service communication.<\/li>\n<\/ul>\n\n\n\n<p class=\"has-text-align-right\"><strong><em>Merci \u00e0 M. MARCELLIN Mo\u00efse pour le partage.<\/em><\/strong><\/p>\n\n\n\n<p><\/p>\n","protected":false},"excerpt":{"rendered":"<p>La team ZOBEL a r\u00e9alis\u00e9 un sans faute le mercredi 28 janvier au plateau sportif du lyc\u00e9e : Avec calme et s\u00e9r\u00e9nit\u00e9 nos Reds ont vaincu un des plus redoutables adversaires du district Sud. Les Reds sont en route pour les quarts de finales pr\u00e9vus le 20 mars. Un grand merci \u00e0 Sophie L. jeune [&hellip;]<\/p>\n","protected":false},"author":525,"featured_media":8410,"comment_status":"closed","ping_status":"open","sticky":false,"template":"","format":"standard","meta":{"pagelayer_contact_templates":[],"_pagelayer_content":"","footnotes":""},"categories":[1],"tags":[],"class_list":["post-8540","post","type-post","status-publish","format-standard","has-post-thumbnail","hentry","category-non-classe"],"_links":{"self":[{"href":"https:\/\/site.ac-martinique.fr\/lyc-josephzobel\/index.php?rest_route=\/wp\/v2\/posts\/8540","targetHints":{"allow":["GET"]}}],"collection":[{"href":"https:\/\/site.ac-martinique.fr\/lyc-josephzobel\/index.php?rest_route=\/wp\/v2\/posts"}],"about":[{"href":"https:\/\/site.ac-martinique.fr\/lyc-josephzobel\/index.php?rest_route=\/wp\/v2\/types\/post"}],"author":[{"embeddable":true,"href":"https:\/\/site.ac-martinique.fr\/lyc-josephzobel\/index.php?rest_route=\/wp\/v2\/users\/525"}],"replies":[{"embeddable":true,"href":"https:\/\/site.ac-martinique.fr\/lyc-josephzobel\/index.php?rest_route=%2Fwp%2Fv2%2Fcomments&post=8540"}],"version-history":[{"count":1,"href":"https:\/\/site.ac-martinique.fr\/lyc-josephzobel\/index.php?rest_route=\/wp\/v2\/posts\/8540\/revisions"}],"predecessor-version":[{"id":8546,"href":"https:\/\/site.ac-martinique.fr\/lyc-josephzobel\/index.php?rest_route=\/wp\/v2\/posts\/8540\/revisions\/8546"}],"wp:featuredmedia":[{"embeddable":true,"href":"https:\/\/site.ac-martinique.fr\/lyc-josephzobel\/index.php?rest_route=\/wp\/v2\/media\/8410"}],"wp:attachment":[{"href":"https:\/\/site.ac-martinique.fr\/lyc-josephzobel\/index.php?rest_route=%2Fwp%2Fv2%2Fmedia&parent=8540"}],"wp:term":[{"taxonomy":"category","embeddable":true,"href":"https:\/\/site.ac-martinique.fr\/lyc-josephzobel\/index.php?rest_route=%2Fwp%2Fv2%2Fcategories&post=8540"},{"taxonomy":"post_tag","embeddable":true,"href":"https:\/\/site.ac-martinique.fr\/lyc-josephzobel\/index.php?rest_route=%2Fwp%2Fv2%2Ftags&post=8540"}],"curies":[{"name":"wp","href":"https:\/\/api.w.org\/{rel}","templated":true}]}}