{"id":8556,"date":"2026-04-28T10:11:41","date_gmt":"2026-04-28T14:11:41","guid":{"rendered":"https:\/\/site.ac-martinique.fr\/lyc-josephzobel\/?p=8556"},"modified":"2026-04-28T10:11:41","modified_gmt":"2026-04-28T14:11:41","slug":"les-nuits-de-la-lecture","status":"publish","type":"post","link":"https:\/\/site.ac-martinique.fr\/lyc-josephzobel\/?p=8556","title":{"rendered":"LES NUITS DE LA LECTURE"},"content":{"rendered":"\n<p>Pour sa 10\u00e8me \u00e9dition, la th\u00e9matique retenue au niveau national \u00e9tait <strong>\u201cVilles &amp; campagnes\u201d.<\/strong> L\u2019occasion toute trouv\u00e9e de red\u00e9couvrir l\u2019\u0153uvre de Joseph Zobel <strong>\u201cLa rue Cases-N\u00e8gres\u201d<\/strong> m\u00ealant campagne et cit\u00e9 dans la Martinique du XXe si\u00e8cle.<\/p>\n\n\n\n<p>\u00c0 partir du court-m\u00e9trage documentaire <strong>\u00ab Sur les traces de Zobel\u2026 \u00bb<\/strong>, r\u00e9alis\u00e9 en 2017 par une \u00e9quipe pluridisciplinaire (coll\u00e8ge G. \u00c9lisabeth et m\u00e9diath\u00e8que de Rivi\u00e8re-Sal\u00e9e), nous proposions une travers\u00e9e sensible et vivante de son univers.<\/p>\n\n\n\n<div class=\"wp-block-group is-nowrap is-layout-flex wp-container-core-group-is-layout-ad2f72ca wp-block-group-is-layout-flex\">\n<p>La s\u00e9ance s\u2019est articul\u00e9e autour de la projection du film, ponctu\u00e9e d\u2019arr\u00eats sur image, de lectures de textes d\u00e9clam\u00e9s par des coll\u00e9giens &amp; des lyc\u00e9ens et d\u2019interventions rythm\u00e9es par un tambouy\u00e9. Un d\u00e9cor au fil des mots, des images et des sons&#8230;<\/p>\n<\/div>\n\n\n\n<figure class=\"wp-block-image size-full\"><a href=\"https:\/\/site.ac-martinique.fr\/lyc-josephzobel\/wp-content\/uploads\/sites\/37\/2026\/04\/Capture-decran-2026-04-28-100709.png\"><img loading=\"lazy\" decoding=\"async\" width=\"570\" height=\"351\" src=\"https:\/\/site.ac-martinique.fr\/lyc-josephzobel\/wp-content\/uploads\/sites\/37\/2026\/04\/Capture-decran-2026-04-28-100709.png\" alt=\"\" class=\"wp-image-8560\" srcset=\"https:\/\/site.ac-martinique.fr\/lyc-josephzobel\/wp-content\/uploads\/sites\/37\/2026\/04\/Capture-decran-2026-04-28-100709.png 570w, https:\/\/site.ac-martinique.fr\/lyc-josephzobel\/wp-content\/uploads\/sites\/37\/2026\/04\/Capture-decran-2026-04-28-100709-300x185.png 300w\" sizes=\"auto, (max-width: 570px) 100vw, 570px\" \/><\/a><\/figure>\n\n\n\n<div class=\"wp-block-group is-nowrap is-layout-flex wp-container-core-group-is-layout-ad2f72ca wp-block-group-is-layout-flex\">\n<p>Ainsi, les \u00e9l\u00e8ves ont explor\u00e9 d\u2019abord la notion de ruralit\u00e9 telle que Zobel l\u2019a v\u00e9cue, avant de \u00ab franchir le pont \u00bb vers la cit\u00e9&#8230; Une pr\u00e9sentation de la ville de Rivi\u00e8re-Sal\u00e9e \u00e0 travers des maquettes, r\u00e9alis\u00e9es par M. Louri historien autodidacte, repr\u00e9sentant quelques-uns de ses monuments d\u2019\u00e9poque, qui ont retrouv\u00e9 vie pour l\u2019occasion&#8230;<\/p>\n<\/div>\n\n\n\n<figure class=\"wp-block-image size-full\"><a href=\"https:\/\/site.ac-martinique.fr\/lyc-josephzobel\/wp-content\/uploads\/sites\/37\/2026\/04\/Capture-decran-2026-04-28-100736.png\"><img loading=\"lazy\" decoding=\"async\" width=\"380\" height=\"348\" src=\"https:\/\/site.ac-martinique.fr\/lyc-josephzobel\/wp-content\/uploads\/sites\/37\/2026\/04\/Capture-decran-2026-04-28-100736.png\" alt=\"\" class=\"wp-image-8559\" srcset=\"https:\/\/site.ac-martinique.fr\/lyc-josephzobel\/wp-content\/uploads\/sites\/37\/2026\/04\/Capture-decran-2026-04-28-100736.png 380w, https:\/\/site.ac-martinique.fr\/lyc-josephzobel\/wp-content\/uploads\/sites\/37\/2026\/04\/Capture-decran-2026-04-28-100736-300x275.png 300w\" sizes=\"auto, (max-width: 380px) 100vw, 380px\" \/><\/a><\/figure>\n\n\n\n<div class=\"wp-block-group is-nowrap is-layout-flex wp-container-core-group-is-layout-ad2f72ca wp-block-group-is-layout-flex\">\n<figure class=\"wp-block-image size-full\"><a href=\"https:\/\/site.ac-martinique.fr\/lyc-josephzobel\/wp-content\/uploads\/sites\/37\/2026\/04\/Capture-decran-2026-04-28-100808.png\"><img loading=\"lazy\" decoding=\"async\" width=\"629\" height=\"348\" src=\"https:\/\/site.ac-martinique.fr\/lyc-josephzobel\/wp-content\/uploads\/sites\/37\/2026\/04\/Capture-decran-2026-04-28-100808.png\" alt=\"\" class=\"wp-image-8558\" srcset=\"https:\/\/site.ac-martinique.fr\/lyc-josephzobel\/wp-content\/uploads\/sites\/37\/2026\/04\/Capture-decran-2026-04-28-100808.png 629w, https:\/\/site.ac-martinique.fr\/lyc-josephzobel\/wp-content\/uploads\/sites\/37\/2026\/04\/Capture-decran-2026-04-28-100808-300x166.png 300w\" sizes=\"auto, (max-width: 629px) 100vw, 629px\" \/><\/a><\/figure>\n\n\n\n<p>Une belle rencontre coll\u00e8ge-lyc\u00e9e dont le format a \u00e9t\u00e9 largement appr\u00e9ci\u00e9. Une id\u00e9e \u201cinspirante\u201d selon certains participants&#8230;<\/p>\n<\/div>\n\n\n\n<p class=\"has-vivid-cyan-blue-to-vivid-purple-gradient-background has-background\">Des <strong>remerciements appuy\u00e9s<\/strong> \u00e0 tous les <strong>partenaires, jeunes &amp; adultes<\/strong>, qui ont pris part \u00e0 l\u2019\u00e9v\u00e9nement de ce 06 f\u00e9vrier 2026&#8230;<\/p>\n\n\n\n<p class=\"has-text-align-right\"><strong><em>Un grand merci \u00e0 Mme JEANNE Marie-Dominique pour le partage et son temps pour attirer les \u00e9l\u00e8ves.<\/em><\/strong><\/p>\n","protected":false},"excerpt":{"rendered":"<p>Pour sa 10\u00e8me \u00e9dition, la th\u00e9matique retenue au niveau national \u00e9tait \u201cVilles &amp; campagnes\u201d. L\u2019occasion toute trouv\u00e9e de red\u00e9couvrir l\u2019\u0153uvre de Joseph Zobel \u201cLa rue Cases-N\u00e8gres\u201d m\u00ealant campagne et cit\u00e9 dans la Martinique du XXe si\u00e8cle. \u00c0 partir du court-m\u00e9trage documentaire \u00ab Sur les traces de Zobel\u2026 \u00bb, r\u00e9alis\u00e9 en 2017 par une \u00e9quipe pluridisciplinaire [&hellip;]<\/p>\n","protected":false},"author":525,"featured_media":8557,"comment_status":"closed","ping_status":"open","sticky":false,"template":"","format":"standard","meta":{"pagelayer_contact_templates":[],"_pagelayer_content":"","footnotes":""},"categories":[1],"tags":[],"class_list":["post-8556","post","type-post","status-publish","format-standard","has-post-thumbnail","hentry","category-non-classe"],"_links":{"self":[{"href":"https:\/\/site.ac-martinique.fr\/lyc-josephzobel\/index.php?rest_route=\/wp\/v2\/posts\/8556","targetHints":{"allow":["GET"]}}],"collection":[{"href":"https:\/\/site.ac-martinique.fr\/lyc-josephzobel\/index.php?rest_route=\/wp\/v2\/posts"}],"about":[{"href":"https:\/\/site.ac-martinique.fr\/lyc-josephzobel\/index.php?rest_route=\/wp\/v2\/types\/post"}],"author":[{"embeddable":true,"href":"https:\/\/site.ac-martinique.fr\/lyc-josephzobel\/index.php?rest_route=\/wp\/v2\/users\/525"}],"replies":[{"embeddable":true,"href":"https:\/\/site.ac-martinique.fr\/lyc-josephzobel\/index.php?rest_route=%2Fwp%2Fv2%2Fcomments&post=8556"}],"version-history":[{"count":1,"href":"https:\/\/site.ac-martinique.fr\/lyc-josephzobel\/index.php?rest_route=\/wp\/v2\/posts\/8556\/revisions"}],"predecessor-version":[{"id":8561,"href":"https:\/\/site.ac-martinique.fr\/lyc-josephzobel\/index.php?rest_route=\/wp\/v2\/posts\/8556\/revisions\/8561"}],"wp:featuredmedia":[{"embeddable":true,"href":"https:\/\/site.ac-martinique.fr\/lyc-josephzobel\/index.php?rest_route=\/wp\/v2\/media\/8557"}],"wp:attachment":[{"href":"https:\/\/site.ac-martinique.fr\/lyc-josephzobel\/index.php?rest_route=%2Fwp%2Fv2%2Fmedia&parent=8556"}],"wp:term":[{"taxonomy":"category","embeddable":true,"href":"https:\/\/site.ac-martinique.fr\/lyc-josephzobel\/index.php?rest_route=%2Fwp%2Fv2%2Fcategories&post=8556"},{"taxonomy":"post_tag","embeddable":true,"href":"https:\/\/site.ac-martinique.fr\/lyc-josephzobel\/index.php?rest_route=%2Fwp%2Fv2%2Ftags&post=8556"}],"curies":[{"name":"wp","href":"https:\/\/api.w.org\/{rel}","templated":true}]}}