{"id":8562,"date":"2026-04-28T10:17:45","date_gmt":"2026-04-28T14:17:45","guid":{"rendered":"https:\/\/site.ac-martinique.fr\/lyc-josephzobel\/?p=8562"},"modified":"2026-04-28T10:17:45","modified_gmt":"2026-04-28T14:17:45","slug":"doc-dac-journee-mondiale-des-zones-humides","status":"publish","type":"post","link":"https:\/\/site.ac-martinique.fr\/lyc-josephzobel\/?p=8562","title":{"rendered":"DOC &amp; DAC : JOURN\u00c9E MONDIALE DES ZONES HUMIDES"},"content":{"rendered":"\n<p>Dans le cadre de son projet <strong>\u00ab Doc &amp; Dac 2026 \u00bb<\/strong>, et afin de marquer la Journ\u00e9e mondiale des zones humides (officiellement du 2 f\u00e9vrier 2026), l\u2019\u00e9quipe du CDI avait invit\u00e9 ce 23 f\u00e9vrier 2026, <strong>Mme M\u00e9lanie HERTEMAN<\/strong>, <em>Dr. en \u00c9cologie et Ing\u00e9nierie \u00c9cologique &#8211; Sp\u00e9cialiste Mangroves et Zones Humides<\/em>, qui s\u2019est fait repr\u00e9senter par <strong>Mme Yolie TH\u00c9OTISTE<\/strong>, <em>g\u00e9ographe<\/em>, et <strong>M. Anthony SULLY-ALEXANDRINE<\/strong>, <em>stagiaire<\/em>, tous trois membres de <strong>\u00ab Nature et D\u00e9veloppement \u00bb<\/strong>.<\/p>\n\n\n\n<p>Apr\u00e8s les avoir accueillis \u00e0 l\u2019amphith\u00e9\u00e2tre du lyc\u00e9e, Mme JEANNE la professeure-documentaliste, et Mme BARTHELOT son aide-documentaliste, ont introduit la conf\u00e9rence et pr\u00e9sent\u00e9 les intervenants au public.<\/p>\n\n\n\n<div class=\"wp-block-group is-nowrap is-layout-flex wp-container-core-group-is-layout-ad2f72ca wp-block-group-is-layout-flex\">\n<p>Alors que, dans une premi\u00e8re partie, le film <strong>\u00ab La mangrove, terre nourrici\u00e8re des martiniquais \u00bb<\/strong> \u00e9tait projet\u00e9 <em>(diffus\u00e9 sur Arte dans l\u2019\u00e9mission \u00ab Invitation au voyage \u00bb en novembre 2024, dur\u00e9e du film : 11 min)*<\/em>, ce n\u2019est qu\u2019\u00e0 partir de la deuxi\u00e8me partie, avec la pr\u00e9sentation des aspects techniques et culturels des mangroves et des autres zones humides d\u00e9velopp\u00e9e par Mme TH\u00c9OTISTE, que l\u2019interaction s\u2019est peu \u00e0 peu mise en place et que le public a pu poser quelques questions marquant ainsi son int\u00e9r\u00eat pour les questions \u00e9cologiques locales.<\/p>\n\n\n\n<figure class=\"wp-block-image size-large is-style-tw-rounded-corners\"><a href=\"https:\/\/site.ac-martinique.fr\/lyc-josephzobel\/wp-content\/uploads\/sites\/37\/2026\/04\/20260223_131620-1-scaled.jpg\"><img loading=\"lazy\" decoding=\"async\" width=\"1024\" height=\"768\" src=\"https:\/\/site.ac-martinique.fr\/lyc-josephzobel\/wp-content\/uploads\/sites\/37\/2026\/04\/20260223_131620-1-1024x768.jpg\" alt=\"\" class=\"wp-image-8565\" srcset=\"https:\/\/site.ac-martinique.fr\/lyc-josephzobel\/wp-content\/uploads\/sites\/37\/2026\/04\/20260223_131620-1-1024x768.jpg 1024w, https:\/\/site.ac-martinique.fr\/lyc-josephzobel\/wp-content\/uploads\/sites\/37\/2026\/04\/20260223_131620-1-300x225.jpg 300w, https:\/\/site.ac-martinique.fr\/lyc-josephzobel\/wp-content\/uploads\/sites\/37\/2026\/04\/20260223_131620-1-768x576.jpg 768w, https:\/\/site.ac-martinique.fr\/lyc-josephzobel\/wp-content\/uploads\/sites\/37\/2026\/04\/20260223_131620-1-1536x1152.jpg 1536w, https:\/\/site.ac-martinique.fr\/lyc-josephzobel\/wp-content\/uploads\/sites\/37\/2026\/04\/20260223_131620-1-2048x1536.jpg 2048w\" sizes=\"auto, (max-width: 1024px) 100vw, 1024px\" \/><\/a><\/figure>\n<\/div>\n\n\n\n<div class=\"wp-block-group is-nowrap is-layout-flex wp-container-core-group-is-layout-ad2f72ca wp-block-group-is-layout-flex\">\n<figure class=\"wp-block-image size-large is-style-tw-rounded-corners\"><a href=\"https:\/\/site.ac-martinique.fr\/lyc-josephzobel\/wp-content\/uploads\/sites\/37\/2026\/04\/20260223_135830-scaled.jpg\"><img loading=\"lazy\" decoding=\"async\" width=\"1024\" height=\"768\" src=\"https:\/\/site.ac-martinique.fr\/lyc-josephzobel\/wp-content\/uploads\/sites\/37\/2026\/04\/20260223_135830-1024x768.jpg\" alt=\"\" class=\"wp-image-8563\" srcset=\"https:\/\/site.ac-martinique.fr\/lyc-josephzobel\/wp-content\/uploads\/sites\/37\/2026\/04\/20260223_135830-1024x768.jpg 1024w, https:\/\/site.ac-martinique.fr\/lyc-josephzobel\/wp-content\/uploads\/sites\/37\/2026\/04\/20260223_135830-300x225.jpg 300w, https:\/\/site.ac-martinique.fr\/lyc-josephzobel\/wp-content\/uploads\/sites\/37\/2026\/04\/20260223_135830-768x576.jpg 768w, https:\/\/site.ac-martinique.fr\/lyc-josephzobel\/wp-content\/uploads\/sites\/37\/2026\/04\/20260223_135830-1536x1152.jpg 1536w, https:\/\/site.ac-martinique.fr\/lyc-josephzobel\/wp-content\/uploads\/sites\/37\/2026\/04\/20260223_135830-2048x1536.jpg 2048w\" sizes=\"auto, (max-width: 1024px) 100vw, 1024px\" \/><\/a><\/figure>\n\n\n\n<p>Nos invit\u00e9s en ont \u00e9t\u00e9 ravis. Ravis de cette s\u00e9ance de sensibilisation, de la qualit\u00e9 des \u00e9changes et de l\u2019int\u00e9r\u00eat manifeste des lyc\u00e9ens pour le sujet abord\u00e9.<\/p>\n<\/div>\n\n\n\n<p>Ce lundi 23 f\u00e9vrier 2026, 22 \u00e9l\u00e8ves et 5 adultes avaient fait le d\u00e9placement, 2 groupes du LP accompagn\u00e9s de leurs enseignants ainsi que quelques \u00e9l\u00e8ves venus par int\u00e9r\u00eat.<\/p>\n\n\n\n<p>L\u2019intervention a \u00e9t\u00e9 un succ\u00e8s, les \u00e9l\u00e8ves restant volontiers apr\u00e8s l\u2019heure, posant de nouvelles questions\u2026 Le temps imparti paraissant trop court\u2026<\/p>\n\n\n\n<p>*Disponible en suivant le lien : <a href=\"https:\/\/www.youtube.com\/watch?v=xRsoJxWJaVo\" target=\"_blank\" rel=\"noreferrer noopener\">https:\/\/www.youtube.com\/watch?v=xRsoJxWJaVo<\/a><\/p>\n\n\n\n<p class=\"has-text-align-right\"><strong><em>Un grand merci \u00e0 Mme JEANNE Marie-Dominique pour le partage.<\/em><\/strong><\/p>\n","protected":false},"excerpt":{"rendered":"<p>Dans le cadre de son projet \u00ab Doc &amp; Dac 2026 \u00bb, et afin de marquer la Journ\u00e9e mondiale des zones humides (officiellement du 2 f\u00e9vrier 2026), l\u2019\u00e9quipe du CDI avait invit\u00e9 ce 23 f\u00e9vrier 2026, Mme M\u00e9lanie HERTEMAN, Dr. en \u00c9cologie et Ing\u00e9nierie \u00c9cologique &#8211; Sp\u00e9cialiste Mangroves et Zones Humides, qui s\u2019est fait repr\u00e9senter [&hellip;]<\/p>\n","protected":false},"author":525,"featured_media":8569,"comment_status":"closed","ping_status":"open","sticky":false,"template":"","format":"standard","meta":{"pagelayer_contact_templates":[],"_pagelayer_content":"","footnotes":""},"categories":[1],"tags":[],"class_list":["post-8562","post","type-post","status-publish","format-standard","has-post-thumbnail","hentry","category-non-classe"],"_links":{"self":[{"href":"https:\/\/site.ac-martinique.fr\/lyc-josephzobel\/index.php?rest_route=\/wp\/v2\/posts\/8562","targetHints":{"allow":["GET"]}}],"collection":[{"href":"https:\/\/site.ac-martinique.fr\/lyc-josephzobel\/index.php?rest_route=\/wp\/v2\/posts"}],"about":[{"href":"https:\/\/site.ac-martinique.fr\/lyc-josephzobel\/index.php?rest_route=\/wp\/v2\/types\/post"}],"author":[{"embeddable":true,"href":"https:\/\/site.ac-martinique.fr\/lyc-josephzobel\/index.php?rest_route=\/wp\/v2\/users\/525"}],"replies":[{"embeddable":true,"href":"https:\/\/site.ac-martinique.fr\/lyc-josephzobel\/index.php?rest_route=%2Fwp%2Fv2%2Fcomments&post=8562"}],"version-history":[{"count":1,"href":"https:\/\/site.ac-martinique.fr\/lyc-josephzobel\/index.php?rest_route=\/wp\/v2\/posts\/8562\/revisions"}],"predecessor-version":[{"id":8570,"href":"https:\/\/site.ac-martinique.fr\/lyc-josephzobel\/index.php?rest_route=\/wp\/v2\/posts\/8562\/revisions\/8570"}],"wp:featuredmedia":[{"embeddable":true,"href":"https:\/\/site.ac-martinique.fr\/lyc-josephzobel\/index.php?rest_route=\/wp\/v2\/media\/8569"}],"wp:attachment":[{"href":"https:\/\/site.ac-martinique.fr\/lyc-josephzobel\/index.php?rest_route=%2Fwp%2Fv2%2Fmedia&parent=8562"}],"wp:term":[{"taxonomy":"category","embeddable":true,"href":"https:\/\/site.ac-martinique.fr\/lyc-josephzobel\/index.php?rest_route=%2Fwp%2Fv2%2Fcategories&post=8562"},{"taxonomy":"post_tag","embeddable":true,"href":"https:\/\/site.ac-martinique.fr\/lyc-josephzobel\/index.php?rest_route=%2Fwp%2Fv2%2Ftags&post=8562"}],"curies":[{"name":"wp","href":"https:\/\/api.w.org\/{rel}","templated":true}]}}