{"id":8590,"date":"2026-04-28T10:44:17","date_gmt":"2026-04-28T14:44:17","guid":{"rendered":"https:\/\/site.ac-martinique.fr\/lyc-josephzobel\/?p=8590"},"modified":"2026-04-28T10:44:17","modified_gmt":"2026-04-28T14:44:17","slug":"mobilite-erasmus","status":"publish","type":"post","link":"https:\/\/site.ac-martinique.fr\/lyc-josephzobel\/?p=8590","title":{"rendered":"MOBILIT\u00c9 ERASMUS"},"content":{"rendered":"\n<p>Du 26 au 30 janvier, le LPO Joseph ZOBEL a re\u00e7u 6 \u00e9l\u00e8ves et 3 adultes dont 2 en stage d\u2019observation, de la Escola secondaria Henrique MEDINA, \u00e0 Esposende au Portugal.<\/p>\n\n\n\n<p>Cette mobilit\u00e9 de groupe d\u2019\u00e9l\u00e8ves de courte dur\u00e9e avait pour objectif p\u00e9dagogique, entre autre une r\u00e9flexion sur la protection de l\u2019environnement et l\u2019h\u00e9ritage culturel.<\/p>\n\n\n\n<p>L\u2019int\u00e9r\u00eat pour les deux structures va bien \u00e9videmment au-del\u00e0 :<\/p>\n\n\n\n<p>Il s\u2019agissait notamment de promouvoir la multi culturalit\u00e9, l\u2019alt\u00e9rit\u00e9, les comp\u00e9tences dans des langues \u00e9trang\u00e8res pour les \u00e9l\u00e8ves et des accompagnants ou encore le r\u00e9seau des contacts de l\u2019\u00e9tablissement pouvant servir \u00e0 la poursuite d\u2019\u00e9tude ou encore \u00e0 de prochaines mobilit\u00e9s.<\/p>\n\n\n\n<p>Des coll\u00e8gues ont bien voulu leur donner acc\u00e8s \u00e0 leur cours, favorisant l\u2019atteinte des premiers objectifs cit\u00e9s pr\u00e9c\u00e9demment :<\/p>\n\n\n\n<ul class=\"wp-block-list\">\n<li>Espagnol avec Mme D\u00e9rosier,<\/li>\n\n\n\n<li>Histoire avec Mme Louis-Leopold Cossou ;<\/li>\n\n\n\n<li>Instruction civique (la GPA et l\u2019\u00e9thique) avec Mme Lacavalerie ;<\/li>\n\n\n\n<li>AMC avec Mmes Betzy, Cervenik et M. Sylvestre ;<\/li>\n\n\n\n<li>Anglais avec Mme Florent ;<\/li>\n\n\n\n<li>Math\u00e9matiques avec M. Ramdani ;<\/li>\n\n\n\n<li>Portugais avec Mme Pita-Marques.<\/li>\n<\/ul>\n\n\n\n<p>D\u2019autres coll\u00e8gues, sur leur temps libre, ont accept\u00e9 d\u2019\u00e9laborer des ateliers contribuant tout autant \u00e0 atteindre les objectifs :<\/p>\n\n\n\n<p>Martinican musics and Caribean rythms avec Mr Louis-Marie accompagn\u00e9 de notre \u00e9l\u00e8ve de Luap Christophe, B\u00e8l\u00e8 et Dami\u00e9 avec Mr Marcelin.<\/p>\n\n\n\n<p>Le Mus\u00e9e de la Pagerie, la Savane des esclaves, la Foret Vatable, l\u2019Habitation Cl\u00e9ment, le Jardin de Balata, Le Centre ville de Fort de France avec notamment la Biblioth\u00e8que Schoelcher et les batiments d\u2019architecture coloniale environnants.<\/p>\n\n\n\n<p class=\"has-vivid-cyan-blue-to-vivid-purple-gradient-background has-background\"><strong>Un chaleureux merci est adress\u00e9 \u00e0 ces personnels, ainsi qu\u2019au service g\u00e9n\u00e9ral notamment \u00e0 Mme Taupin, pour leur contribution \u00e0 la l&rsquo;ouverture du Lyc\u00e9e \u00e0 l\u2019international.<\/strong><\/p>\n\n\n\n<figure class=\"wp-block-gallery has-nested-images columns-default is-cropped wp-block-gallery-1 is-layout-flex wp-block-gallery-is-layout-flex\">\n<figure class=\"wp-block-image size-large is-style-tw-rounded-corners\"><a href=\"https:\/\/site.ac-martinique.fr\/lyc-josephzobel\/wp-content\/uploads\/sites\/37\/2026\/04\/20260127_103433-scaled.jpg\"><img loading=\"lazy\" decoding=\"async\" width=\"1024\" height=\"768\" data-id=\"8591\" src=\"https:\/\/site.ac-martinique.fr\/lyc-josephzobel\/wp-content\/uploads\/sites\/37\/2026\/04\/20260127_103433-1024x768.jpg\" alt=\"\" class=\"wp-image-8591\" srcset=\"https:\/\/site.ac-martinique.fr\/lyc-josephzobel\/wp-content\/uploads\/sites\/37\/2026\/04\/20260127_103433-1024x768.jpg 1024w, https:\/\/site.ac-martinique.fr\/lyc-josephzobel\/wp-content\/uploads\/sites\/37\/2026\/04\/20260127_103433-300x225.jpg 300w, https:\/\/site.ac-martinique.fr\/lyc-josephzobel\/wp-content\/uploads\/sites\/37\/2026\/04\/20260127_103433-768x576.jpg 768w, https:\/\/site.ac-martinique.fr\/lyc-josephzobel\/wp-content\/uploads\/sites\/37\/2026\/04\/20260127_103433-1536x1152.jpg 1536w, https:\/\/site.ac-martinique.fr\/lyc-josephzobel\/wp-content\/uploads\/sites\/37\/2026\/04\/20260127_103433-2048x1536.jpg 2048w\" sizes=\"auto, (max-width: 1024px) 100vw, 1024px\" \/><\/a><\/figure>\n\n\n\n<figure class=\"wp-block-image size-large is-style-tw-rounded-corners\"><a href=\"https:\/\/site.ac-martinique.fr\/lyc-josephzobel\/wp-content\/uploads\/sites\/37\/2026\/04\/2.png\"><img loading=\"lazy\" decoding=\"async\" width=\"457\" height=\"339\" data-id=\"8592\" src=\"https:\/\/site.ac-martinique.fr\/lyc-josephzobel\/wp-content\/uploads\/sites\/37\/2026\/04\/2.png\" alt=\"\" class=\"wp-image-8592\" srcset=\"https:\/\/site.ac-martinique.fr\/lyc-josephzobel\/wp-content\/uploads\/sites\/37\/2026\/04\/2.png 457w, https:\/\/site.ac-martinique.fr\/lyc-josephzobel\/wp-content\/uploads\/sites\/37\/2026\/04\/2-300x223.png 300w\" sizes=\"auto, (max-width: 457px) 100vw, 457px\" \/><\/a><\/figure>\n<\/figure>\n\n\n\n<p class=\"has-text-align-right\"><strong><em>Merci \u00e0 M. DANGLADES Olivier pour le partage.<\/em><\/strong><\/p>\n\n\n\n<p><\/p>\n","protected":false},"excerpt":{"rendered":"<p>Du 26 au 30 janvier, le LPO Joseph ZOBEL a re\u00e7u 6 \u00e9l\u00e8ves et 3 adultes dont 2 en stage d\u2019observation, de la Escola secondaria Henrique MEDINA, \u00e0 Esposende au Portugal. Cette mobilit\u00e9 de groupe d\u2019\u00e9l\u00e8ves de courte dur\u00e9e avait pour objectif p\u00e9dagogique, entre autre une r\u00e9flexion sur la protection de l\u2019environnement et l\u2019h\u00e9ritage culturel. [&hellip;]<\/p>\n","protected":false},"author":525,"featured_media":8593,"comment_status":"closed","ping_status":"open","sticky":false,"template":"","format":"standard","meta":{"pagelayer_contact_templates":[],"_pagelayer_content":"","footnotes":""},"categories":[1],"tags":[],"class_list":["post-8590","post","type-post","status-publish","format-standard","has-post-thumbnail","hentry","category-non-classe"],"_links":{"self":[{"href":"https:\/\/site.ac-martinique.fr\/lyc-josephzobel\/index.php?rest_route=\/wp\/v2\/posts\/8590","targetHints":{"allow":["GET"]}}],"collection":[{"href":"https:\/\/site.ac-martinique.fr\/lyc-josephzobel\/index.php?rest_route=\/wp\/v2\/posts"}],"about":[{"href":"https:\/\/site.ac-martinique.fr\/lyc-josephzobel\/index.php?rest_route=\/wp\/v2\/types\/post"}],"author":[{"embeddable":true,"href":"https:\/\/site.ac-martinique.fr\/lyc-josephzobel\/index.php?rest_route=\/wp\/v2\/users\/525"}],"replies":[{"embeddable":true,"href":"https:\/\/site.ac-martinique.fr\/lyc-josephzobel\/index.php?rest_route=%2Fwp%2Fv2%2Fcomments&post=8590"}],"version-history":[{"count":1,"href":"https:\/\/site.ac-martinique.fr\/lyc-josephzobel\/index.php?rest_route=\/wp\/v2\/posts\/8590\/revisions"}],"predecessor-version":[{"id":8594,"href":"https:\/\/site.ac-martinique.fr\/lyc-josephzobel\/index.php?rest_route=\/wp\/v2\/posts\/8590\/revisions\/8594"}],"wp:featuredmedia":[{"embeddable":true,"href":"https:\/\/site.ac-martinique.fr\/lyc-josephzobel\/index.php?rest_route=\/wp\/v2\/media\/8593"}],"wp:attachment":[{"href":"https:\/\/site.ac-martinique.fr\/lyc-josephzobel\/index.php?rest_route=%2Fwp%2Fv2%2Fmedia&parent=8590"}],"wp:term":[{"taxonomy":"category","embeddable":true,"href":"https:\/\/site.ac-martinique.fr\/lyc-josephzobel\/index.php?rest_route=%2Fwp%2Fv2%2Fcategories&post=8590"},{"taxonomy":"post_tag","embeddable":true,"href":"https:\/\/site.ac-martinique.fr\/lyc-josephzobel\/index.php?rest_route=%2Fwp%2Fv2%2Ftags&post=8590"}],"curies":[{"name":"wp","href":"https:\/\/api.w.org\/{rel}","templated":true}]}}