{"id":8596,"date":"2026-04-28T10:54:09","date_gmt":"2026-04-28T14:54:09","guid":{"rendered":"https:\/\/site.ac-martinique.fr\/lyc-josephzobel\/?p=8596"},"modified":"2026-04-28T10:54:09","modified_gmt":"2026-04-28T14:54:09","slug":"une-journe-a-sainte-lucie","status":"publish","type":"post","link":"https:\/\/site.ac-martinique.fr\/lyc-josephzobel\/?p=8596","title":{"rendered":"UNE JOURN\u00c9 A SAINTE LUCIE"},"content":{"rendered":"\n<p>Le mercredi 25 f\u00e9vrier 2026, les \u00e9l\u00e8ves de section europ\u00e9enne de la SEP ainsi que les \u00e9l\u00e8ves de premi\u00e8re MSPC ont particip\u00e9 \u00e0 une sortie p\u00e9dagogique \u00e0 Sainte-Lucie, accompagn\u00e9s de Mme JOSEPH-JULIEN, M. VOLBERG et M. RISKWAIT.<\/p>\n\n\n\n<p>La matin\u00e9e a \u00e9t\u00e9 consacr\u00e9e \u00e0 la visite du Sir Arthur Lewis Community College. Les \u00e9l\u00e8ves ont pu d\u00e9couvrir plusieurs ateliers, notamment celui de m\u00e9canique ainsi que la salle de construction et de dessin.<\/p>\n\n\n\n<p>Cette visite a \u00e9galement \u00e9t\u00e9 l\u2019occasion d\u2019\u00e9changer avec un professeur de m\u00e9canique, un professeur de construction et plusieurs \u00e9l\u00e8ves de l\u2019\u00e9tablissement, permettant ainsi de partager des exp\u00e9riences et de d\u00e9couvrir le fonctionnement d\u2019un \u00e9tablissement scolaire \u00e0 Sainte-Lucie.<\/p>\n\n\n\n<figure class=\"wp-block-image size-full\"><a href=\"https:\/\/site.ac-martinique.fr\/lyc-josephzobel\/wp-content\/uploads\/sites\/37\/2026\/04\/Capture-decran-2026-04-28-104923.png\"><img loading=\"lazy\" decoding=\"async\" width=\"853\" height=\"755\" src=\"https:\/\/site.ac-martinique.fr\/lyc-josephzobel\/wp-content\/uploads\/sites\/37\/2026\/04\/Capture-decran-2026-04-28-104923.png\" alt=\"\" class=\"wp-image-8598\" srcset=\"https:\/\/site.ac-martinique.fr\/lyc-josephzobel\/wp-content\/uploads\/sites\/37\/2026\/04\/Capture-decran-2026-04-28-104923.png 853w, https:\/\/site.ac-martinique.fr\/lyc-josephzobel\/wp-content\/uploads\/sites\/37\/2026\/04\/Capture-decran-2026-04-28-104923-300x266.png 300w, https:\/\/site.ac-martinique.fr\/lyc-josephzobel\/wp-content\/uploads\/sites\/37\/2026\/04\/Capture-decran-2026-04-28-104923-768x680.png 768w\" sizes=\"auto, (max-width: 853px) 100vw, 853px\" \/><\/a><\/figure>\n\n\n\n<p>Avant de quitter Sir Arthur Lewis Community College, il \u00e9tait important de les remercier de leur accueil tr\u00e8s chaleureux.<\/p>\n\n\n\n<p>Dans ce joli sac color\u00e9, il y avait :<\/p>\n\n\n\n<div class=\"wp-block-group is-nowrap is-layout-flex wp-container-core-group-is-layout-ad2f72ca wp-block-group-is-layout-flex\">\n<figure class=\"wp-block-image size-large is-style-tw-rounded-corners\"><a href=\"https:\/\/site.ac-martinique.fr\/lyc-josephzobel\/wp-content\/uploads\/sites\/37\/2026\/04\/IMG-20260302-WA0094.jpg\"><img loading=\"lazy\" decoding=\"async\" width=\"1024\" height=\"768\" src=\"https:\/\/site.ac-martinique.fr\/lyc-josephzobel\/wp-content\/uploads\/sites\/37\/2026\/04\/IMG-20260302-WA0094-1024x768.jpg\" alt=\"\" class=\"wp-image-8599\" srcset=\"https:\/\/site.ac-martinique.fr\/lyc-josephzobel\/wp-content\/uploads\/sites\/37\/2026\/04\/IMG-20260302-WA0094-1024x768.jpg 1024w, https:\/\/site.ac-martinique.fr\/lyc-josephzobel\/wp-content\/uploads\/sites\/37\/2026\/04\/IMG-20260302-WA0094-300x225.jpg 300w, https:\/\/site.ac-martinique.fr\/lyc-josephzobel\/wp-content\/uploads\/sites\/37\/2026\/04\/IMG-20260302-WA0094-768x576.jpg 768w, https:\/\/site.ac-martinique.fr\/lyc-josephzobel\/wp-content\/uploads\/sites\/37\/2026\/04\/IMG-20260302-WA0094-1536x1152.jpg 1536w, https:\/\/site.ac-martinique.fr\/lyc-josephzobel\/wp-content\/uploads\/sites\/37\/2026\/04\/IMG-20260302-WA0094.jpg 1600w\" sizes=\"auto, (max-width: 1024px) 100vw, 1024px\" \/><\/a><figcaption class=\"wp-element-caption\"><em>Remise des caeaux \u00e0 la Principale du <strong>Sir Arthur Lewis Community College.<\/strong><\/em><\/figcaption><\/figure>\n\n\n\n<ul class=\"wp-block-list\">\n<li>La BD de la Rue Case N\u00e8gres d\u00e9dicac\u00e9e par le Proviseur, Henri GUIOSE ;<\/li>\n\n\n\n<li>Le buste de Zobel r\u00e9alis\u00e9 par M. VOLBERG ;<\/li>\n\n\n\n<li>Le calendrier r\u00e9alis\u00e9 par les \u00e9l\u00e8ves de 1\u00e8re section euro de la SEP.<\/li>\n<\/ul>\n<\/div>\n\n\n\n<figure class=\"wp-block-image size-full\"><a href=\"https:\/\/site.ac-martinique.fr\/lyc-josephzobel\/wp-content\/uploads\/sites\/37\/2026\/04\/Capture-decran-2026-04-28-105118.png\"><img loading=\"lazy\" decoding=\"async\" width=\"949\" height=\"586\" src=\"https:\/\/site.ac-martinique.fr\/lyc-josephzobel\/wp-content\/uploads\/sites\/37\/2026\/04\/Capture-decran-2026-04-28-105118.png\" alt=\"\" class=\"wp-image-8600\" srcset=\"https:\/\/site.ac-martinique.fr\/lyc-josephzobel\/wp-content\/uploads\/sites\/37\/2026\/04\/Capture-decran-2026-04-28-105118.png 949w, https:\/\/site.ac-martinique.fr\/lyc-josephzobel\/wp-content\/uploads\/sites\/37\/2026\/04\/Capture-decran-2026-04-28-105118-300x185.png 300w, https:\/\/site.ac-martinique.fr\/lyc-josephzobel\/wp-content\/uploads\/sites\/37\/2026\/04\/Capture-decran-2026-04-28-105118-768x474.png 768w\" sizes=\"auto, (max-width: 949px) 100vw, 949px\" \/><\/a><\/figure>\n\n\n\n<p>L\u2019apr\u00e8s-midi s\u2019est d\u00e9roul\u00e9e \u00e0 Pointe S\u00e9raphine, o\u00f9 les \u00e9l\u00e8ves ont rencontr\u00e9 un collaborateur de l\u2019artiste de street art Sakey. Celui-ci leur a expliqu\u00e9 la signification des dessins pr\u00e9sents sur chacune des lettres de l\u2019\u0153uvre I &#x2764; Saint Lucia, devant laquelle les \u00e9l\u00e8ves ont pu prendre des photos. Les \u00e9l\u00e8ves ont \u00e9galement eu la chance d\u2019\u00e9changer avec Chazz, un jeune joueur de steel pan tr\u00e8s talentueux de Sainte-Lucie.<\/p>\n\n\n\n<figure class=\"wp-block-image size-large is-style-tw-rounded-corners\"><a href=\"https:\/\/site.ac-martinique.fr\/lyc-josephzobel\/wp-content\/uploads\/sites\/37\/2026\/04\/IMG-20260302-WA0091.jpg\"><img loading=\"lazy\" decoding=\"async\" width=\"1024\" height=\"768\" src=\"https:\/\/site.ac-martinique.fr\/lyc-josephzobel\/wp-content\/uploads\/sites\/37\/2026\/04\/IMG-20260302-WA0091-1024x768.jpg\" alt=\"\" class=\"wp-image-8601\" srcset=\"https:\/\/site.ac-martinique.fr\/lyc-josephzobel\/wp-content\/uploads\/sites\/37\/2026\/04\/IMG-20260302-WA0091-1024x768.jpg 1024w, https:\/\/site.ac-martinique.fr\/lyc-josephzobel\/wp-content\/uploads\/sites\/37\/2026\/04\/IMG-20260302-WA0091-300x225.jpg 300w, https:\/\/site.ac-martinique.fr\/lyc-josephzobel\/wp-content\/uploads\/sites\/37\/2026\/04\/IMG-20260302-WA0091-768x576.jpg 768w, https:\/\/site.ac-martinique.fr\/lyc-josephzobel\/wp-content\/uploads\/sites\/37\/2026\/04\/IMG-20260302-WA0091-1536x1152.jpg 1536w, https:\/\/site.ac-martinique.fr\/lyc-josephzobel\/wp-content\/uploads\/sites\/37\/2026\/04\/IMG-20260302-WA0091.jpg 1600w\" sizes=\"auto, (max-width: 1024px) 100vw, 1024px\" \/><\/a><figcaption class=\"wp-element-caption\"><em>Le groupe pose sur toutes les lettres de l\u2019oeuvre.<\/em><\/figcaption><\/figure>\n\n\n\n<figure class=\"wp-block-image size-large\"><a href=\"https:\/\/site.ac-martinique.fr\/lyc-josephzobel\/wp-content\/uploads\/sites\/37\/2026\/04\/Capture-decran-2026-04-28-105239.png\"><img loading=\"lazy\" decoding=\"async\" width=\"1024\" height=\"380\" src=\"https:\/\/site.ac-martinique.fr\/lyc-josephzobel\/wp-content\/uploads\/sites\/37\/2026\/04\/Capture-decran-2026-04-28-105239-1024x380.png\" alt=\"\" class=\"wp-image-8602\" srcset=\"https:\/\/site.ac-martinique.fr\/lyc-josephzobel\/wp-content\/uploads\/sites\/37\/2026\/04\/Capture-decran-2026-04-28-105239-1024x380.png 1024w, https:\/\/site.ac-martinique.fr\/lyc-josephzobel\/wp-content\/uploads\/sites\/37\/2026\/04\/Capture-decran-2026-04-28-105239-300x111.png 300w, https:\/\/site.ac-martinique.fr\/lyc-josephzobel\/wp-content\/uploads\/sites\/37\/2026\/04\/Capture-decran-2026-04-28-105239-768x285.png 768w, https:\/\/site.ac-martinique.fr\/lyc-josephzobel\/wp-content\/uploads\/sites\/37\/2026\/04\/Capture-decran-2026-04-28-105239.png 1160w\" sizes=\"auto, (max-width: 1024px) 100vw, 1024px\" \/><\/a><\/figure>\n\n\n\n<p>La journ\u00e9e s\u2019est conclue par un retour \u00e0 la marina, marqu\u00e9 par des remerciements et la remise d\u2019\u0153uvres r\u00e9alis\u00e9es par les \u00e9l\u00e8ves.<\/p>\n\n\n\n<p>Avant de monter dans le bateaux des cadeaux ont \u00e9t\u00e9 remis \u00e0 Terry, notre guide de la journ\u00e9e.<\/p>\n\n\n\n<figure class=\"wp-block-image size-large\"><a href=\"https:\/\/site.ac-martinique.fr\/lyc-josephzobel\/wp-content\/uploads\/sites\/37\/2026\/04\/Capture-decran-2026-04-28-105316.png\"><img loading=\"lazy\" decoding=\"async\" width=\"1024\" height=\"448\" src=\"https:\/\/site.ac-martinique.fr\/lyc-josephzobel\/wp-content\/uploads\/sites\/37\/2026\/04\/Capture-decran-2026-04-28-105316-1024x448.png\" alt=\"\" class=\"wp-image-8603\" srcset=\"https:\/\/site.ac-martinique.fr\/lyc-josephzobel\/wp-content\/uploads\/sites\/37\/2026\/04\/Capture-decran-2026-04-28-105316-1024x448.png 1024w, https:\/\/site.ac-martinique.fr\/lyc-josephzobel\/wp-content\/uploads\/sites\/37\/2026\/04\/Capture-decran-2026-04-28-105316-300x131.png 300w, https:\/\/site.ac-martinique.fr\/lyc-josephzobel\/wp-content\/uploads\/sites\/37\/2026\/04\/Capture-decran-2026-04-28-105316-768x336.png 768w, https:\/\/site.ac-martinique.fr\/lyc-josephzobel\/wp-content\/uploads\/sites\/37\/2026\/04\/Capture-decran-2026-04-28-105316.png 1160w\" sizes=\"auto, (max-width: 1024px) 100vw, 1024px\" \/><\/a><\/figure>\n\n\n\n<p>Une journ\u00e9e riche en d\u00e9couvertes culturelles et professionnelles, qui a beaucoup plu aux \u00e9l\u00e8ves\u2026 qui en redemandent d\u00e9j\u00e0 !<\/p>\n\n\n\n<p class=\"has-text-align-right\"><strong><em>Merci \u00e0 Mme JOSEPH-JULIEN M\u00e9lodie pour le partage.<\/em><\/strong><\/p>\n\n\n\n<p><\/p>\n","protected":false},"excerpt":{"rendered":"<p>Le mercredi 25 f\u00e9vrier 2026, les \u00e9l\u00e8ves de section europ\u00e9enne de la SEP ainsi que les \u00e9l\u00e8ves de premi\u00e8re MSPC ont particip\u00e9 \u00e0 une sortie p\u00e9dagogique \u00e0 Sainte-Lucie, accompagn\u00e9s de Mme JOSEPH-JULIEN, M. VOLBERG et M. RISKWAIT. La matin\u00e9e a \u00e9t\u00e9 consacr\u00e9e \u00e0 la visite du Sir Arthur Lewis Community College. Les \u00e9l\u00e8ves ont pu [&hellip;]<\/p>\n","protected":false},"author":525,"featured_media":8597,"comment_status":"closed","ping_status":"open","sticky":false,"template":"","format":"standard","meta":{"pagelayer_contact_templates":[],"_pagelayer_content":"","footnotes":""},"categories":[45],"tags":[],"class_list":["post-8596","post","type-post","status-publish","format-standard","has-post-thumbnail","hentry","category-sortie-scolaire"],"_links":{"self":[{"href":"https:\/\/site.ac-martinique.fr\/lyc-josephzobel\/index.php?rest_route=\/wp\/v2\/posts\/8596","targetHints":{"allow":["GET"]}}],"collection":[{"href":"https:\/\/site.ac-martinique.fr\/lyc-josephzobel\/index.php?rest_route=\/wp\/v2\/posts"}],"about":[{"href":"https:\/\/site.ac-martinique.fr\/lyc-josephzobel\/index.php?rest_route=\/wp\/v2\/types\/post"}],"author":[{"embeddable":true,"href":"https:\/\/site.ac-martinique.fr\/lyc-josephzobel\/index.php?rest_route=\/wp\/v2\/users\/525"}],"replies":[{"embeddable":true,"href":"https:\/\/site.ac-martinique.fr\/lyc-josephzobel\/index.php?rest_route=%2Fwp%2Fv2%2Fcomments&post=8596"}],"version-history":[{"count":1,"href":"https:\/\/site.ac-martinique.fr\/lyc-josephzobel\/index.php?rest_route=\/wp\/v2\/posts\/8596\/revisions"}],"predecessor-version":[{"id":8604,"href":"https:\/\/site.ac-martinique.fr\/lyc-josephzobel\/index.php?rest_route=\/wp\/v2\/posts\/8596\/revisions\/8604"}],"wp:featuredmedia":[{"embeddable":true,"href":"https:\/\/site.ac-martinique.fr\/lyc-josephzobel\/index.php?rest_route=\/wp\/v2\/media\/8597"}],"wp:attachment":[{"href":"https:\/\/site.ac-martinique.fr\/lyc-josephzobel\/index.php?rest_route=%2Fwp%2Fv2%2Fmedia&parent=8596"}],"wp:term":[{"taxonomy":"category","embeddable":true,"href":"https:\/\/site.ac-martinique.fr\/lyc-josephzobel\/index.php?rest_route=%2Fwp%2Fv2%2Fcategories&post=8596"},{"taxonomy":"post_tag","embeddable":true,"href":"https:\/\/site.ac-martinique.fr\/lyc-josephzobel\/index.php?rest_route=%2Fwp%2Fv2%2Ftags&post=8596"}],"curies":[{"name":"wp","href":"https:\/\/api.w.org\/{rel}","templated":true}]}}