{"id":8648,"date":"2026-04-28T13:17:19","date_gmt":"2026-04-28T17:17:19","guid":{"rendered":"https:\/\/site.ac-martinique.fr\/lyc-josephzobel\/?p=8648"},"modified":"2026-04-28T13:17:19","modified_gmt":"2026-04-28T17:17:19","slug":"doc-dac-journee-internationale-des-droits-de-la-femme","status":"publish","type":"post","link":"https:\/\/site.ac-martinique.fr\/lyc-josephzobel\/?p=8648","title":{"rendered":"DOC &amp; DAC : JOURN\u00c9E INTERNATIONALE DES DROITS DE LA FEMME"},"content":{"rendered":"\n<div class=\"wp-block-group is-nowrap is-layout-flex wp-container-core-group-is-layout-ad2f72ca wp-block-group-is-layout-flex\">\n<figure class=\"wp-block-image size-large is-style-tw-rounded-corners\"><a href=\"https:\/\/site.ac-martinique.fr\/lyc-josephzobel\/wp-content\/uploads\/sites\/37\/2026\/04\/20260309_131903-scaled.jpg\"><img loading=\"lazy\" decoding=\"async\" width=\"768\" height=\"1024\" src=\"https:\/\/site.ac-martinique.fr\/lyc-josephzobel\/wp-content\/uploads\/sites\/37\/2026\/04\/20260309_131903-768x1024.jpg\" alt=\"\" class=\"wp-image-8650\" srcset=\"https:\/\/site.ac-martinique.fr\/lyc-josephzobel\/wp-content\/uploads\/sites\/37\/2026\/04\/20260309_131903-768x1024.jpg 768w, https:\/\/site.ac-martinique.fr\/lyc-josephzobel\/wp-content\/uploads\/sites\/37\/2026\/04\/20260309_131903-225x300.jpg 225w, https:\/\/site.ac-martinique.fr\/lyc-josephzobel\/wp-content\/uploads\/sites\/37\/2026\/04\/20260309_131903-1152x1536.jpg 1152w, https:\/\/site.ac-martinique.fr\/lyc-josephzobel\/wp-content\/uploads\/sites\/37\/2026\/04\/20260309_131903-1536x2048.jpg 1536w, https:\/\/site.ac-martinique.fr\/lyc-josephzobel\/wp-content\/uploads\/sites\/37\/2026\/04\/20260309_131903-scaled.jpg 1920w\" sizes=\"auto, (max-width: 768px) 100vw, 768px\" \/><\/a><\/figure>\n\n\n\n<p>Dans le cadre de son projet <strong>\u00ab Doc &amp; Dac 2026 \u00bb<\/strong>, et afin de marquer <strong>la Journ\u00e9e mondiale des Droits des Femmes<\/strong> (officiellement du 08 mars 2026), l\u2019\u00e9quipe du CDI avait invit\u00e9, ce 09 mars, <strong>Mme Monique Milia-Marie-Luce<\/strong>, Ma\u00eetre de conf\u00e9rences en Histoire contemporaine \u00e0 l\u2019Universit\u00e9 des Antilles.<\/p>\n<\/div>\n\n\n\n<div class=\"wp-block-group is-nowrap is-layout-flex wp-container-core-group-is-layout-ad2f72ca wp-block-group-is-layout-flex\">\n<p>Apr\u00e8s l\u2019avoir accueillie \u00e0 l\u2019amphith\u00e9\u00e2tre du lyc\u00e9e, <strong>Mme Jeanne<\/strong> la professeure-documentaliste a pr\u00e9sent\u00e9 son invit\u00e9e au public et introduit la conf\u00e9rence.<\/p>\n\n\n\n<figure class=\"wp-block-image size-large is-style-tw-rounded-corners\"><a href=\"https:\/\/site.ac-martinique.fr\/lyc-josephzobel\/wp-content\/uploads\/sites\/37\/2026\/04\/20260309_133910-scaled.jpg\"><img loading=\"lazy\" decoding=\"async\" width=\"1024\" height=\"768\" src=\"https:\/\/site.ac-martinique.fr\/lyc-josephzobel\/wp-content\/uploads\/sites\/37\/2026\/04\/20260309_133910-1024x768.jpg\" alt=\"\" class=\"wp-image-8651\" srcset=\"https:\/\/site.ac-martinique.fr\/lyc-josephzobel\/wp-content\/uploads\/sites\/37\/2026\/04\/20260309_133910-1024x768.jpg 1024w, https:\/\/site.ac-martinique.fr\/lyc-josephzobel\/wp-content\/uploads\/sites\/37\/2026\/04\/20260309_133910-300x225.jpg 300w, https:\/\/site.ac-martinique.fr\/lyc-josephzobel\/wp-content\/uploads\/sites\/37\/2026\/04\/20260309_133910-768x576.jpg 768w, https:\/\/site.ac-martinique.fr\/lyc-josephzobel\/wp-content\/uploads\/sites\/37\/2026\/04\/20260309_133910-1536x1152.jpg 1536w, https:\/\/site.ac-martinique.fr\/lyc-josephzobel\/wp-content\/uploads\/sites\/37\/2026\/04\/20260309_133910-2048x1536.jpg 2048w\" sizes=\"auto, (max-width: 1024px) 100vw, 1024px\" \/><\/a><\/figure>\n<\/div>\n\n\n\n<p>Pendant 30mn, <strong>Mme Milia-Marie-Luce<\/strong> a racont\u00e9, articles de presse, photos d\u2019\u00e9poque, \u00e9crits et traces en tout genre, comment s\u2019est mis en place un syst\u00e8me de migration vers le Canada notamment, s\u2019adressant \u00e0 ces antillaises, souvent guadeloup\u00e9ennes, d\u00e9sireuses de tenter la vie ailleurs, en tant que domestiques, d\u00e9but XXe si\u00e8cle. Des propos se basant sur des faits historiques mais aussi, sur des t\u00e9moignages. Ceux des descendants crois\u00e9s lors de conf\u00e9rences ou s\u2019\u00e9tant manifest\u00e9s aupr\u00e8s d\u2019elle\u2026 La petite histoire dans la grande\u2026<\/p>\n\n\n\n<p>Le dernier quart d\u2019heure, consacr\u00e9 aux \u00e9changes, a vivement int\u00e9ress\u00e9 notre universitaire qui s\u2019est montr\u00e9e tr\u00e8s attentive lors des prises de parole de coll\u00e8gues ayant eu un parcours en Ha\u00efti, en Guadeloupe, en Guyane voire, des attaches avec le Panama\u2026<\/p>\n\n\n\n<p>Merci \u00e0 ces quelques habitu\u00e9s toujours fid\u00e8les \u00e0 nos rendez-vous et \u00e0 tous ceux qui y contribuent.<\/p>\n\n\n\n<p class=\"has-cool-to-warm-spectrum-gradient-background has-background has-medium-font-size\"><strong>NB :<\/strong> Si vous, ou des proches, avez des souvenirs de personnes ayant migr\u00e9, entre les ann\u00e9es 1900 et 1930, et que vous souhaitez participer \u00e0 ce grand projet d\u2019\u00e9tude sur les migrations antillaises, n\u2019h\u00e9sitez pas \u00e0 vous rapprocher de <strong>Mme Jeanne<\/strong> qui vous mettra en contact avec <strong>Mme Milia-Marie-Luce<\/strong>. Vous participerez ainsi \u00e0 \u00e9crire l\u2019histoire de notre Martinique\u2026<\/p>\n\n\n\n<p class=\"has-text-align-right\"><strong><em>Un grand merci \u00e0 Mme JEANNE Marie-Dominique pour le partage et les rencontres mises en place pour d\u00e9velopper la culture de nos \u00e9l\u00e8ves.<\/em><\/strong><\/p>\n","protected":false},"excerpt":{"rendered":"<p>Dans le cadre de son projet \u00ab Doc &amp; Dac 2026 \u00bb, et afin de marquer la Journ\u00e9e mondiale des Droits des Femmes (officiellement du 08 mars 2026), l\u2019\u00e9quipe du CDI avait invit\u00e9, ce 09 mars, Mme Monique Milia-Marie-Luce, Ma\u00eetre de conf\u00e9rences en Histoire contemporaine \u00e0 l\u2019Universit\u00e9 des Antilles. Apr\u00e8s l\u2019avoir accueillie \u00e0 l\u2019amphith\u00e9\u00e2tre du [&hellip;]<\/p>\n","protected":false},"author":525,"featured_media":8649,"comment_status":"closed","ping_status":"open","sticky":false,"template":"","format":"standard","meta":{"pagelayer_contact_templates":[],"_pagelayer_content":"","footnotes":""},"categories":[1],"tags":[],"class_list":["post-8648","post","type-post","status-publish","format-standard","has-post-thumbnail","hentry","category-non-classe"],"_links":{"self":[{"href":"https:\/\/site.ac-martinique.fr\/lyc-josephzobel\/index.php?rest_route=\/wp\/v2\/posts\/8648","targetHints":{"allow":["GET"]}}],"collection":[{"href":"https:\/\/site.ac-martinique.fr\/lyc-josephzobel\/index.php?rest_route=\/wp\/v2\/posts"}],"about":[{"href":"https:\/\/site.ac-martinique.fr\/lyc-josephzobel\/index.php?rest_route=\/wp\/v2\/types\/post"}],"author":[{"embeddable":true,"href":"https:\/\/site.ac-martinique.fr\/lyc-josephzobel\/index.php?rest_route=\/wp\/v2\/users\/525"}],"replies":[{"embeddable":true,"href":"https:\/\/site.ac-martinique.fr\/lyc-josephzobel\/index.php?rest_route=%2Fwp%2Fv2%2Fcomments&post=8648"}],"version-history":[{"count":1,"href":"https:\/\/site.ac-martinique.fr\/lyc-josephzobel\/index.php?rest_route=\/wp\/v2\/posts\/8648\/revisions"}],"predecessor-version":[{"id":8652,"href":"https:\/\/site.ac-martinique.fr\/lyc-josephzobel\/index.php?rest_route=\/wp\/v2\/posts\/8648\/revisions\/8652"}],"wp:featuredmedia":[{"embeddable":true,"href":"https:\/\/site.ac-martinique.fr\/lyc-josephzobel\/index.php?rest_route=\/wp\/v2\/media\/8649"}],"wp:attachment":[{"href":"https:\/\/site.ac-martinique.fr\/lyc-josephzobel\/index.php?rest_route=%2Fwp%2Fv2%2Fmedia&parent=8648"}],"wp:term":[{"taxonomy":"category","embeddable":true,"href":"https:\/\/site.ac-martinique.fr\/lyc-josephzobel\/index.php?rest_route=%2Fwp%2Fv2%2Fcategories&post=8648"},{"taxonomy":"post_tag","embeddable":true,"href":"https:\/\/site.ac-martinique.fr\/lyc-josephzobel\/index.php?rest_route=%2Fwp%2Fv2%2Ftags&post=8648"}],"curies":[{"name":"wp","href":"https:\/\/api.w.org\/{rel}","templated":true}]}}