{"id":8653,"date":"2026-04-28T13:38:26","date_gmt":"2026-04-28T17:38:26","guid":{"rendered":"https:\/\/site.ac-martinique.fr\/lyc-josephzobel\/?p=8653"},"modified":"2026-04-28T13:38:26","modified_gmt":"2026-04-28T17:38:26","slug":"fresque","status":"publish","type":"post","link":"https:\/\/site.ac-martinique.fr\/lyc-josephzobel\/?p=8653","title":{"rendered":"FRESQUE"},"content":{"rendered":"\n<div class=\"wp-block-group is-nowrap is-layout-flex wp-container-core-group-is-layout-ad2f72ca wp-block-group-is-layout-flex\">\n<figure class=\"wp-block-image size-large is-style-tw-rounded-corners\"><a href=\"https:\/\/site.ac-martinique.fr\/lyc-josephzobel\/wp-content\/uploads\/sites\/37\/2026\/04\/20260127_115510-scaled.jpg\"><img loading=\"lazy\" decoding=\"async\" width=\"1024\" height=\"768\" src=\"https:\/\/site.ac-martinique.fr\/lyc-josephzobel\/wp-content\/uploads\/sites\/37\/2026\/04\/20260127_115510-1024x768.jpg\" alt=\"\" class=\"wp-image-8656\" srcset=\"https:\/\/site.ac-martinique.fr\/lyc-josephzobel\/wp-content\/uploads\/sites\/37\/2026\/04\/20260127_115510-1024x768.jpg 1024w, https:\/\/site.ac-martinique.fr\/lyc-josephzobel\/wp-content\/uploads\/sites\/37\/2026\/04\/20260127_115510-300x225.jpg 300w, https:\/\/site.ac-martinique.fr\/lyc-josephzobel\/wp-content\/uploads\/sites\/37\/2026\/04\/20260127_115510-768x576.jpg 768w, https:\/\/site.ac-martinique.fr\/lyc-josephzobel\/wp-content\/uploads\/sites\/37\/2026\/04\/20260127_115510-1536x1152.jpg 1536w, https:\/\/site.ac-martinique.fr\/lyc-josephzobel\/wp-content\/uploads\/sites\/37\/2026\/04\/20260127_115510-2048x1536.jpg 2048w\" sizes=\"auto, (max-width: 1024px) 100vw, 1024px\" \/><\/a><\/figure>\n\n\n\n<p><strong>M. et Mme LACAVALERIE<\/strong> ont eu l\u2019id\u00e9e de r\u00e9aliser une fresque avec leurs \u00e9l\u00e8ves au niveau de l\u2019accueil. Celle-ci n\u2019est pas encore termin\u00e9e car les \u00e9l\u00e8ves sont en stage.<\/p>\n<\/div>\n\n\n\n<div class=\"wp-block-group is-nowrap is-layout-flex wp-container-core-group-is-layout-ad2f72ca wp-block-group-is-layout-flex\">\n<p>Pour mettre ce beau projet sur pied, une petite r\u00e9union avec <strong>Monsieur BARROIS Fr\u00e9d\u00e9ric<\/strong> s\u2019est impos\u00e9e pour r\u00e9unir toutes les id\u00e9es.<\/p>\n\n\n\n<figure class=\"wp-block-image size-large is-style-tw-rounded-corners\"><a href=\"https:\/\/site.ac-martinique.fr\/lyc-josephzobel\/wp-content\/uploads\/sites\/37\/2026\/04\/IMG-20260127-WA0042.jpg\"><img loading=\"lazy\" decoding=\"async\" width=\"1024\" height=\"768\" src=\"https:\/\/site.ac-martinique.fr\/lyc-josephzobel\/wp-content\/uploads\/sites\/37\/2026\/04\/IMG-20260127-WA0042-1024x768.jpg\" alt=\"\" class=\"wp-image-8655\" srcset=\"https:\/\/site.ac-martinique.fr\/lyc-josephzobel\/wp-content\/uploads\/sites\/37\/2026\/04\/IMG-20260127-WA0042-1024x768.jpg 1024w, https:\/\/site.ac-martinique.fr\/lyc-josephzobel\/wp-content\/uploads\/sites\/37\/2026\/04\/IMG-20260127-WA0042-300x225.jpg 300w, https:\/\/site.ac-martinique.fr\/lyc-josephzobel\/wp-content\/uploads\/sites\/37\/2026\/04\/IMG-20260127-WA0042-768x576.jpg 768w, https:\/\/site.ac-martinique.fr\/lyc-josephzobel\/wp-content\/uploads\/sites\/37\/2026\/04\/IMG-20260127-WA0042.jpg 1280w\" sizes=\"auto, (max-width: 1024px) 100vw, 1024px\" \/><\/a><figcaption class=\"wp-element-caption\"><em><strong>M. Fr\u00e9d\u00e9ric BAROIS,<\/strong> auteur et illustrateur pour enfants, connu notamment pour son livre \u00ab\u00a0Mikou le manikou\u00a0\u00bb et <strong>Mme LACAVALERIE Vinciane<\/strong>.<\/em><\/figcaption><\/figure>\n<\/div>\n\n\n\n<p>Ce projet p\u00e9dagogique est ax\u00e9 sur le d\u00e9veloppement durable et la protection de l\u2019environnement.<\/p>\n\n\n\n<div class=\"wp-block-group is-nowrap is-layout-flex wp-container-core-group-is-layout-ad2f72ca wp-block-group-is-layout-flex\">\n<figure class=\"wp-block-image size-large is-style-tw-rounded-corners\"><a href=\"https:\/\/site.ac-martinique.fr\/lyc-josephzobel\/wp-content\/uploads\/sites\/37\/2026\/04\/IMG-20260127-WA0039.jpg\"><img loading=\"lazy\" decoding=\"async\" width=\"1024\" height=\"576\" src=\"https:\/\/site.ac-martinique.fr\/lyc-josephzobel\/wp-content\/uploads\/sites\/37\/2026\/04\/IMG-20260127-WA0039-1024x576.jpg\" alt=\"\" class=\"wp-image-8657\" srcset=\"https:\/\/site.ac-martinique.fr\/lyc-josephzobel\/wp-content\/uploads\/sites\/37\/2026\/04\/IMG-20260127-WA0039-1024x576.jpg 1024w, https:\/\/site.ac-martinique.fr\/lyc-josephzobel\/wp-content\/uploads\/sites\/37\/2026\/04\/IMG-20260127-WA0039-300x169.jpg 300w, https:\/\/site.ac-martinique.fr\/lyc-josephzobel\/wp-content\/uploads\/sites\/37\/2026\/04\/IMG-20260127-WA0039-768x432.jpg 768w, https:\/\/site.ac-martinique.fr\/lyc-josephzobel\/wp-content\/uploads\/sites\/37\/2026\/04\/IMG-20260127-WA0039.jpg 1280w\" sizes=\"auto, (max-width: 1024px) 100vw, 1024px\" \/><\/a><\/figure>\n\n\n\n<p>Il a pour objectif de sensibiliser les \u00e9l\u00e8ves \u00e0 la richesse de la faune et de la flore, tout en mettant en avant l\u2019importance de pr\u00e9server la nature qui nous entoure.<\/p>\n<\/div>\n\n\n\n<p>Il a \u00e9t\u00e9 r\u00e9alis\u00e9 en 2 temps :<\/p>\n\n\n\n<p>Pendant qu\u2019un premier groupe d\u2019\u00e9l\u00e8ves s\u2019est consacr\u00e9 \u00e0 la r\u00e9alisation d\u2019une fresque murale color\u00e9e et engag\u00e9e, un second groupe a men\u00e9 des recherches approfondies afin de pr\u00e9parer une exposition sur la faune et la flore.<\/p>\n\n\n\n<p>L\u2019exposition interactive sera pr\u00e9sent\u00e9e \u00e0 l\u2019ensemble du lyc\u00e9e en m\u00eame temps qu\u2019une intervention de l\u2019ONF, au retour des vacances du mois d\u2019avril.<\/p>\n\n\n\n<div class=\"wp-block-group is-nowrap is-layout-flex wp-container-core-group-is-layout-ad2f72ca wp-block-group-is-layout-flex\">\n<figure class=\"wp-block-image size-large is-style-tw-rounded-corners\"><a href=\"https:\/\/site.ac-martinique.fr\/lyc-josephzobel\/wp-content\/uploads\/sites\/37\/2026\/04\/IMG-20260127-WA0043.jpg\"><img loading=\"lazy\" decoding=\"async\" width=\"1024\" height=\"768\" src=\"https:\/\/site.ac-martinique.fr\/lyc-josephzobel\/wp-content\/uploads\/sites\/37\/2026\/04\/IMG-20260127-WA0043-1024x768.jpg\" alt=\"\" class=\"wp-image-8658\" srcset=\"https:\/\/site.ac-martinique.fr\/lyc-josephzobel\/wp-content\/uploads\/sites\/37\/2026\/04\/IMG-20260127-WA0043-1024x768.jpg 1024w, https:\/\/site.ac-martinique.fr\/lyc-josephzobel\/wp-content\/uploads\/sites\/37\/2026\/04\/IMG-20260127-WA0043-300x225.jpg 300w, https:\/\/site.ac-martinique.fr\/lyc-josephzobel\/wp-content\/uploads\/sites\/37\/2026\/04\/IMG-20260127-WA0043-768x576.jpg 768w, https:\/\/site.ac-martinique.fr\/lyc-josephzobel\/wp-content\/uploads\/sites\/37\/2026\/04\/IMG-20260127-WA0043.jpg 1280w\" sizes=\"auto, (max-width: 1024px) 100vw, 1024px\" \/><\/a><\/figure>\n\n\n\n<p>La fresque, v\u00e9ritable \u0153uvre collective, illustre la diversit\u00e9 du monde vivant et rappelle la n\u00e9cessit\u00e9 de prot\u00e9ger notre environnement.<\/p>\n<\/div>\n\n\n\n<div class=\"wp-block-group is-nowrap is-layout-flex wp-container-core-group-is-layout-ad2f72ca wp-block-group-is-layout-flex\">\n<figure class=\"wp-block-image size-large is-style-tw-rounded-corners\"><a href=\"https:\/\/site.ac-martinique.fr\/lyc-josephzobel\/wp-content\/uploads\/sites\/37\/2026\/04\/20260127_102032-scaled.jpg\"><img loading=\"lazy\" decoding=\"async\" width=\"1024\" height=\"768\" src=\"https:\/\/site.ac-martinique.fr\/lyc-josephzobel\/wp-content\/uploads\/sites\/37\/2026\/04\/20260127_102032-1024x768.jpg\" alt=\"\" class=\"wp-image-8659\" srcset=\"https:\/\/site.ac-martinique.fr\/lyc-josephzobel\/wp-content\/uploads\/sites\/37\/2026\/04\/20260127_102032-1024x768.jpg 1024w, https:\/\/site.ac-martinique.fr\/lyc-josephzobel\/wp-content\/uploads\/sites\/37\/2026\/04\/20260127_102032-300x225.jpg 300w, https:\/\/site.ac-martinique.fr\/lyc-josephzobel\/wp-content\/uploads\/sites\/37\/2026\/04\/20260127_102032-768x576.jpg 768w, https:\/\/site.ac-martinique.fr\/lyc-josephzobel\/wp-content\/uploads\/sites\/37\/2026\/04\/20260127_102032-1536x1152.jpg 1536w, https:\/\/site.ac-martinique.fr\/lyc-josephzobel\/wp-content\/uploads\/sites\/37\/2026\/04\/20260127_102032-2048x1536.jpg 2048w\" sizes=\"auto, (max-width: 1024px) 100vw, 1024px\" \/><\/a><\/figure>\n\n\n\n<p>Pour accompagner les \u00e9l\u00e8ves dans cette r\u00e9alisation, ils ont pu compter sur la pr\u00e9sence de <strong>Monsieur Fr\u00e9d\u00e9ric BAROIS<\/strong>, auteur et illustrateur pour enfants, connu notamment pour son livre <em>Mikou le manikou<\/em>. Gr\u00e2ce \u00e0 ses conseils, les \u00e9l\u00e8ves ont pu d\u00e9velopper leurs techniques artistiques.<\/p>\n<\/div>\n\n\n\n<p>Au-del\u00e0 de l\u2019aspect artistique, ce projet a permis aux \u00e9l\u00e8ves de prendre conscience des enjeux li\u00e9s \u00e0 la protection de la nature et de r\u00e9fl\u00e9chir \u00e0 leur r\u00f4le dans la pr\u00e9servation de l\u2019environnement. Une exp\u00e9rience enrichissante, m\u00ealant cr\u00e9ativit\u00e9, recherche et engagement envers la nature.<\/p>\n\n\n\n<p>La Direction, tr\u00e8s investie dans ce projet, est venue voir la progression de la fresque.<\/p>\n\n\n\n<figure class=\"wp-block-gallery has-nested-images columns-default is-cropped is-style-tw-img-rounded wp-block-gallery-1 is-layout-flex wp-block-gallery-is-layout-flex\">\n<figure class=\"wp-block-image size-large\"><a href=\"https:\/\/site.ac-martinique.fr\/lyc-josephzobel\/wp-content\/uploads\/sites\/37\/2026\/04\/20260127_104158-scaled.jpg\"><img loading=\"lazy\" decoding=\"async\" width=\"1024\" height=\"768\" data-id=\"8662\" src=\"https:\/\/site.ac-martinique.fr\/lyc-josephzobel\/wp-content\/uploads\/sites\/37\/2026\/04\/20260127_104158-1024x768.jpg\" alt=\"\" class=\"wp-image-8662\" srcset=\"https:\/\/site.ac-martinique.fr\/lyc-josephzobel\/wp-content\/uploads\/sites\/37\/2026\/04\/20260127_104158-1024x768.jpg 1024w, https:\/\/site.ac-martinique.fr\/lyc-josephzobel\/wp-content\/uploads\/sites\/37\/2026\/04\/20260127_104158-300x225.jpg 300w, https:\/\/site.ac-martinique.fr\/lyc-josephzobel\/wp-content\/uploads\/sites\/37\/2026\/04\/20260127_104158-768x576.jpg 768w, https:\/\/site.ac-martinique.fr\/lyc-josephzobel\/wp-content\/uploads\/sites\/37\/2026\/04\/20260127_104158-1536x1152.jpg 1536w, https:\/\/site.ac-martinique.fr\/lyc-josephzobel\/wp-content\/uploads\/sites\/37\/2026\/04\/20260127_104158-2048x1536.jpg 2048w\" sizes=\"auto, (max-width: 1024px) 100vw, 1024px\" \/><\/a><\/figure>\n\n\n\n<figure class=\"wp-block-image size-large is-resized is-style-tw-rounded-corners\"><a href=\"https:\/\/site.ac-martinique.fr\/lyc-josephzobel\/wp-content\/uploads\/sites\/37\/2026\/04\/20260127_103039-scaled.jpg\"><img loading=\"lazy\" decoding=\"async\" width=\"1024\" height=\"768\" data-id=\"8664\" src=\"https:\/\/site.ac-martinique.fr\/lyc-josephzobel\/wp-content\/uploads\/sites\/37\/2026\/04\/20260127_103039-1024x768.jpg\" alt=\"\" class=\"wp-image-8664\" style=\"width:553px;height:auto\" srcset=\"https:\/\/site.ac-martinique.fr\/lyc-josephzobel\/wp-content\/uploads\/sites\/37\/2026\/04\/20260127_103039-1024x768.jpg 1024w, https:\/\/site.ac-martinique.fr\/lyc-josephzobel\/wp-content\/uploads\/sites\/37\/2026\/04\/20260127_103039-300x225.jpg 300w, https:\/\/site.ac-martinique.fr\/lyc-josephzobel\/wp-content\/uploads\/sites\/37\/2026\/04\/20260127_103039-768x576.jpg 768w, https:\/\/site.ac-martinique.fr\/lyc-josephzobel\/wp-content\/uploads\/sites\/37\/2026\/04\/20260127_103039-1536x1152.jpg 1536w, https:\/\/site.ac-martinique.fr\/lyc-josephzobel\/wp-content\/uploads\/sites\/37\/2026\/04\/20260127_103039-2048x1536.jpg 2048w\" sizes=\"auto, (max-width: 1024px) 100vw, 1024px\" \/><\/a><\/figure>\n<\/figure>\n\n\n\n<figure class=\"wp-block-image size-large is-style-tw-rounded-corners\"><a href=\"https:\/\/site.ac-martinique.fr\/lyc-josephzobel\/wp-content\/uploads\/sites\/37\/2026\/04\/20260127_103047-scaled.jpg\"><img loading=\"lazy\" decoding=\"async\" width=\"1024\" height=\"768\" src=\"https:\/\/site.ac-martinique.fr\/lyc-josephzobel\/wp-content\/uploads\/sites\/37\/2026\/04\/20260127_103047-1024x768.jpg\" alt=\"\" class=\"wp-image-8661\" srcset=\"https:\/\/site.ac-martinique.fr\/lyc-josephzobel\/wp-content\/uploads\/sites\/37\/2026\/04\/20260127_103047-1024x768.jpg 1024w, https:\/\/site.ac-martinique.fr\/lyc-josephzobel\/wp-content\/uploads\/sites\/37\/2026\/04\/20260127_103047-300x225.jpg 300w, https:\/\/site.ac-martinique.fr\/lyc-josephzobel\/wp-content\/uploads\/sites\/37\/2026\/04\/20260127_103047-768x576.jpg 768w, https:\/\/site.ac-martinique.fr\/lyc-josephzobel\/wp-content\/uploads\/sites\/37\/2026\/04\/20260127_103047-1536x1152.jpg 1536w, https:\/\/site.ac-martinique.fr\/lyc-josephzobel\/wp-content\/uploads\/sites\/37\/2026\/04\/20260127_103047-2048x1536.jpg 2048w\" sizes=\"auto, (max-width: 1024px) 100vw, 1024px\" \/><\/a><\/figure>\n\n\n\n<p>M. et Mme LACAVALERIE vont encha\u00eener sur un autre projet Bradjack avec d\u2019autres classes.<\/p>\n\n\n\n<p>Nous vous tiendrons inform\u00e9. Restez attentif.<\/p>\n\n\n\n<p class=\"has-text-align-right\"><strong><em>Merci \u00e0 M. et Mme LACAVALERIE pour le partage et ce beau projet.<\/em><\/strong><\/p>\n","protected":false},"excerpt":{"rendered":"<p>M. et Mme LACAVALERIE ont eu l\u2019id\u00e9e de r\u00e9aliser une fresque avec leurs \u00e9l\u00e8ves au niveau de l\u2019accueil. Celle-ci n\u2019est pas encore termin\u00e9e car les \u00e9l\u00e8ves sont en stage. Pour mettre ce beau projet sur pied, une petite r\u00e9union avec Monsieur BARROIS Fr\u00e9d\u00e9ric s\u2019est impos\u00e9e pour r\u00e9unir toutes les id\u00e9es. Ce projet p\u00e9dagogique est ax\u00e9 [&hellip;]<\/p>\n","protected":false},"author":525,"featured_media":8654,"comment_status":"closed","ping_status":"open","sticky":false,"template":"","format":"standard","meta":{"pagelayer_contact_templates":[],"_pagelayer_content":"","footnotes":""},"categories":[1],"tags":[],"class_list":["post-8653","post","type-post","status-publish","format-standard","has-post-thumbnail","hentry","category-non-classe"],"_links":{"self":[{"href":"https:\/\/site.ac-martinique.fr\/lyc-josephzobel\/index.php?rest_route=\/wp\/v2\/posts\/8653","targetHints":{"allow":["GET"]}}],"collection":[{"href":"https:\/\/site.ac-martinique.fr\/lyc-josephzobel\/index.php?rest_route=\/wp\/v2\/posts"}],"about":[{"href":"https:\/\/site.ac-martinique.fr\/lyc-josephzobel\/index.php?rest_route=\/wp\/v2\/types\/post"}],"author":[{"embeddable":true,"href":"https:\/\/site.ac-martinique.fr\/lyc-josephzobel\/index.php?rest_route=\/wp\/v2\/users\/525"}],"replies":[{"embeddable":true,"href":"https:\/\/site.ac-martinique.fr\/lyc-josephzobel\/index.php?rest_route=%2Fwp%2Fv2%2Fcomments&post=8653"}],"version-history":[{"count":1,"href":"https:\/\/site.ac-martinique.fr\/lyc-josephzobel\/index.php?rest_route=\/wp\/v2\/posts\/8653\/revisions"}],"predecessor-version":[{"id":8668,"href":"https:\/\/site.ac-martinique.fr\/lyc-josephzobel\/index.php?rest_route=\/wp\/v2\/posts\/8653\/revisions\/8668"}],"wp:featuredmedia":[{"embeddable":true,"href":"https:\/\/site.ac-martinique.fr\/lyc-josephzobel\/index.php?rest_route=\/wp\/v2\/media\/8654"}],"wp:attachment":[{"href":"https:\/\/site.ac-martinique.fr\/lyc-josephzobel\/index.php?rest_route=%2Fwp%2Fv2%2Fmedia&parent=8653"}],"wp:term":[{"taxonomy":"category","embeddable":true,"href":"https:\/\/site.ac-martinique.fr\/lyc-josephzobel\/index.php?rest_route=%2Fwp%2Fv2%2Fcategories&post=8653"},{"taxonomy":"post_tag","embeddable":true,"href":"https:\/\/site.ac-martinique.fr\/lyc-josephzobel\/index.php?rest_route=%2Fwp%2Fv2%2Ftags&post=8653"}],"curies":[{"name":"wp","href":"https:\/\/api.w.org\/{rel}","templated":true}]}}