{"id":8669,"date":"2026-04-30T11:40:43","date_gmt":"2026-04-30T15:40:43","guid":{"rendered":"https:\/\/site.ac-martinique.fr\/lyc-josephzobel\/?p=8669"},"modified":"2026-04-30T11:40:43","modified_gmt":"2026-04-30T15:40:43","slug":"neorespi","status":"publish","type":"post","link":"https:\/\/site.ac-martinique.fr\/lyc-josephzobel\/?p=8669","title":{"rendered":"NEORESPI"},"content":{"rendered":"\n<h2><strong>Une rencontre autour de la respiration au lyc\u00e9e Joseph Zobel<\/strong><\/h2>\n\n\n\n<p>Dans le cadre des actions men\u00e9es par l\u2019\u00e9quipe d\u2019EPS, le LPO Joseph Zobel a r\u00e9cemment accueilli M. V\u00e9ronique Jean-Philippe, de N\u00e9orespi pour une intervention consacr\u00e9e \u00e0 la th\u00e9rapie respiratoire fonctionnelle.<\/p>\n\n\n\n<div class=\"wp-block-group is-nowrap is-layout-flex wp-container-core-group-is-layout-ad2f72ca wp-block-group-is-layout-flex\">\n<p>Cette rencontre avait pour objectif de sensibiliser les \u00e9l\u00e8ves \u00e0 l\u2019importance de la respiration dans la vie quotidienne, mais aussi dans la pratique sportive. \u00c0 travers une pr\u00e9sentation claire et accessible, l\u2019intervenant a expliqu\u00e9 les m\u00e9canismes de la respiration, ses impacts sur le corps et les b\u00e9n\u00e9fices d\u2019une respiration ma\u00eetris\u00e9e.<\/p>\n<\/div>\n\n\n\n<figure class=\"wp-block-image size-full\"><a href=\"https:\/\/site.ac-martinique.fr\/lyc-josephzobel\/wp-content\/uploads\/sites\/37\/2026\/04\/Capture-decran-2026-04-30-112615.png\"><img loading=\"lazy\" decoding=\"async\" width=\"477\" height=\"216\" src=\"https:\/\/site.ac-martinique.fr\/lyc-josephzobel\/wp-content\/uploads\/sites\/37\/2026\/04\/Capture-decran-2026-04-30-112615.png\" alt=\"\" class=\"wp-image-8671\" srcset=\"https:\/\/site.ac-martinique.fr\/lyc-josephzobel\/wp-content\/uploads\/sites\/37\/2026\/04\/Capture-decran-2026-04-30-112615.png 477w, https:\/\/site.ac-martinique.fr\/lyc-josephzobel\/wp-content\/uploads\/sites\/37\/2026\/04\/Capture-decran-2026-04-30-112615-300x136.png 300w\" sizes=\"auto, (max-width: 477px) 100vw, 477px\" \/><\/a><\/figure>\n\n\n\n<div class=\"wp-block-group is-nowrap is-layout-flex wp-container-core-group-is-layout-ad2f72ca wp-block-group-is-layout-flex\">\n<p>Cette rencontre avait pour objectif de sensibiliser les \u00e9l\u00e8ves \u00e0 l\u2019importance de la respiration dans la vie quotidienne, mais aussi dans la pratique sportive. \u00c0 travers une pr\u00e9sentation claire et accessible, l\u2019intervenant a expliqu\u00e9 les m\u00e9canismes de la respiration, ses impacts sur le corps et les b\u00e9n\u00e9fices d\u2019une respiration ma\u00eetris\u00e9e.<\/p>\n<\/div>\n\n\n\n<figure class=\"wp-block-image size-full is-style-tw-rounded-corners\"><a href=\"https:\/\/site.ac-martinique.fr\/lyc-josephzobel\/wp-content\/uploads\/sites\/37\/2026\/04\/Capture-decran-2026-04-30-112746.png\"><img loading=\"lazy\" decoding=\"async\" width=\"669\" height=\"474\" src=\"https:\/\/site.ac-martinique.fr\/lyc-josephzobel\/wp-content\/uploads\/sites\/37\/2026\/04\/Capture-decran-2026-04-30-112746.png\" alt=\"\" class=\"wp-image-8672\" srcset=\"https:\/\/site.ac-martinique.fr\/lyc-josephzobel\/wp-content\/uploads\/sites\/37\/2026\/04\/Capture-decran-2026-04-30-112746.png 669w, https:\/\/site.ac-martinique.fr\/lyc-josephzobel\/wp-content\/uploads\/sites\/37\/2026\/04\/Capture-decran-2026-04-30-112746-300x213.png 300w\" sizes=\"auto, (max-width: 669px) 100vw, 669px\" \/><\/a><figcaption class=\"wp-element-caption\"><strong><em>M. V\u00c9RONIQUE Jean-Philippe<\/em><\/strong><em>, expliquant aux \u00e9l\u00e8ves comment am\u00e9liorer sa respiration.<\/em><\/figcaption><\/figure>\n\n\n\n<div class=\"wp-block-group is-nowrap is-layout-flex wp-container-core-group-is-layout-ad2f72ca wp-block-group-is-layout-flex\">\n<figure class=\"wp-block-image size-large is-resized is-style-tw-rounded-corners\"><a href=\"https:\/\/site.ac-martinique.fr\/lyc-josephzobel\/wp-content\/uploads\/sites\/37\/2026\/04\/20260115_113504-scaled.jpg\"><img loading=\"lazy\" decoding=\"async\" width=\"768\" height=\"1024\" src=\"https:\/\/site.ac-martinique.fr\/lyc-josephzobel\/wp-content\/uploads\/sites\/37\/2026\/04\/20260115_113504-768x1024.jpg\" alt=\"\" class=\"wp-image-8673\" style=\"aspect-ratio:0.7500042957540767;width:319px;height:auto\" srcset=\"https:\/\/site.ac-martinique.fr\/lyc-josephzobel\/wp-content\/uploads\/sites\/37\/2026\/04\/20260115_113504-768x1024.jpg 768w, https:\/\/site.ac-martinique.fr\/lyc-josephzobel\/wp-content\/uploads\/sites\/37\/2026\/04\/20260115_113504-225x300.jpg 225w, https:\/\/site.ac-martinique.fr\/lyc-josephzobel\/wp-content\/uploads\/sites\/37\/2026\/04\/20260115_113504-1152x1536.jpg 1152w, https:\/\/site.ac-martinique.fr\/lyc-josephzobel\/wp-content\/uploads\/sites\/37\/2026\/04\/20260115_113504-1536x2048.jpg 1536w, https:\/\/site.ac-martinique.fr\/lyc-josephzobel\/wp-content\/uploads\/sites\/37\/2026\/04\/20260115_113504-scaled.jpg 1920w\" sizes=\"auto, (max-width: 768px) 100vw, 768px\" \/><\/a><\/figure>\n\n\n\n<p>M. ESOR Vincent, a exp\u00e9riment\u00e9 un exercice. Gr\u00e2ce \u00e0 la respiration, il a su amener son bras plus loin vers l\u2019arri\u00e8re gr\u00e2ce \u00e0 la respiration. Il a eu plus d\u2019amplitude.<\/p>\n<\/div>\n\n\n\n<p>On peut expliquer cela surtout par la d\u00e9tente musculaire et la mobilit\u00e9 thoracique.<\/p>\n\n\n\n<p>Ce n\u2019est pas le bras qui devient plus souple d\u2019un coup, mais plut\u00f4t que :<\/p>\n\n\n\n<p>&#8211; les muscles se rel\u00e2chent ;<\/p>\n\n\n\n<p>&#8211; la posture s\u2019ouvre ;<\/p>\n\n\n\n<p>&#8211; le corps bloque moins.<\/p>\n\n\n\n<p>Le mouvement devient plus ample et plus fluide.<\/p>\n\n\n\n<div class=\"wp-block-group is-nowrap is-layout-flex wp-container-core-group-is-layout-ad2f72ca wp-block-group-is-layout-flex\">\n<p>Au-del\u00e0 de l\u2019aspect th\u00e9orique, les \u00e9l\u00e8ves ont pu participer \u00e0 des exercices pratiques visant \u00e0 am\u00e9liorer leur respiration. Ils ont ainsi d\u00e9couvert des techniques simples pour mieux respirer au quotidien, g\u00e9rer leur stress, optimiser leurs performances physiques et favoriser leur bien-\u00eatre g\u00e9n\u00e9ral.<\/p>\n\n\n\n<figure class=\"wp-block-image size-large is-style-tw-rounded-corners\"><a href=\"https:\/\/site.ac-martinique.fr\/lyc-josephzobel\/wp-content\/uploads\/sites\/37\/2026\/04\/20260115_115718-scaled.jpg\"><img loading=\"lazy\" decoding=\"async\" width=\"1024\" height=\"768\" src=\"https:\/\/site.ac-martinique.fr\/lyc-josephzobel\/wp-content\/uploads\/sites\/37\/2026\/04\/20260115_115718-1024x768.jpg\" alt=\"\" class=\"wp-image-8674\" srcset=\"https:\/\/site.ac-martinique.fr\/lyc-josephzobel\/wp-content\/uploads\/sites\/37\/2026\/04\/20260115_115718-1024x768.jpg 1024w, https:\/\/site.ac-martinique.fr\/lyc-josephzobel\/wp-content\/uploads\/sites\/37\/2026\/04\/20260115_115718-300x225.jpg 300w, https:\/\/site.ac-martinique.fr\/lyc-josephzobel\/wp-content\/uploads\/sites\/37\/2026\/04\/20260115_115718-768x576.jpg 768w, https:\/\/site.ac-martinique.fr\/lyc-josephzobel\/wp-content\/uploads\/sites\/37\/2026\/04\/20260115_115718-1536x1152.jpg 1536w, https:\/\/site.ac-martinique.fr\/lyc-josephzobel\/wp-content\/uploads\/sites\/37\/2026\/04\/20260115_115718-2048x1536.jpg 2048w\" sizes=\"auto, (max-width: 1024px) 100vw, 1024px\" \/><\/a><\/figure>\n<\/div>\n\n\n\n<div class=\"wp-block-group is-nowrap is-layout-flex wp-container-core-group-is-layout-ad2f72ca wp-block-group-is-layout-flex\">\n<figure class=\"wp-block-image size-large is-style-tw-rounded-corners\"><a href=\"https:\/\/site.ac-martinique.fr\/lyc-josephzobel\/wp-content\/uploads\/sites\/37\/2026\/04\/20260115_121232-scaled.jpg\"><img loading=\"lazy\" decoding=\"async\" width=\"1024\" height=\"768\" src=\"https:\/\/site.ac-martinique.fr\/lyc-josephzobel\/wp-content\/uploads\/sites\/37\/2026\/04\/20260115_121232-1024x768.jpg\" alt=\"\" class=\"wp-image-8675\" srcset=\"https:\/\/site.ac-martinique.fr\/lyc-josephzobel\/wp-content\/uploads\/sites\/37\/2026\/04\/20260115_121232-1024x768.jpg 1024w, https:\/\/site.ac-martinique.fr\/lyc-josephzobel\/wp-content\/uploads\/sites\/37\/2026\/04\/20260115_121232-300x225.jpg 300w, https:\/\/site.ac-martinique.fr\/lyc-josephzobel\/wp-content\/uploads\/sites\/37\/2026\/04\/20260115_121232-768x576.jpg 768w, https:\/\/site.ac-martinique.fr\/lyc-josephzobel\/wp-content\/uploads\/sites\/37\/2026\/04\/20260115_121232-1536x1152.jpg 1536w, https:\/\/site.ac-martinique.fr\/lyc-josephzobel\/wp-content\/uploads\/sites\/37\/2026\/04\/20260115_121232-2048x1536.jpg 2048w\" sizes=\"auto, (max-width: 1024px) 100vw, 1024px\" \/><\/a><\/figure>\n\n\n\n<p>Les \u00e9l\u00e8ves ont fait des pompes pendant 1 minute puis ont fait une pause pour bien respirer. Ils ont fait \u00e0 nouveau le m\u00eame exercice pendant une minute et ils ont constat\u00e9 avoir eu une meilleure performance physique. En effet, ils ont r\u00e9ussi \u00e0 faire plus de pompes dans le m\u00eame laps de temps.<\/p>\n<\/div>\n\n\n\n<p>Cette intervention enrichissante, a permis aux \u00e9l\u00e8ves de prendre conscience que bien respirer est un outil essentiel, accessible \u00e0 tous, pour mieux vivre au quotidien.<\/p>\n\n\n\n<p class=\"has-text-align-right\"><strong><em>Un grand merci \u00e0 l\u2019\u00e9quipe E.P.S pour cette exp\u00e9rience.<\/em><\/strong><\/p>\n","protected":false},"excerpt":{"rendered":"<p>Dans le cadre des actions men\u00e9es par l\u2019\u00e9quipe d\u2019EPS, le LPO Joseph Zobel a r\u00e9cemment accueilli M. V\u00e9ronique Jean-Philippe, de N\u00e9orespi pour une intervention consacr\u00e9e \u00e0 la th\u00e9rapie respiratoire fonctionnelle. Cette rencontre avait pour objectif de sensibiliser les \u00e9l\u00e8ves \u00e0 l\u2019importance de la respiration dans la vie quotidienne, mais aussi dans la pratique sportive. \u00c0 [&hellip;]<\/p>\n","protected":false},"author":525,"featured_media":8670,"comment_status":"closed","ping_status":"open","sticky":false,"template":"","format":"standard","meta":{"pagelayer_contact_templates":[],"_pagelayer_content":"","footnotes":""},"categories":[1],"tags":[],"class_list":["post-8669","post","type-post","status-publish","format-standard","has-post-thumbnail","hentry","category-non-classe"],"_links":{"self":[{"href":"https:\/\/site.ac-martinique.fr\/lyc-josephzobel\/index.php?rest_route=\/wp\/v2\/posts\/8669","targetHints":{"allow":["GET"]}}],"collection":[{"href":"https:\/\/site.ac-martinique.fr\/lyc-josephzobel\/index.php?rest_route=\/wp\/v2\/posts"}],"about":[{"href":"https:\/\/site.ac-martinique.fr\/lyc-josephzobel\/index.php?rest_route=\/wp\/v2\/types\/post"}],"author":[{"embeddable":true,"href":"https:\/\/site.ac-martinique.fr\/lyc-josephzobel\/index.php?rest_route=\/wp\/v2\/users\/525"}],"replies":[{"embeddable":true,"href":"https:\/\/site.ac-martinique.fr\/lyc-josephzobel\/index.php?rest_route=%2Fwp%2Fv2%2Fcomments&post=8669"}],"version-history":[{"count":1,"href":"https:\/\/site.ac-martinique.fr\/lyc-josephzobel\/index.php?rest_route=\/wp\/v2\/posts\/8669\/revisions"}],"predecessor-version":[{"id":8676,"href":"https:\/\/site.ac-martinique.fr\/lyc-josephzobel\/index.php?rest_route=\/wp\/v2\/posts\/8669\/revisions\/8676"}],"wp:featuredmedia":[{"embeddable":true,"href":"https:\/\/site.ac-martinique.fr\/lyc-josephzobel\/index.php?rest_route=\/wp\/v2\/media\/8670"}],"wp:attachment":[{"href":"https:\/\/site.ac-martinique.fr\/lyc-josephzobel\/index.php?rest_route=%2Fwp%2Fv2%2Fmedia&parent=8669"}],"wp:term":[{"taxonomy":"category","embeddable":true,"href":"https:\/\/site.ac-martinique.fr\/lyc-josephzobel\/index.php?rest_route=%2Fwp%2Fv2%2Fcategories&post=8669"},{"taxonomy":"post_tag","embeddable":true,"href":"https:\/\/site.ac-martinique.fr\/lyc-josephzobel\/index.php?rest_route=%2Fwp%2Fv2%2Ftags&post=8669"}],"curies":[{"name":"wp","href":"https:\/\/api.w.org\/{rel}","templated":true}]}}