{"id":8677,"date":"2026-04-30T11:48:23","date_gmt":"2026-04-30T15:48:23","guid":{"rendered":"https:\/\/site.ac-martinique.fr\/lyc-josephzobel\/?p=8677"},"modified":"2026-04-30T11:48:23","modified_gmt":"2026-04-30T15:48:23","slug":"rallye-de-mathematiques","status":"publish","type":"post","link":"https:\/\/site.ac-martinique.fr\/lyc-josephzobel\/?p=8677","title":{"rendered":"RALLYE DE MATH\u00c9MATIQUES"},"content":{"rendered":"\n<div class=\"wp-block-group is-nowrap is-layout-flex wp-container-core-group-is-layout-ad2f72ca wp-block-group-is-layout-flex\">\n<figure class=\"wp-block-image size-large is-style-tw-rounded-corners\"><a href=\"https:\/\/site.ac-martinique.fr\/lyc-josephzobel\/wp-content\/uploads\/sites\/37\/2026\/04\/20260202_084424-scaled.jpg\"><img loading=\"lazy\" decoding=\"async\" width=\"1024\" height=\"768\" src=\"https:\/\/site.ac-martinique.fr\/lyc-josephzobel\/wp-content\/uploads\/sites\/37\/2026\/04\/20260202_084424-1024x768.jpg\" alt=\"\" class=\"wp-image-8678\" srcset=\"https:\/\/site.ac-martinique.fr\/lyc-josephzobel\/wp-content\/uploads\/sites\/37\/2026\/04\/20260202_084424-1024x768.jpg 1024w, https:\/\/site.ac-martinique.fr\/lyc-josephzobel\/wp-content\/uploads\/sites\/37\/2026\/04\/20260202_084424-300x225.jpg 300w, https:\/\/site.ac-martinique.fr\/lyc-josephzobel\/wp-content\/uploads\/sites\/37\/2026\/04\/20260202_084424-768x576.jpg 768w, https:\/\/site.ac-martinique.fr\/lyc-josephzobel\/wp-content\/uploads\/sites\/37\/2026\/04\/20260202_084424-1536x1152.jpg 1536w, https:\/\/site.ac-martinique.fr\/lyc-josephzobel\/wp-content\/uploads\/sites\/37\/2026\/04\/20260202_084424-2048x1536.jpg 2048w\" sizes=\"auto, (max-width: 1024px) 100vw, 1024px\" \/><\/a><\/figure>\n\n\n\n<p>Le mardi 3 f\u00e9vrier 2026 tous les \u00e9l\u00e8ves de seconde et premi\u00e8re du lyc\u00e9e g\u00e9n\u00e9ral, technologique et professionnel, ainsi que les 3\u00e8me Pr\u00e9pa-m\u00e9tiers furent convi\u00e9s \u00e0 passer l&rsquo;\u00e9preuve \u00e9limination du Rallye de Maths en fonction de leur cat\u00e9gorie.<\/p>\n<\/div>\n\n\n\n<div class=\"wp-block-group is-nowrap is-layout-flex wp-container-core-group-is-layout-ad2f72ca wp-block-group-is-layout-flex\">\n<p>Il y a eu 61 \u00e9quipes au lyc\u00e9e g\u00e9n\u00e9ral et technologique, 11 du LP et 4 de 3\u00e8me Pr\u00e9pa-M\u00e9tier, chaque \u00e9quipe \u00e9tant form\u00e9e de 3 \u00e9l\u00e8ves.<\/p>\n<\/div>\n\n\n\n<p>Pour la finale, 6 \u00e9quipes de partie g\u00e9n\u00e9ral et technologique, 2 \u00e9quipes du LP et 2 de la 3\u00e8me Pr\u00e9pa-M\u00e9tier furent s\u00e9lectionn\u00e9es.<\/p>\n\n\n\n<p>Le Mercredi 18 mars 2026, seule une \u00e9quipe est pr\u00e9sent\u00e9e \u00e0 la finale au coll\u00e8ge Edouard GLISSANT.<\/p>\n\n\n\n<p>Le Mercredi 25 mars 2026, seules 2 \u00e9quipes sur 6 du lyc\u00e9e g\u00e9n\u00e9ral et technologique, 1 \u00e9quipe sur les 2 du LP se sont pr\u00e9sent\u00e9es \u00e0 la finale au lyc\u00e9e SHOELCHER.<\/p>\n\n\n\n<p>Dans la continuit\u00e9 du rallye de math\u00e9matiques, le Mercredi 18 mars 2026, mercredi de la semaine des math\u00e9matiques, <strong>13 \u00e9l\u00e8ves du lyc\u00e9e g\u00e9n\u00e9ral ont pass\u00e9 les \u00e9preuves des olympiades de Math\u00e9matiques.<\/strong><\/p>\n\n\n\n<p class=\"has-text-align-right\"><strong><em>Merci \u00e0 M. MINOT Daniel pour le partage.<\/em><\/strong><\/p>\n","protected":false},"excerpt":{"rendered":"<p>Le mardi 3 f\u00e9vrier 2026 tous les \u00e9l\u00e8ves de seconde et premi\u00e8re du lyc\u00e9e g\u00e9n\u00e9ral, technologique et professionnel, ainsi que les 3\u00e8me Pr\u00e9pa-m\u00e9tiers furent convi\u00e9s \u00e0 passer l&rsquo;\u00e9preuve \u00e9limination du Rallye de Maths en fonction de leur cat\u00e9gorie. Il y a eu 61 \u00e9quipes au lyc\u00e9e g\u00e9n\u00e9ral et technologique, 11 du LP et 4 de [&hellip;]<\/p>\n","protected":false},"author":525,"featured_media":8680,"comment_status":"closed","ping_status":"open","sticky":false,"template":"","format":"standard","meta":{"pagelayer_contact_templates":[],"_pagelayer_content":"","footnotes":""},"categories":[1],"tags":[],"class_list":["post-8677","post","type-post","status-publish","format-standard","has-post-thumbnail","hentry","category-non-classe"],"_links":{"self":[{"href":"https:\/\/site.ac-martinique.fr\/lyc-josephzobel\/index.php?rest_route=\/wp\/v2\/posts\/8677","targetHints":{"allow":["GET"]}}],"collection":[{"href":"https:\/\/site.ac-martinique.fr\/lyc-josephzobel\/index.php?rest_route=\/wp\/v2\/posts"}],"about":[{"href":"https:\/\/site.ac-martinique.fr\/lyc-josephzobel\/index.php?rest_route=\/wp\/v2\/types\/post"}],"author":[{"embeddable":true,"href":"https:\/\/site.ac-martinique.fr\/lyc-josephzobel\/index.php?rest_route=\/wp\/v2\/users\/525"}],"replies":[{"embeddable":true,"href":"https:\/\/site.ac-martinique.fr\/lyc-josephzobel\/index.php?rest_route=%2Fwp%2Fv2%2Fcomments&post=8677"}],"version-history":[{"count":1,"href":"https:\/\/site.ac-martinique.fr\/lyc-josephzobel\/index.php?rest_route=\/wp\/v2\/posts\/8677\/revisions"}],"predecessor-version":[{"id":8681,"href":"https:\/\/site.ac-martinique.fr\/lyc-josephzobel\/index.php?rest_route=\/wp\/v2\/posts\/8677\/revisions\/8681"}],"wp:featuredmedia":[{"embeddable":true,"href":"https:\/\/site.ac-martinique.fr\/lyc-josephzobel\/index.php?rest_route=\/wp\/v2\/media\/8680"}],"wp:attachment":[{"href":"https:\/\/site.ac-martinique.fr\/lyc-josephzobel\/index.php?rest_route=%2Fwp%2Fv2%2Fmedia&parent=8677"}],"wp:term":[{"taxonomy":"category","embeddable":true,"href":"https:\/\/site.ac-martinique.fr\/lyc-josephzobel\/index.php?rest_route=%2Fwp%2Fv2%2Fcategories&post=8677"},{"taxonomy":"post_tag","embeddable":true,"href":"https:\/\/site.ac-martinique.fr\/lyc-josephzobel\/index.php?rest_route=%2Fwp%2Fv2%2Ftags&post=8677"}],"curies":[{"name":"wp","href":"https:\/\/api.w.org\/{rel}","templated":true}]}}