{"id":8682,"date":"2026-04-30T12:00:22","date_gmt":"2026-04-30T16:00:22","guid":{"rendered":"https:\/\/site.ac-martinique.fr\/lyc-josephzobel\/?p=8682"},"modified":"2026-04-30T12:00:22","modified_gmt":"2026-04-30T16:00:22","slug":"semaine-de-la-presse","status":"publish","type":"post","link":"https:\/\/site.ac-martinique.fr\/lyc-josephzobel\/?p=8682","title":{"rendered":"SEMAINE DE LA PRESSE"},"content":{"rendered":"\n<figure class=\"wp-block-image size-large is-resized is-style-tw-rounded-corners\"><a href=\"https:\/\/site.ac-martinique.fr\/lyc-josephzobel\/wp-content\/uploads\/sites\/37\/2026\/04\/20260327_103612-scaled.jpg\"><img loading=\"lazy\" decoding=\"async\" width=\"1024\" height=\"768\" src=\"https:\/\/site.ac-martinique.fr\/lyc-josephzobel\/wp-content\/uploads\/sites\/37\/2026\/04\/20260327_103612-1024x768.jpg\" alt=\"\" class=\"wp-image-8683\" style=\"width:606px;height:auto\" srcset=\"https:\/\/site.ac-martinique.fr\/lyc-josephzobel\/wp-content\/uploads\/sites\/37\/2026\/04\/20260327_103612-1024x768.jpg 1024w, https:\/\/site.ac-martinique.fr\/lyc-josephzobel\/wp-content\/uploads\/sites\/37\/2026\/04\/20260327_103612-300x225.jpg 300w, https:\/\/site.ac-martinique.fr\/lyc-josephzobel\/wp-content\/uploads\/sites\/37\/2026\/04\/20260327_103612-768x576.jpg 768w, https:\/\/site.ac-martinique.fr\/lyc-josephzobel\/wp-content\/uploads\/sites\/37\/2026\/04\/20260327_103612-1536x1152.jpg 1536w, https:\/\/site.ac-martinique.fr\/lyc-josephzobel\/wp-content\/uploads\/sites\/37\/2026\/04\/20260327_103612-2048x1536.jpg 2048w\" sizes=\"auto, (max-width: 1024px) 100vw, 1024px\" \/><\/a><\/figure>\n\n\n\n<div class=\"wp-block-group is-nowrap is-layout-flex wp-container-core-group-is-layout-ad2f72ca wp-block-group-is-layout-flex\">\n<p>Pour cette nouvelle \u00e9dition de la Semaine de la Presse et des M\u00e9dias \u00e0 l\u2019Ecole autour du th\u00e8me <strong>\u00ab O\u00f9 est l\u2019info ? \u00bb<\/strong>, le CDI a organis\u00e9 :<\/p>\n<\/div>\n\n\n\n<ul class=\"wp-block-list\">\n<li>Une projection du film <strong>\u00ab Aliker \u00bb<\/strong> sur 2 heures ;<\/li>\n<\/ul>\n\n\n\n<ul class=\"wp-block-list\">\n<li>Une conf\u00e9rence par <strong>Mme Magalie MOUTOUSSAMY<\/strong>, journaliste, sur 1 heure.<\/li>\n<\/ul>\n\n\n\n<p>La projection suivie par la 2G1 et 1G3, pr\u00e9vue sur 2 heures (entrecoup\u00e9e d\u2019une r\u00e9cr\u00e9ation) n\u2019a pas permis de voir le film en entier, et a d\u00fb \u00eatre abr\u00e9g\u00e9e. N\u00e9anmoins, le public paraissait tr\u00e8s int\u00e9ress\u00e9 se montrant tr\u00e8s attentif tout au long du visionnage.<\/p>\n\n\n\n<div class=\"wp-block-group is-nowrap is-layout-flex wp-container-core-group-is-layout-ad2f72ca wp-block-group-is-layout-flex\">\n<figure class=\"wp-block-image size-large is-style-tw-rounded-corners\"><a href=\"https:\/\/site.ac-martinique.fr\/lyc-josephzobel\/wp-content\/uploads\/sites\/37\/2026\/04\/20260327_104858-scaled.jpg\"><img loading=\"lazy\" decoding=\"async\" width=\"768\" height=\"1024\" src=\"https:\/\/site.ac-martinique.fr\/lyc-josephzobel\/wp-content\/uploads\/sites\/37\/2026\/04\/20260327_104858-768x1024.jpg\" alt=\"\" class=\"wp-image-8684\" srcset=\"https:\/\/site.ac-martinique.fr\/lyc-josephzobel\/wp-content\/uploads\/sites\/37\/2026\/04\/20260327_104858-768x1024.jpg 768w, https:\/\/site.ac-martinique.fr\/lyc-josephzobel\/wp-content\/uploads\/sites\/37\/2026\/04\/20260327_104858-225x300.jpg 225w, https:\/\/site.ac-martinique.fr\/lyc-josephzobel\/wp-content\/uploads\/sites\/37\/2026\/04\/20260327_104858-1152x1536.jpg 1152w, https:\/\/site.ac-martinique.fr\/lyc-josephzobel\/wp-content\/uploads\/sites\/37\/2026\/04\/20260327_104858-1536x2048.jpg 1536w, https:\/\/site.ac-martinique.fr\/lyc-josephzobel\/wp-content\/uploads\/sites\/37\/2026\/04\/20260327_104858-scaled.jpg 1920w\" sizes=\"auto, (max-width: 768px) 100vw, 768px\" \/><\/a><\/figure>\n\n\n\n<p>Pour marquer la fin de cette premi\u00e8re partie, Mme Jeanne est revenue sur quelques points forts du film :<\/p>\n<\/div>\n\n\n\n<ul class=\"wp-block-list\">\n<li>Des faits historiques locaux du 20\u00e8me si\u00e8cle<\/li>\n<\/ul>\n\n\n\n<ul class=\"wp-block-list\">\n<li>L\u2019\u00e9mergence d\u2019une presse \u00e9crite \u00ab Justice \u00bb<\/li>\n<\/ul>\n\n\n\n<ul class=\"wp-block-list\">\n<li>Des personnages du parti politique communiste tels que Bissol<\/li>\n<\/ul>\n\n\n\n<ul class=\"wp-block-list\">\n<li>Le lien fraternel entre Andr\u00e9 et Pierre Aliker (m\u00e9decin, futur adjoint d\u2019Aim\u00e9 C\u00e9saire \u00e0 la mairie de Fort-de-France)<\/li>\n<\/ul>\n\n\n\n<ul class=\"wp-block-list\">\n<li>Les missions du journaliste d\u2019investigation, et de sa d\u00e9ontologie.<\/li>\n<\/ul>\n\n\n\n<p>Pour la deuxi\u00e8me partie de l\u2019\u00e9v\u00e8nement, les 2 premi\u00e8res classes ont \u00e9t\u00e9 rejointes par la 2G6.<\/p>\n\n\n\n<div class=\"wp-block-group is-nowrap is-layout-flex wp-container-core-group-is-layout-ad2f72ca wp-block-group-is-layout-flex\">\n<figure class=\"wp-block-image size-large is-style-tw-rounded-corners\"><a href=\"https:\/\/site.ac-martinique.fr\/lyc-josephzobel\/wp-content\/uploads\/sites\/37\/2026\/04\/20260327_105631-scaled.jpg\"><img loading=\"lazy\" decoding=\"async\" width=\"1024\" height=\"768\" src=\"https:\/\/site.ac-martinique.fr\/lyc-josephzobel\/wp-content\/uploads\/sites\/37\/2026\/04\/20260327_105631-1024x768.jpg\" alt=\"\" class=\"wp-image-8685\" srcset=\"https:\/\/site.ac-martinique.fr\/lyc-josephzobel\/wp-content\/uploads\/sites\/37\/2026\/04\/20260327_105631-1024x768.jpg 1024w, https:\/\/site.ac-martinique.fr\/lyc-josephzobel\/wp-content\/uploads\/sites\/37\/2026\/04\/20260327_105631-300x225.jpg 300w, https:\/\/site.ac-martinique.fr\/lyc-josephzobel\/wp-content\/uploads\/sites\/37\/2026\/04\/20260327_105631-768x576.jpg 768w, https:\/\/site.ac-martinique.fr\/lyc-josephzobel\/wp-content\/uploads\/sites\/37\/2026\/04\/20260327_105631-1536x1152.jpg 1536w, https:\/\/site.ac-martinique.fr\/lyc-josephzobel\/wp-content\/uploads\/sites\/37\/2026\/04\/20260327_105631-2048x1536.jpg 2048w\" sizes=\"auto, (max-width: 1024px) 100vw, 1024px\" \/><\/a><\/figure>\n\n\n\n<p>Les 3 classes accompagn\u00e9es de leurs enseignantes ont ainsi pu accueillir <strong>Mme Magalie MOUTOUSSAMY<\/strong> qui, apr\u00e8s s\u2019\u00eatre pr\u00e9sent\u00e9e, a pu parler de son exp\u00e9rience sur les m\u00e9dias locaux, de son m\u00e9tier plus largement, mais aussi, de l\u2019\u00e9thique \u00e0 respecter, sans pour autant se mettre en danger comme <strong>\u00ab Aliker \u00bb<\/strong>.<\/p>\n<\/div>\n\n\n\n<p>Cette animation aura permis aux \u00e9l\u00e8ves d\u2019appr\u00e9hender de belle mani\u00e8re le monde des m\u00e9dias, en contextualisant ses enjeux et probl\u00e9matiques.<\/p>\n\n\n\n<p>Les \u00e9changes avec la journaliste ont \u00e9t\u00e9 riches et int\u00e9ressants de l\u2019avis m\u00eame de Mme Moutoussamy qui s\u2019est montr\u00e9e tr\u00e8s enthousiaste et heureuse d\u2019avoir fait le d\u00e9placement.<\/p>\n\n\n\n<p>Les d\u00e9bats se sont m\u00eame poursuivis en classe aux dires des coll\u00e8gues ayant assist\u00e9 \u00e0 la s\u00e9ance. Preuve de l\u2019engouement suscit\u00e9\u2026<\/p>\n\n\n\n<figure class=\"wp-block-image size-large is-style-tw-rounded-corners\"><a href=\"https:\/\/site.ac-martinique.fr\/lyc-josephzobel\/wp-content\/uploads\/sites\/37\/2026\/04\/20260327_105158-scaled.jpg\"><img loading=\"lazy\" decoding=\"async\" width=\"1024\" height=\"768\" src=\"https:\/\/site.ac-martinique.fr\/lyc-josephzobel\/wp-content\/uploads\/sites\/37\/2026\/04\/20260327_105158-1024x768.jpg\" alt=\"\" class=\"wp-image-8686\" srcset=\"https:\/\/site.ac-martinique.fr\/lyc-josephzobel\/wp-content\/uploads\/sites\/37\/2026\/04\/20260327_105158-1024x768.jpg 1024w, https:\/\/site.ac-martinique.fr\/lyc-josephzobel\/wp-content\/uploads\/sites\/37\/2026\/04\/20260327_105158-300x225.jpg 300w, https:\/\/site.ac-martinique.fr\/lyc-josephzobel\/wp-content\/uploads\/sites\/37\/2026\/04\/20260327_105158-768x576.jpg 768w, https:\/\/site.ac-martinique.fr\/lyc-josephzobel\/wp-content\/uploads\/sites\/37\/2026\/04\/20260327_105158-1536x1152.jpg 1536w, https:\/\/site.ac-martinique.fr\/lyc-josephzobel\/wp-content\/uploads\/sites\/37\/2026\/04\/20260327_105158-2048x1536.jpg 2048w\" sizes=\"auto, (max-width: 1024px) 100vw, 1024px\" \/><\/a><figcaption class=\"wp-element-caption\"><em><strong>Mme Magalie MOUTOUSSAMY,<\/strong> journaliste, expliquant comment rechercher les informations.<\/em><\/figcaption><\/figure>\n\n\n\n<p class=\"has-text-align-right\"><strong><em>Un grand merci \u00e0 Mesdames JEANNE Marie-Dominique et BARTHELOT Starl\u00e8ne.<\/em><\/strong><\/p>\n\n\n\n<p><\/p>\n","protected":false},"excerpt":{"rendered":"<p>Pour cette nouvelle \u00e9dition de la Semaine de la Presse et des M\u00e9dias \u00e0 l\u2019Ecole autour du th\u00e8me \u00ab O\u00f9 est l\u2019info ? \u00bb, le CDI a organis\u00e9 : La projection suivie par la 2G1 et 1G3, pr\u00e9vue sur 2 heures (entrecoup\u00e9e d\u2019une r\u00e9cr\u00e9ation) n\u2019a pas permis de voir le film en entier, et a [&hellip;]<\/p>\n","protected":false},"author":525,"featured_media":8687,"comment_status":"closed","ping_status":"open","sticky":false,"template":"","format":"standard","meta":{"pagelayer_contact_templates":[],"_pagelayer_content":"","footnotes":""},"categories":[1],"tags":[],"class_list":["post-8682","post","type-post","status-publish","format-standard","has-post-thumbnail","hentry","category-non-classe"],"_links":{"self":[{"href":"https:\/\/site.ac-martinique.fr\/lyc-josephzobel\/index.php?rest_route=\/wp\/v2\/posts\/8682","targetHints":{"allow":["GET"]}}],"collection":[{"href":"https:\/\/site.ac-martinique.fr\/lyc-josephzobel\/index.php?rest_route=\/wp\/v2\/posts"}],"about":[{"href":"https:\/\/site.ac-martinique.fr\/lyc-josephzobel\/index.php?rest_route=\/wp\/v2\/types\/post"}],"author":[{"embeddable":true,"href":"https:\/\/site.ac-martinique.fr\/lyc-josephzobel\/index.php?rest_route=\/wp\/v2\/users\/525"}],"replies":[{"embeddable":true,"href":"https:\/\/site.ac-martinique.fr\/lyc-josephzobel\/index.php?rest_route=%2Fwp%2Fv2%2Fcomments&post=8682"}],"version-history":[{"count":1,"href":"https:\/\/site.ac-martinique.fr\/lyc-josephzobel\/index.php?rest_route=\/wp\/v2\/posts\/8682\/revisions"}],"predecessor-version":[{"id":8688,"href":"https:\/\/site.ac-martinique.fr\/lyc-josephzobel\/index.php?rest_route=\/wp\/v2\/posts\/8682\/revisions\/8688"}],"wp:featuredmedia":[{"embeddable":true,"href":"https:\/\/site.ac-martinique.fr\/lyc-josephzobel\/index.php?rest_route=\/wp\/v2\/media\/8687"}],"wp:attachment":[{"href":"https:\/\/site.ac-martinique.fr\/lyc-josephzobel\/index.php?rest_route=%2Fwp%2Fv2%2Fmedia&parent=8682"}],"wp:term":[{"taxonomy":"category","embeddable":true,"href":"https:\/\/site.ac-martinique.fr\/lyc-josephzobel\/index.php?rest_route=%2Fwp%2Fv2%2Fcategories&post=8682"},{"taxonomy":"post_tag","embeddable":true,"href":"https:\/\/site.ac-martinique.fr\/lyc-josephzobel\/index.php?rest_route=%2Fwp%2Fv2%2Ftags&post=8682"}],"curies":[{"name":"wp","href":"https:\/\/api.w.org\/{rel}","templated":true}]}}