{"id":8955,"date":"2026-08-25T12:59:29","date_gmt":"2026-08-25T16:59:29","guid":{"rendered":"https:\/\/site.ac-martinique.fr\/lyc-josephzobel\/?p=8955"},"modified":"2026-08-25T12:59:29","modified_gmt":"2026-08-25T16:59:29","slug":"sortie-pedagogique-les-fractures-invisibles","status":"publish","type":"post","link":"https:\/\/site.ac-martinique.fr\/lyc-josephzobel\/?p=8955","title":{"rendered":"SORTIE PEDAGOGIQUE &#8211; LES FRACTURES INVISIBLES"},"content":{"rendered":"\n<figure class=\"wp-block-image size-full\"><a href=\"https:\/\/site.ac-martinique.fr\/lyc-josephzobel\/wp-content\/uploads\/sites\/37\/2026\/08\/38ba51aa62133d0e563bc655d58c59c8.webp\"><img loading=\"lazy\" decoding=\"async\" width=\"300\" height=\"406\" src=\"https:\/\/site.ac-martinique.fr\/lyc-josephzobel\/wp-content\/uploads\/sites\/37\/2026\/08\/38ba51aa62133d0e563bc655d58c59c8.webp\" alt=\"\" class=\"wp-image-8954\" srcset=\"https:\/\/site.ac-martinique.fr\/lyc-josephzobel\/wp-content\/uploads\/sites\/37\/2026\/08\/38ba51aa62133d0e563bc655d58c59c8.webp 300w, https:\/\/site.ac-martinique.fr\/lyc-josephzobel\/wp-content\/uploads\/sites\/37\/2026\/08\/38ba51aa62133d0e563bc655d58c59c8-222x300.webp 222w\" sizes=\"auto, (max-width: 300px) 100vw, 300px\" \/><\/a><\/figure>\n\n\n\n<p class=\"wp-block-paragraph\">Une sortie p\u00e9dagogique au cin\u00e9ma TDS est pr\u00e9vue le 2 septembre. <\/p>\n\n\n\n<p class=\"wp-block-paragraph\">Toutes les classes de Seconde G\u00e9n\u00e9rale et Professionnelles participeront \u00e0 cette sortie pour d\u00e9couvrir le film \u00a0\u00bb Les Fractures invisibles \u00ab\u00a0.<\/p>\n\n\n\n<p class=\"wp-block-paragraph\">Nous sommes heureux de pr\u00e9ciser que d&rsquo;anciens \u00e9l\u00e8ves de notre lyc\u00e9e ont jou\u00e9 dans ce film.<\/p>\n\n\n\n<p class=\"has-vivid-red-color has-text-color has-link-color wp-elements-1 wp-block-paragraph\"><strong>&#x26a0;&#xfe0f; ATTENTION &#x26a0;&#xfe0f;<br>TENUE OBLIGATOIRE : <\/strong>Tous les \u00e9l\u00e8ves devront \u00eatre v\u00eatus de leur uniforme scolaire.<\/p>\n","protected":false},"excerpt":{"rendered":"<p>Une sortie p\u00e9dagogique au cin\u00e9ma TDS est pr\u00e9vue le 2 septembre. Toutes les classes de Seconde G\u00e9n\u00e9rale et Professionnelles participeront \u00e0 cette sortie pour d\u00e9couvrir le film \u00a0\u00bb Les Fractures invisibles \u00ab\u00a0. Nous sommes heureux de pr\u00e9ciser que d&rsquo;anciens \u00e9l\u00e8ves de notre lyc\u00e9e ont jou\u00e9 dans ce film. &#x26a0;&#xfe0f; ATTENTION &#x26a0;&#xfe0f;TENUE OBLIGATOIRE : Tous les [&hellip;]<\/p>\n","protected":false},"author":525,"featured_media":8956,"comment_status":"closed","ping_status":"open","sticky":false,"template":"","format":"standard","meta":{"pagelayer_contact_templates":[],"_pagelayer_content":"","footnotes":""},"categories":[47,54],"tags":[],"class_list":["post-8955","post","type-post","status-publish","format-standard","has-post-thumbnail","hentry","category-evenement-ephemere","category-information-importante"],"_links":{"self":[{"href":"https:\/\/site.ac-martinique.fr\/lyc-josephzobel\/index.php?rest_route=\/wp\/v2\/posts\/8955","targetHints":{"allow":["GET"]}}],"collection":[{"href":"https:\/\/site.ac-martinique.fr\/lyc-josephzobel\/index.php?rest_route=\/wp\/v2\/posts"}],"about":[{"href":"https:\/\/site.ac-martinique.fr\/lyc-josephzobel\/index.php?rest_route=\/wp\/v2\/types\/post"}],"author":[{"embeddable":true,"href":"https:\/\/site.ac-martinique.fr\/lyc-josephzobel\/index.php?rest_route=\/wp\/v2\/users\/525"}],"replies":[{"embeddable":true,"href":"https:\/\/site.ac-martinique.fr\/lyc-josephzobel\/index.php?rest_route=%2Fwp%2Fv2%2Fcomments&post=8955"}],"version-history":[{"count":1,"href":"https:\/\/site.ac-martinique.fr\/lyc-josephzobel\/index.php?rest_route=\/wp\/v2\/posts\/8955\/revisions"}],"predecessor-version":[{"id":8957,"href":"https:\/\/site.ac-martinique.fr\/lyc-josephzobel\/index.php?rest_route=\/wp\/v2\/posts\/8955\/revisions\/8957"}],"wp:featuredmedia":[{"embeddable":true,"href":"https:\/\/site.ac-martinique.fr\/lyc-josephzobel\/index.php?rest_route=\/wp\/v2\/media\/8956"}],"wp:attachment":[{"href":"https:\/\/site.ac-martinique.fr\/lyc-josephzobel\/index.php?rest_route=%2Fwp%2Fv2%2Fmedia&parent=8955"}],"wp:term":[{"taxonomy":"category","embeddable":true,"href":"https:\/\/site.ac-martinique.fr\/lyc-josephzobel\/index.php?rest_route=%2Fwp%2Fv2%2Fcategories&post=8955"},{"taxonomy":"post_tag","embeddable":true,"href":"https:\/\/site.ac-martinique.fr\/lyc-josephzobel\/index.php?rest_route=%2Fwp%2Fv2%2Ftags&post=8955"}],"curies":[{"name":"wp","href":"https:\/\/api.w.org\/{rel}","templated":true}]}}