{"id":5398,"date":"2026-04-15T09:24:33","date_gmt":"2026-04-15T13:24:33","guid":{"rendered":"https:\/\/site.ac-martinique.fr\/lyc-lajetee\/?p=5398"},"modified":"2026-04-22T08:45:29","modified_gmt":"2026-04-22T12:45:29","slug":"actualites-du-lpo-la-jetee","status":"publish","type":"post","link":"https:\/\/site.ac-martinique.fr\/lyc-lajetee\/?p=5398","title":{"rendered":"Actualit\u00e9s du LPO la Jet\u00e9e"},"content":{"rendered":"\n<figure class=\"wp-block-image size-large\"><a href=\"https:\/\/site.ac-martinique.fr\/lyc-lajetee\/wp-content\/uploads\/sites\/35\/2026\/03\/Avril-1.png\"><img loading=\"lazy\" decoding=\"async\" width=\"1024\" height=\"256\" src=\"https:\/\/site.ac-martinique.fr\/lyc-lajetee\/wp-content\/uploads\/sites\/35\/2026\/03\/Avril-1-1024x256.png\" alt=\"\" class=\"wp-image-6102\" srcset=\"https:\/\/site.ac-martinique.fr\/lyc-lajetee\/wp-content\/uploads\/sites\/35\/2026\/03\/Avril-1-1024x256.png 1024w, https:\/\/site.ac-martinique.fr\/lyc-lajetee\/wp-content\/uploads\/sites\/35\/2026\/03\/Avril-1-300x75.png 300w, https:\/\/site.ac-martinique.fr\/lyc-lajetee\/wp-content\/uploads\/sites\/35\/2026\/03\/Avril-1-768x192.png 768w, https:\/\/site.ac-martinique.fr\/lyc-lajetee\/wp-content\/uploads\/sites\/35\/2026\/03\/Avril-1-1536x384.png 1536w, https:\/\/site.ac-martinique.fr\/lyc-lajetee\/wp-content\/uploads\/sites\/35\/2026\/03\/Avril-1.png 1584w\" sizes=\"auto, (max-width: 1024px) 100vw, 1024px\" \/><\/a><\/figure>\n\n\n\n<p class=\"has-white-color has-light-orange-background-color has-text-color has-background has-link-color has-medium-font-size wp-elements-6151a3da72dc1f84d8fe9612b2ed9501\"><strong>Actus hebdomadaire<\/strong><\/p>\n\n\n\n<div class=\"wp-block-media-text is-stacked-on-mobile\" style=\"grid-template-columns:28% auto\"><figure class=\"wp-block-media-text__media\"><img loading=\"lazy\" decoding=\"async\" width=\"683\" height=\"1024\" src=\"https:\/\/site.ac-martinique.fr\/lyc-lajetee\/wp-content\/uploads\/sites\/35\/2025\/09\/Club-presse-4-683x1024.png\" alt=\"\" class=\"wp-image-5950 size-full\" srcset=\"https:\/\/site.ac-martinique.fr\/lyc-lajetee\/wp-content\/uploads\/sites\/35\/2025\/09\/Club-presse-4-683x1024.png 683w, https:\/\/site.ac-martinique.fr\/lyc-lajetee\/wp-content\/uploads\/sites\/35\/2025\/09\/Club-presse-4-200x300.png 200w, https:\/\/site.ac-martinique.fr\/lyc-lajetee\/wp-content\/uploads\/sites\/35\/2025\/09\/Club-presse-4-768x1152.png 768w, https:\/\/site.ac-martinique.fr\/lyc-lajetee\/wp-content\/uploads\/sites\/35\/2025\/09\/Club-presse-4.png 1024w\" sizes=\"auto, (max-width: 683px) 100vw, 683px\" \/><\/figure><div class=\"wp-block-media-text__content\">\n<p class=\"has-medium-font-size\">Le <strong>n\u00b02 de notre journal la J\u00e8t\u00e9 ka Pal\u00e9<\/strong> est sorti ! Nous vous invitons \u00e0 le d\u00e9couvrir. C&rsquo;est <strong><a href=\"https:\/\/site.ac-martinique.fr\/lyc-lajetee\/wp-content\/uploads\/sites\/35\/2026\/04\/Edition-Decembre-25-Mars-26-5.pdf\">ici<\/a><\/strong><\/p>\n\n\n\n<p class=\"has-medium-font-size\"><strong>Au sommaire<\/strong>  : Des parcours inspirants ; On a lu et on partage <\/p>\n<\/div><\/div>\n\n\n\n<ul class=\"wp-block-list\">\n<li class=\"has-medium-font-size\"><mark style=\"background-color:rgba(0, 0, 0, 0)\" class=\"has-inline-color has-medium-orange-color\"><strong>Nouvelles du restaurant p\u00e9dagogique Il\u00f4t Saveur <\/strong><\/mark>: C&rsquo;est aussi la reprise pour toute l&rsquo;\u00e9quipe :                                                                                                                                                                                       Ouverture du restaurant :                                                                                                                                                                               &#8211; <strong>Mardi 21 avril<\/strong> \u00e0 12 h                                                                                                                                                                                        &#8211; <strong>Vendredi 24 avril<\/strong> \u00e0 12 h                                                                                                                                                                           Pour les r\u00e9servations composer le 0696 04 64 59  ou 0596 54 32 26  ou faire la r\u00e9servation via l&rsquo;application Zenchef          <\/li>\n\n\n\n<li class=\"has-medium-font-size\"><strong><mark style=\"background-color:rgba(0, 0, 0, 0)\" class=\"has-inline-color has-medium-orange-color\">Epreuves<\/mark><\/strong> <strong><mark style=\"background-color:rgba(0, 0, 0, 0)\" class=\"has-inline-color has-medium-orange-color\">des oraux<\/mark><\/strong>  &#8211; <strong>Projet exp\u00e9rimental et num\u00e9rique <\/strong>&#8211; 1<sup>ere<\/sup> et terminales g\u00e9n\u00e9rales                                      Les \u00e9preuves commencent ce lundi 20 avril. El\u00e8ves et parents rendez vous sur Pronote pour t\u00e9l\u00e9charger les calendriers.                                                                                                                                    <\/li>\n<\/ul>\n\n\n\n<figure class=\"wp-block-image size-large\"><a href=\"https:\/\/site.ac-martinique.fr\/lyc-lajetee\/wp-content\/uploads\/sites\/35\/2026\/02\/Banniere-Mars-LPO-la-Jetee.png\"><img loading=\"lazy\" decoding=\"async\" width=\"1024\" height=\"256\" src=\"https:\/\/site.ac-martinique.fr\/lyc-lajetee\/wp-content\/uploads\/sites\/35\/2026\/02\/Banniere-Mars-LPO-la-Jetee-1024x256.png\" alt=\"\" class=\"wp-image-6075\" srcset=\"https:\/\/site.ac-martinique.fr\/lyc-lajetee\/wp-content\/uploads\/sites\/35\/2026\/02\/Banniere-Mars-LPO-la-Jetee-1024x256.png 1024w, https:\/\/site.ac-martinique.fr\/lyc-lajetee\/wp-content\/uploads\/sites\/35\/2026\/02\/Banniere-Mars-LPO-la-Jetee-300x75.png 300w, https:\/\/site.ac-martinique.fr\/lyc-lajetee\/wp-content\/uploads\/sites\/35\/2026\/02\/Banniere-Mars-LPO-la-Jetee-768x192.png 768w, https:\/\/site.ac-martinique.fr\/lyc-lajetee\/wp-content\/uploads\/sites\/35\/2026\/02\/Banniere-Mars-LPO-la-Jetee-1536x384.png 1536w, https:\/\/site.ac-martinique.fr\/lyc-lajetee\/wp-content\/uploads\/sites\/35\/2026\/02\/Banniere-Mars-LPO-la-Jetee.png 1584w\" sizes=\"auto, (max-width: 1024px) 100vw, 1024px\" \/><\/a><\/figure>\n\n\n\n<p class=\"has-white-color has-light-orange-background-color has-text-color has-background has-link-color has-medium-font-size wp-elements-156bbefd652362d5d59044af06d657bc\"><strong>R\u00e9ussites de nos \u00e9l\u00e8ves<\/strong><\/p>\n\n\n\n<p>Nos \u00e9l\u00e8ves r\u00e9ussissent, bravo \u00e0 eux ! Cette r\u00e9ussite qui est la leur et qui nous rend tous tellement fiers,  c&rsquo;est aussi celle de l&rsquo;ensemble  des \u00e9quipes p\u00e9dagogiques, administrative et aux parents qui \u0153uvrent quotidiennement. <\/p>\n\n\n\n<div class=\"wp-block-media-text is-stacked-on-mobile\" style=\"grid-template-columns:42% auto\"><figure class=\"wp-block-media-text__media\"><img loading=\"lazy\" decoding=\"async\" width=\"715\" height=\"1024\" src=\"https:\/\/site.ac-martinique.fr\/lyc-lajetee\/wp-content\/uploads\/sites\/35\/2026\/03\/Eleve-Tourisme-715x1024.jpg\" alt=\"\" class=\"wp-image-6087 size-full\" srcset=\"https:\/\/site.ac-martinique.fr\/lyc-lajetee\/wp-content\/uploads\/sites\/35\/2026\/03\/Eleve-Tourisme-715x1024.jpg 715w, https:\/\/site.ac-martinique.fr\/lyc-lajetee\/wp-content\/uploads\/sites\/35\/2026\/03\/Eleve-Tourisme-210x300.jpg 210w, https:\/\/site.ac-martinique.fr\/lyc-lajetee\/wp-content\/uploads\/sites\/35\/2026\/03\/Eleve-Tourisme-768x1099.jpg 768w, https:\/\/site.ac-martinique.fr\/lyc-lajetee\/wp-content\/uploads\/sites\/35\/2026\/03\/Eleve-Tourisme.jpg 1048w\" sizes=\"auto, (max-width: 715px) 100vw, 715px\" \/><\/figure><div class=\"wp-block-media-text__content\">\n<p>Remarquable r\u00e9ussite de  <strong>Lyssandra Francois<\/strong> (\u00e9l\u00e8ve de 2<sup>nde<\/sup>) r\u00e9cemment nomm\u00e9e <strong><mark style=\"background-color:rgba(0, 0, 0, 0)\" class=\"has-inline-color has-medium-orange-color\">Ministre junior du Comit\u00e9 Martiniquais du Tourisme<\/mark><\/strong>. <\/p>\n\n\n\n<p>Cette distinction vient saluer son engagement, son s\u00e9rieux ainsi que la qualit\u00e9 de son travail. Elle illustre \u00e9galement les valeurs que nous nous effor\u00e7ons de transmettre au quotidien : pers\u00e9v\u00e9rance, ambition et ouverture sur le monde. <\/p>\n\n\n\n<p>Sinc\u00e8res remerciements \u00e0<strong> Madame Romany Cossou<\/strong> qui l\u2019a accompagn\u00e9e tout au long de ce parcours. Son implication, son soutien et son encadrement ont largement contribu\u00e9 \u00e0 cette belle r\u00e9ussite.<\/p>\n<\/div><\/div>\n\n\n\n<div class=\"wp-block-media-text is-stacked-on-mobile\"><figure class=\"wp-block-media-text__media\"><img loading=\"lazy\" decoding=\"async\" width=\"302\" height=\"167\" src=\"https:\/\/site.ac-martinique.fr\/lyc-lajetee\/wp-content\/uploads\/sites\/35\/2026\/03\/Batisseur.png\" alt=\"\" class=\"wp-image-6088 size-full\" srcset=\"https:\/\/site.ac-martinique.fr\/lyc-lajetee\/wp-content\/uploads\/sites\/35\/2026\/03\/Batisseur.png 302w, https:\/\/site.ac-martinique.fr\/lyc-lajetee\/wp-content\/uploads\/sites\/35\/2026\/03\/Batisseur-300x166.png 300w\" sizes=\"auto, (max-width: 302px) 100vw, 302px\" \/><\/figure><div class=\"wp-block-media-text__content\">\n<p>Nos \u00e9l\u00e8ves de 2nde CAP Charpente &#8211; <strong>Servius Kenny et Raphael Djahyann<\/strong> &#8211;  sont les grands <strong><mark style=\"background-color:rgba(0, 0, 0, 0)\" class=\"has-inline-color has-medium-orange-color\">gagnants du concours de jeunes talents du Salon des B\u00e2tisseurs 2026<\/mark><\/strong>. <\/p>\n\n\n\n<p>Un grand merci \u00e0 <strong>M. Joseph Reinette<\/strong> enseignant de la sp\u00e9cialit\u00e9 et \u00e0 tous les enseignants de la classe.<\/p>\n<\/div><\/div>\n\n\n\n<figure class=\"wp-block-gallery has-nested-images columns-default is-cropped wp-block-gallery-1 is-layout-flex wp-block-gallery-is-layout-flex\">\n<figure class=\"wp-block-image size-large\"><a href=\"https:\/\/site.ac-martinique.fr\/lyc-lajetee\/wp-content\/uploads\/sites\/35\/2026\/03\/Prof.jpg\"><img loading=\"lazy\" decoding=\"async\" width=\"768\" height=\"1024\" data-id=\"6093\" src=\"https:\/\/site.ac-martinique.fr\/lyc-lajetee\/wp-content\/uploads\/sites\/35\/2026\/03\/Prof-768x1024.jpg\" alt=\"\" class=\"wp-image-6093\" srcset=\"https:\/\/site.ac-martinique.fr\/lyc-lajetee\/wp-content\/uploads\/sites\/35\/2026\/03\/Prof-768x1024.jpg 768w, https:\/\/site.ac-martinique.fr\/lyc-lajetee\/wp-content\/uploads\/sites\/35\/2026\/03\/Prof-225x300.jpg 225w, https:\/\/site.ac-martinique.fr\/lyc-lajetee\/wp-content\/uploads\/sites\/35\/2026\/03\/Prof-1152x1536.jpg 1152w, https:\/\/site.ac-martinique.fr\/lyc-lajetee\/wp-content\/uploads\/sites\/35\/2026\/03\/Prof.jpg 1200w\" sizes=\"auto, (max-width: 768px) 100vw, 768px\" \/><\/a><\/figure>\n\n\n\n<figure class=\"wp-block-image size-large\"><a href=\"https:\/\/site.ac-martinique.fr\/lyc-lajetee\/wp-content\/uploads\/sites\/35\/2026\/03\/Eleve-3.jpg\"><img loading=\"lazy\" decoding=\"async\" width=\"768\" height=\"1024\" data-id=\"6089\" src=\"https:\/\/site.ac-martinique.fr\/lyc-lajetee\/wp-content\/uploads\/sites\/35\/2026\/03\/Eleve-3-768x1024.jpg\" alt=\"\" class=\"wp-image-6089\" srcset=\"https:\/\/site.ac-martinique.fr\/lyc-lajetee\/wp-content\/uploads\/sites\/35\/2026\/03\/Eleve-3-768x1024.jpg 768w, https:\/\/site.ac-martinique.fr\/lyc-lajetee\/wp-content\/uploads\/sites\/35\/2026\/03\/Eleve-3-225x300.jpg 225w, https:\/\/site.ac-martinique.fr\/lyc-lajetee\/wp-content\/uploads\/sites\/35\/2026\/03\/Eleve-3-1152x1536.jpg 1152w, https:\/\/site.ac-martinique.fr\/lyc-lajetee\/wp-content\/uploads\/sites\/35\/2026\/03\/Eleve-3.jpg 1200w\" sizes=\"auto, (max-width: 768px) 100vw, 768px\" \/><\/a><\/figure>\n\n\n\n<figure class=\"wp-block-image size-large\"><a href=\"https:\/\/site.ac-martinique.fr\/lyc-lajetee\/wp-content\/uploads\/sites\/35\/2026\/03\/Eleves.jpg\"><img loading=\"lazy\" decoding=\"async\" width=\"1024\" height=\"768\" data-id=\"6091\" src=\"https:\/\/site.ac-martinique.fr\/lyc-lajetee\/wp-content\/uploads\/sites\/35\/2026\/03\/Eleves-1024x768.jpg\" alt=\"\" class=\"wp-image-6091\" srcset=\"https:\/\/site.ac-martinique.fr\/lyc-lajetee\/wp-content\/uploads\/sites\/35\/2026\/03\/Eleves-1024x768.jpg 1024w, https:\/\/site.ac-martinique.fr\/lyc-lajetee\/wp-content\/uploads\/sites\/35\/2026\/03\/Eleves-300x225.jpg 300w, https:\/\/site.ac-martinique.fr\/lyc-lajetee\/wp-content\/uploads\/sites\/35\/2026\/03\/Eleves-768x576.jpg 768w, https:\/\/site.ac-martinique.fr\/lyc-lajetee\/wp-content\/uploads\/sites\/35\/2026\/03\/Eleves.jpg 1280w\" sizes=\"auto, (max-width: 1024px) 100vw, 1024px\" \/><\/a><\/figure>\n\n\n\n<figure class=\"wp-block-image size-large\"><a href=\"https:\/\/site.ac-martinique.fr\/lyc-lajetee\/wp-content\/uploads\/sites\/35\/2026\/03\/Eleve.jpg\"><img loading=\"lazy\" decoding=\"async\" width=\"768\" height=\"1024\" data-id=\"6092\" src=\"https:\/\/site.ac-martinique.fr\/lyc-lajetee\/wp-content\/uploads\/sites\/35\/2026\/03\/Eleve-768x1024.jpg\" alt=\"\" class=\"wp-image-6092\" srcset=\"https:\/\/site.ac-martinique.fr\/lyc-lajetee\/wp-content\/uploads\/sites\/35\/2026\/03\/Eleve-768x1024.jpg 768w, https:\/\/site.ac-martinique.fr\/lyc-lajetee\/wp-content\/uploads\/sites\/35\/2026\/03\/Eleve-225x300.jpg 225w, https:\/\/site.ac-martinique.fr\/lyc-lajetee\/wp-content\/uploads\/sites\/35\/2026\/03\/Eleve-1152x1536.jpg 1152w, https:\/\/site.ac-martinique.fr\/lyc-lajetee\/wp-content\/uploads\/sites\/35\/2026\/03\/Eleve.jpg 1200w\" sizes=\"auto, (max-width: 768px) 100vw, 768px\" \/><\/a><\/figure>\n<\/figure>\n\n\n\n<p class=\"has-white-color has-light-orange-background-color has-text-color has-background has-link-color has-medium-font-size wp-elements-1793488b1eb7c54da8627ea2d162fa88\"><strong>Mardi 31 mars  &#8211; Journ\u00e9es Portes Ouvertes 2026<\/strong><\/p>\n\n\n\n<p><strong><mark style=\"background-color:rgba(0, 0, 0, 0)\" class=\"has-inline-color has-medium-orange-color\">Mardi 31 Mars 2026 de 08h00 \u00e0 12h30<\/mark><\/strong> &#8211; <em>Nous accueillerons les \u00e9l\u00e8ves de 3<sup>e<\/sup> et 4<sup>e<\/sup> des coll\u00e8ges environnants afin de leur pr\u00e9senter nos formations.<\/em> Pr\u00e9sentation de la partie g\u00e9n\u00e9rale et technologique ainsi que des fili\u00e8res du lyc\u00e9e professionnel (options, sp\u00e9cialit\u00e9s, MDL, CDI, fili\u00e8res pro, etc&#8230;.).<\/p>\n\n\n\n<p class=\"has-white-color has-light-orange-background-color has-text-color has-background has-link-color has-medium-font-size wp-elements-f7052b1967d68d53be9919121f443b10\"><strong>23 au 28 Mars 2026 <\/strong>&#8211; <strong>Nous sommes solidaires<\/strong> <strong>!<\/strong><\/p>\n\n\n\n<div class=\"wp-block-group is-nowrap is-layout-flex wp-container-core-group-is-layout-ad2f72ca wp-block-group-is-layout-flex\">\n<figure class=\"wp-block-gallery has-nested-images columns-default is-cropped wp-block-gallery-2 is-layout-flex wp-block-gallery-is-layout-flex\">\n<figure class=\"wp-block-image size-large\"><a href=\"https:\/\/site.ac-martinique.fr\/lyc-lajetee\/wp-content\/uploads\/sites\/35\/2026\/03\/collecte-dons.png\"><img loading=\"lazy\" decoding=\"async\" width=\"682\" height=\"1024\" data-id=\"6082\" src=\"https:\/\/site.ac-martinique.fr\/lyc-lajetee\/wp-content\/uploads\/sites\/35\/2026\/03\/collecte-dons-682x1024.png\" alt=\"\" class=\"wp-image-6082\" srcset=\"https:\/\/site.ac-martinique.fr\/lyc-lajetee\/wp-content\/uploads\/sites\/35\/2026\/03\/collecte-dons-682x1024.png 682w, https:\/\/site.ac-martinique.fr\/lyc-lajetee\/wp-content\/uploads\/sites\/35\/2026\/03\/collecte-dons-200x300.png 200w, https:\/\/site.ac-martinique.fr\/lyc-lajetee\/wp-content\/uploads\/sites\/35\/2026\/03\/collecte-dons-768x1152.png 768w, https:\/\/site.ac-martinique.fr\/lyc-lajetee\/wp-content\/uploads\/sites\/35\/2026\/03\/collecte-dons.png 853w\" sizes=\"auto, (max-width: 682px) 100vw, 682px\" \/><\/a><\/figure>\n<\/figure>\n\n\n\n<p class=\"wp-container-content-9cfa9a5a\">Le CVL du&nbsp;<a>Lyc\u00e9e La Jet\u00e9e<\/a>&nbsp;organise une collecte solidaire afin de venir en aide aux personnes dans le besoin. Les \u00e9l\u00e8ves, les familles et les membres du personnel sont invit\u00e9s \u00e0 apporter des dons (produits alimentaires, v\u00eatements ou autres articles utiles).  Chaque geste compte et permettra d\u2019apporter un soutien concret \u00e0 ceux qui en ont le plus besoin.&nbsp;<strong>Personne contact <\/strong>: Mme Hartoc (CPE)<\/p>\n\n\n\n<p><\/p>\n\n\n\n<p><\/p>\n<\/div>\n\n\n\n<p class=\"has-white-color has-light-orange-background-color has-text-color has-background has-link-color has-medium-font-size wp-elements-068632d9ff7f7ac687aa299ddcace794\"><strong>La f\u00eate du Court M\u00e9trage 2026<\/strong><\/p>\n\n\n<div class=\"wp-block-image\">\n<figure class=\"aligncenter size-full is-resized\"><a href=\"https:\/\/site.ac-martinique.fr\/lyc-lajetee\/wp-content\/uploads\/sites\/35\/2026\/03\/Fete.jpg\"><img loading=\"lazy\" decoding=\"async\" width=\"316\" height=\"160\" src=\"https:\/\/site.ac-martinique.fr\/lyc-lajetee\/wp-content\/uploads\/sites\/35\/2026\/03\/Fete.jpg\" alt=\"\" class=\"wp-image-6080\" style=\"aspect-ratio:1.9751871219112067;width:363px;height:auto\" srcset=\"https:\/\/site.ac-martinique.fr\/lyc-lajetee\/wp-content\/uploads\/sites\/35\/2026\/03\/Fete.jpg 316w, https:\/\/site.ac-martinique.fr\/lyc-lajetee\/wp-content\/uploads\/sites\/35\/2026\/03\/Fete-300x152.jpg 300w\" sizes=\"auto, (max-width: 316px) 100vw, 316px\" \/><\/a><\/figure>\n<\/div>\n\n\n<div class=\"wp-block-media-text is-stacked-on-mobile\" style=\"grid-template-columns:33% auto\"><figure class=\"wp-block-media-text__media\"><img loading=\"lazy\" decoding=\"async\" width=\"645\" height=\"860\" src=\"https:\/\/site.ac-martinique.fr\/lyc-lajetee\/wp-content\/uploads\/sites\/35\/2026\/03\/Fabrice-2.jpg\" alt=\"\" class=\"wp-image-6098 size-full\" srcset=\"https:\/\/site.ac-martinique.fr\/lyc-lajetee\/wp-content\/uploads\/sites\/35\/2026\/03\/Fabrice-2.jpg 645w, https:\/\/site.ac-martinique.fr\/lyc-lajetee\/wp-content\/uploads\/sites\/35\/2026\/03\/Fabrice-2-225x300.jpg 225w\" sizes=\"auto, (max-width: 645px) 100vw, 645px\" \/><\/figure><div class=\"wp-block-media-text__content\">\n<p>&nbsp;A l&rsquo;occasion de la 10<sup>\u00e8me<\/sup> \u00e9dition du <strong>Festival du court m\u00e9trage<\/strong>, le CDI, a eu le plaisir d &lsquo;accueillir les \u00e9l\u00e8ves pour plusieurs s\u00e9ances de projection et de d\u00e9couverte du cin\u00e9ma. Cet \u00e9v\u00e8nement est une belle opportunit\u00e9 de d\u00e9couvrir des courts m\u00e9trages vari\u00e9s, de partager un moment culturel et d \u00e9changer autour de cr\u00e9ations originales venues de diff\u00e9rents horizons. Les \u00e9l\u00e8ves de 1ere ont pu \u00e9changer avec le producteur-r\u00e9alisateur<strong> M. Fabrice Paimba<\/strong>.<\/p>\n<\/div><\/div>\n\n\n\n<p class=\"has-white-color has-light-orange-background-color has-text-color has-background has-link-color has-medium-font-size wp-elements-dac1d9c875d2b69940e0f51f389e21a6\"><strong>23 au 27 mars 2026 &#8211; Semaine des langues vivantes <\/strong><\/p>\n\n\n<div class=\"wp-block-image\">\n<figure class=\"aligncenter size-full\"><a href=\"https:\/\/site.ac-martinique.fr\/lyc-lajetee\/wp-content\/uploads\/sites\/35\/2026\/03\/Langues.jpg\"><img loading=\"lazy\" decoding=\"async\" width=\"245\" height=\"206\" src=\"https:\/\/site.ac-martinique.fr\/lyc-lajetee\/wp-content\/uploads\/sites\/35\/2026\/03\/Langues.jpg\" alt=\"\" class=\"wp-image-6081\"\/><\/a><\/figure>\n<\/div>\n\n\n<p class=\"has-dark-gray-color has-text-color has-link-color wp-elements-3e2e0024b896a008a385d4297301af4b\">Plusieurs \u00e9v\u00e9nements sont pr\u00e9vus cette semaine avec et pour nos \u00e9l\u00e8ves : <\/p>\n\n\n\n<p class=\"has-dark-gray-color has-text-color has-link-color wp-elements-225612f22cbd056a51f154d2f04d4398\"><strong>Expositions<\/strong> : <strong><mark style=\"background-color:rgba(0, 0, 0, 0)\" class=\"has-inline-color has-medium-orange-color\">Au CDI <\/mark><em>Lanm\u00e9 Nou<\/em>&nbsp;<\/strong>&nbsp;: 10 affiches sur&nbsp;les&nbsp;th\u00e8mes Lanm\u00e8-a ant Soufrans \u00e9 R\u00e9zistans&nbsp;\/ Lanm\u00e8-a adan tradision \u00e9 kilti-nou \/ Lanm\u00e8-a ant kwayans \u00e9 kwayandiz (croyances et Superstitions)&nbsp;; <mark style=\"background-color:rgba(0, 0, 0, 0)\" class=\"has-inline-color has-medium-orange-color\"><strong>au b\u00e2timent administratif <\/strong><\/mark>: <strong>Les Femmes cubaines&nbsp;<\/strong>et organisation d\u2019un concours de dessin&nbsp;<em>Cuba 2026<\/em>.   <strong><mark style=\"background-color:rgba(0, 0, 0, 0)\" class=\"has-inline-color has-medium-orange-color\">Programme de la semaine \u00e0 t\u00e9l\u00e9charger<\/mark><\/strong> <strong><mark style=\"background-color:rgba(0, 0, 0, 0)\" class=\"has-inline-color has-medium-orange-color\"><a href=\"https:\/\/site.ac-martinique.fr\/lyc-lajetee\/wp-content\/uploads\/sites\/35\/2026\/03\/SEMAINE-DES-LANGUES.pdf\">ici<\/a><\/mark><\/strong><\/p>\n\n\n\n<p class=\"has-white-color has-light-orange-background-color has-text-color has-background has-link-color has-medium-font-size wp-elements-ac9e7579e035919ca09b723ff4325fa1\"><strong>Semaine des Math\u00e9matiques &#8211; Testez nos \u00e9nigmes<\/strong><\/p>\n\n\n<div class=\"wp-block-image\">\n<figure class=\"aligncenter size-full\"><a href=\"https:\/\/site.ac-martinique.fr\/lyc-lajetee\/wp-content\/uploads\/sites\/35\/2026\/03\/Maths.jpg\"><img loading=\"lazy\" decoding=\"async\" width=\"267\" height=\"189\" src=\"https:\/\/site.ac-martinique.fr\/lyc-lajetee\/wp-content\/uploads\/sites\/35\/2026\/03\/Maths.jpg\" alt=\"\" class=\"wp-image-6084\"\/><\/a><\/figure>\n<\/div>\n\n\n<p>Le th\u00e8me de cette&nbsp; ann\u00e9e 2026 de la semaine des math\u00e9matiques est :<strong> \u00ab\u00a0\u00e9galit\u00e9s\u00a0\u00bb<\/strong>. Nous vous proposons des \u00e9nigmes faisant \u00e9cho \u00e0 la r\u00e9cente journ\u00e9e des droits de la femme. Les \u00e9nigmes feront un rappel de certains domaines ou l\u2019\u00e9galit\u00e9 homme-femme n\u2019est pas encore atteinte.<\/p>\n\n\n\n<p><strong><mark style=\"background-color:rgba(0, 0, 0, 0)\" class=\"has-inline-color has-medium-orange-color\">A vos maths, pr\u00eats , partez !<\/mark><\/strong> Les \u00e9nigmes c&rsquo;est <strong><a href=\"https:\/\/site.ac-martinique.fr\/lyc-lajetee\/wp-content\/uploads\/sites\/35\/2026\/03\/semaine-des-maths-2026-enigmes-journalieres1.pdf\">ici<\/a><\/strong>, 1 par jour. <\/p>\n\n\n\n<p class=\"has-white-color has-light-orange-background-color has-text-color has-background has-link-color has-medium-font-size wp-elements-cec5ce36a6bdfb8a1aa06ce387caa226\"><strong>Erasmus+ : une immersion artistique et europ\u00e9enne \u00e0 La Palma<\/strong><\/p>\n\n\n\n<p>Du <strong>12 au 21 janvier 2026<\/strong>, dix \u00e9l\u00e8ves de Terminale de notre lyc\u00e9e ont particip\u00e9 \u00e0 une mobilit\u00e9 sur l\u2019\u00eele de La Palma, aux Canaries dans le cadre du projet <strong>Erasmus+ \u00ab&nbsp;Les expressions artistiques au-del\u00e0 de nos fronti\u00e8res insulaires&nbsp;\u00bb<\/strong>. Ce s\u00e9jour, organis\u00e9 en partenariat avec la Escuela de Arte Manolo Blahnik, avait pour objectif de d\u00e9velopper les comp\u00e9tences linguistiques, interculturelles, num\u00e9riques et citoyennes des \u00e9l\u00e8ves \u00e0 travers une immersion artistique et culturelle.  <a href=\"https:\/\/site.ac-martinique.fr\/lyc-lajetee\/?page_id=5868\"> <mark style=\"background-color:rgba(0, 0, 0, 0)\" class=\"has-inline-color has-medium-orange-color\"><strong>En savoir plus &#8230;<\/strong><\/mark><\/a><\/p>\n\n\n\n<p>Et sans attendre, <a href=\"https:\/\/www.canva.com\/design\/DAHBsAXZtT4\/-p0mUrJadqrQomPGySZtqQ\/watch?utm_content=DAHBsAXZtT4&amp;utm_campaign=designshare&amp;utm_medium=link2&amp;utm_source=uniquelinks&amp;utlId=h645f1643ff\"><strong>un retour en image de ce voyage<\/strong><\/a><\/p>\n\n\n\n<figure class=\"wp-block-gallery has-nested-images columns-default is-cropped wp-block-gallery-3 is-layout-flex wp-block-gallery-is-layout-flex\">\n<figure class=\"wp-block-image size-full\"><a href=\"https:\/\/site.ac-martinique.fr\/lyc-lajetee\/wp-content\/uploads\/sites\/35\/2026\/02\/Erasmus2.jpg\"><img loading=\"lazy\" decoding=\"async\" width=\"291\" height=\"203\" data-id=\"6063\" src=\"https:\/\/site.ac-martinique.fr\/lyc-lajetee\/wp-content\/uploads\/sites\/35\/2026\/02\/Erasmus2.jpg\" alt=\"\" class=\"wp-image-6063\"\/><\/a><\/figure>\n\n\n\n<figure class=\"wp-block-image size-full\"><a href=\"https:\/\/site.ac-martinique.fr\/lyc-lajetee\/wp-content\/uploads\/sites\/35\/2026\/02\/Erasmus.jpg\"><img loading=\"lazy\" decoding=\"async\" width=\"396\" height=\"292\" data-id=\"6062\" src=\"https:\/\/site.ac-martinique.fr\/lyc-lajetee\/wp-content\/uploads\/sites\/35\/2026\/02\/Erasmus.jpg\" alt=\"\" class=\"wp-image-6062\" srcset=\"https:\/\/site.ac-martinique.fr\/lyc-lajetee\/wp-content\/uploads\/sites\/35\/2026\/02\/Erasmus.jpg 396w, https:\/\/site.ac-martinique.fr\/lyc-lajetee\/wp-content\/uploads\/sites\/35\/2026\/02\/Erasmus-300x221.jpg 300w\" sizes=\"auto, (max-width: 396px) 100vw, 396px\" \/><\/a><\/figure>\n<\/figure>\n\n\n\n<p class=\"has-white-color has-light-orange-background-color has-text-color has-background has-link-color has-medium-font-size wp-elements-23a9e6af298bd0e9ab7ae0b422610690\"> <strong>Sinton\u00eda escolar<\/strong> : <strong>un premier podcast pour c\u00e9l\u00e9brer la collaboration \u00e9ducative en Martinique <\/strong><\/p>\n\n\n\n<div class=\"wp-block-media-text is-stacked-on-mobile\" style=\"grid-template-columns:31% auto\"><figure class=\"wp-block-media-text__media\"><img loading=\"lazy\" decoding=\"async\" width=\"1024\" height=\"1024\" src=\"https:\/\/site.ac-martinique.fr\/lyc-lajetee\/wp-content\/uploads\/sites\/35\/2025\/12\/interview-8837981_1280-1024x1024.png\" alt=\"\" class=\"wp-image-6024 size-full\" srcset=\"https:\/\/site.ac-martinique.fr\/lyc-lajetee\/wp-content\/uploads\/sites\/35\/2025\/12\/interview-8837981_1280-1024x1024.png 1024w, https:\/\/site.ac-martinique.fr\/lyc-lajetee\/wp-content\/uploads\/sites\/35\/2025\/12\/interview-8837981_1280-300x300.png 300w, https:\/\/site.ac-martinique.fr\/lyc-lajetee\/wp-content\/uploads\/sites\/35\/2025\/12\/interview-8837981_1280-150x150.png 150w, https:\/\/site.ac-martinique.fr\/lyc-lajetee\/wp-content\/uploads\/sites\/35\/2025\/12\/interview-8837981_1280-768x768.png 768w, https:\/\/site.ac-martinique.fr\/lyc-lajetee\/wp-content\/uploads\/sites\/35\/2025\/12\/interview-8837981_1280.png 1280w\" sizes=\"auto, (max-width: 1024px) 100vw, 1024px\" \/><\/figure><div class=\"wp-block-media-text__content\">\n<p>Le projet \u00ab <strong>Sinton\u00eda escolar<\/strong> \u00bb  fruit d\u2019une collaboration in\u00e9dite entre cinq \u00e9tablissements scolaires de Martinique : <strong>les coll\u00e8ges<\/strong> Jane Nardal du Diamant, \u00c9douard Glissant du Lamentin, Terreville de Schoelcher et <strong>les lyc\u00e9es <\/strong>La Jet\u00e9e du Fran\u00e7ois et Nord Atlantique de Sainte Marie, a franchi une \u00e9tape majeure avec la publication de son premier podcast. <strong> <\/strong><\/p>\n\n\n\n<div class=\"wp-block-media-text is-stacked-on-mobile\" style=\"grid-template-columns:32% auto\"><figure class=\"wp-block-media-text__media\"><img loading=\"lazy\" decoding=\"async\" width=\"266\" height=\"158\" src=\"https:\/\/site.ac-martinique.fr\/lyc-lajetee\/wp-content\/uploads\/sites\/35\/2025\/12\/Radio-espagnole-1.png\" alt=\"\" class=\"wp-image-6036 size-full\"\/><\/figure><div class=\"wp-block-media-text__content\">\n<p><strong>Pour \u00e9couter le podcast  <\/strong><a href=\"https:\/\/digipad.app\/p\/1484737\/14aa56c3314b8\">https:\/\/digipad.app\/p\/1484737\/14aa56c3314b8<\/a><\/p>\n<\/div><\/div>\n\n\n\n<p><strong><a href=\"https:\/\/site.ac-martinique.fr\/lyc-lajetee\/?page_id=5868\" data-type=\"page\" data-id=\"5868\">En savoir plus sur le projet &#8230;.. <\/a><\/strong><\/p>\n<\/div><\/div>\n\n\n\n<p class=\"has-white-color has-light-orange-background-color has-text-color has-background has-link-color has-medium-font-size wp-elements-030be388213f67bcf3e68bba79c9349a\"><strong>News du Club Presse &#8211; La J\u00e8t\u00e9 ka Pal\u00e9<\/strong><\/p>\n\n\n\n<div class=\"wp-block-media-text is-stacked-on-mobile\" style=\"grid-template-columns:28% auto\"><figure class=\"wp-block-media-text__media\"><img loading=\"lazy\" decoding=\"async\" width=\"683\" height=\"1024\" src=\"https:\/\/site.ac-martinique.fr\/lyc-lajetee\/wp-content\/uploads\/sites\/35\/2025\/09\/Club-presse-4-683x1024.png\" alt=\"\" class=\"wp-image-5950 size-full\" srcset=\"https:\/\/site.ac-martinique.fr\/lyc-lajetee\/wp-content\/uploads\/sites\/35\/2025\/09\/Club-presse-4-683x1024.png 683w, https:\/\/site.ac-martinique.fr\/lyc-lajetee\/wp-content\/uploads\/sites\/35\/2025\/09\/Club-presse-4-200x300.png 200w, https:\/\/site.ac-martinique.fr\/lyc-lajetee\/wp-content\/uploads\/sites\/35\/2025\/09\/Club-presse-4-768x1152.png 768w, https:\/\/site.ac-martinique.fr\/lyc-lajetee\/wp-content\/uploads\/sites\/35\/2025\/09\/Club-presse-4.png 1024w\" sizes=\"auto, (max-width: 683px) 100vw, 683px\" \/><\/figure><div class=\"wp-block-media-text__content\">\n<p>Le <strong>n\u00b01 de la J\u00e8t\u00e9 ka Pal\u00e9<\/strong> est sorti ! Nous vous invitons \u00e0 le d\u00e9couvrir. C&rsquo;est <a href=\"https:\/\/site.ac-martinique.fr\/lyc-lajetee\/wp-content\/uploads\/sites\/35\/2025\/12\/Journal-scolaire-271125.pdf\"><strong>ici<\/strong><\/a><\/p>\n\n\n\n<p><mark style=\"background-color:#fbca3c\" class=\"has-inline-color\">Devenir journaliste ? <strong>Quand ?<\/strong> Tous les mardis et jeudis &#8211; De 12h30 \u00e0 13h40 <strong>O\u00f9 ?<\/strong> Salle C29 (LaJ\u00e8t\u00e9 Ka Pal\u00e9) et pr\u00e9fa 11 (caf\u00e9 litt\u00e9raire)<\/mark><\/p>\n<\/div><\/div>\n\n\n\n<p class=\"has-white-color has-light-orange-background-color has-text-color has-background has-link-color has-medium-font-size wp-elements-b639a5cd23152045a7d8a8aafd843d70\"><strong> Notre restaurant p\u00e9dagogique : l&rsquo;\u00eelot Saveur<\/strong><\/p>\n\n\n<div class=\"wp-block-image\">\n<figure class=\"aligncenter size-full is-resized\"><a href=\"https:\/\/site.ac-martinique.fr\/lyc-lajetee\/wp-content\/uploads\/sites\/35\/2024\/09\/Cuisiniers.png\"><img loading=\"lazy\" decoding=\"async\" width=\"861\" height=\"240\" src=\"https:\/\/site.ac-martinique.fr\/lyc-lajetee\/wp-content\/uploads\/sites\/35\/2024\/09\/Cuisiniers.png\" alt=\"\" class=\"wp-image-5484\" style=\"width:463px;height:auto\" srcset=\"https:\/\/site.ac-martinique.fr\/lyc-lajetee\/wp-content\/uploads\/sites\/35\/2024\/09\/Cuisiniers.png 861w, https:\/\/site.ac-martinique.fr\/lyc-lajetee\/wp-content\/uploads\/sites\/35\/2024\/09\/Cuisiniers-300x84.png 300w, https:\/\/site.ac-martinique.fr\/lyc-lajetee\/wp-content\/uploads\/sites\/35\/2024\/09\/Cuisiniers-768x214.png 768w\" sizes=\"auto, (max-width: 861px) 100vw, 861px\" \/><\/a><\/figure>\n<\/div>\n\n\n<p class=\"has-medium-font-size\"><em>Pour cette nouvelle ann\u00e9e, nos \u00e9l\u00e8ves vous  feront voyager<\/em>&#8230; <\/p>\n\n\n\n<p class=\"has-dark-gray-color has-text-color has-link-color has-medium-font-size wp-elements-251df062f06481e016c7951fff70d77b\"><strong>Les midis  <\/strong>de 12h \u00e0 13h45 les mardis et les jeudis &#8211; <strong>En soir\u00e9e<\/strong> de 19h \u00e0 20h45 : les mardis et les jeudis<\/p>\n\n\n\n<ul class=\"wp-block-list\">\n<li class=\"has-medium-font-size\">Pour r\u00e9server cliquer <a href=\"https:\/\/bookings.zenchef.com\/results?rid=371521&amp;pid=1001\">ici<\/a><\/li>\n\n\n\n<li class=\"has-medium-font-size\">Nous contacter  : <\/li>\n\n\n\n<li class=\"has-medium-font-size\"><strong>T\u00e9l.<\/strong>&nbsp;0596 54 32 26 \/&nbsp;<strong>Mail<\/strong>&nbsp;ce.9720771f@ac-martinique.fr<\/li>\n<\/ul>\n\n\n\n<p class=\"has-off-white-color has-light-orange-background-color has-text-color has-background has-link-color has-medium-font-size wp-elements-76b013c4d7a804ccedbd0eda6c68a259\"><strong>L&rsquo;intentance au LPO la Jet\u00e9e <\/strong><\/p>\n\n\n\n<figure class=\"wp-block-image size-full\"><a href=\"https:\/\/site.ac-martinique.fr\/lyc-lajetee\/wp-content\/uploads\/sites\/35\/2024\/09\/Cantine-3.png\"><img loading=\"lazy\" decoding=\"async\" width=\"763\" height=\"146\" src=\"https:\/\/site.ac-martinique.fr\/lyc-lajetee\/wp-content\/uploads\/sites\/35\/2024\/09\/Cantine-3.png\" alt=\"\" class=\"wp-image-5486\" srcset=\"https:\/\/site.ac-martinique.fr\/lyc-lajetee\/wp-content\/uploads\/sites\/35\/2024\/09\/Cantine-3.png 763w, https:\/\/site.ac-martinique.fr\/lyc-lajetee\/wp-content\/uploads\/sites\/35\/2024\/09\/Cantine-3-300x57.png 300w\" sizes=\"auto, (max-width: 763px) 100vw, 763px\" \/><\/a><\/figure>\n\n\n\n<p>Pour en savoir plus sur l&rsquo;Intendance, <a href=\"https:\/\/site.ac-martinique.fr\/lyc-lajetee\/wp-content\/uploads\/sites\/35\/2024\/09\/INFORMATION-AUX-FAMILLES-SERVICE-INTENDANCE-LYCEE-DE-LA-JETEE.pdf\">t\u00e9l\u00e9charger ce document<\/a>. Vous y trouverez :<\/p>\n\n\n\n<ul class=\"wp-block-list\">\n<li>Nos tarifs (Restauration, internat,  autre ..)<\/li>\n\n\n\n<li>Les diff\u00e9rents modes de paiements <\/li>\n\n\n\n<li>La bourse : accompagnement des familles<\/li>\n\n\n\n<li><strong>Turboself<\/strong> : notre application pour r\u00e9server les repas<\/li>\n\n\n\n<li>Notre contact<\/li>\n<\/ul>\n\n\n\n<div class=\"wp-block-group\"><div class=\"wp-block-group__inner-container is-layout-constrained wp-block-group-is-layout-constrained\">\n<ul class=\"wp-block-list has-white-color has-light-orange-background-color has-text-color has-background has-link-color wp-elements-25c340d728ee5f932ced14e45a134997\">\n<li><strong>Ouverture au public du service intendance du lyc\u00e9e :<\/strong><\/li>\n\n\n\n<li><mark style=\"background-color:rgba(0, 0, 0, 0);color:#0731f2\" class=\"has-inline-color\"><strong>SANS RENDEZ-VOUS<\/strong><\/mark> : Lundi et Mardi matin de 7h30 \u00e0 11h30<\/li>\n\n\n\n<li><mark style=\"background-color:rgba(0, 0, 0, 0);color:#313af3\" class=\"has-inline-color\"><strong>RENDEZ-VOUS <\/strong><\/mark><mark style=\"background-color:rgba(0, 0, 0, 0);color:#0731f2\" class=\"has-inline-color\">: <\/mark><mark style=\"background-color:rgba(0, 0, 0, 0)\" class=\"has-inline-color has-dark-brown-color\"> <\/mark>Veuillez nous appeler ou nous envoyer un mail   <\/li>\n\n\n\n<li><strong>Secr\u00e9tariat d\u2019intendance du lyc\u00e9e de la Jet\u00e9e<\/strong><br><strong>T\u00e9l<\/strong> : 0596 54 32 26 <strong> Mail<\/strong> : Intendance.9720771f@ac-martinique.fr<\/li>\n<\/ul>\n<\/div><\/div>\n\n\n\n<p class=\"has-white-color has-light-orange-background-color has-text-color has-background has-link-color has-medium-font-size wp-elements-d0715db6a79dd7791c7be5644f16cec4\"><strong>ZOOM sur<\/strong> &#8230; nos sections, nos formations<\/p>\n\n\n<div class=\"wp-block-image\">\n<figure class=\"aligncenter size-full is-resized\"><a href=\"https:\/\/site.ac-martinique.fr\/lyc-lajetee\/wp-content\/uploads\/sites\/35\/2024\/09\/MAV_n10S.jpg\"><img loading=\"lazy\" decoding=\"async\" width=\"8256\" height=\"6192\" src=\"https:\/\/site.ac-martinique.fr\/lyc-lajetee\/wp-content\/uploads\/sites\/35\/2024\/09\/MAV_n10S.jpg\" alt=\"\" class=\"wp-image-5520\" style=\"width:414px;height:auto\" srcset=\"https:\/\/site.ac-martinique.fr\/lyc-lajetee\/wp-content\/uploads\/sites\/35\/2024\/09\/MAV_n10S.jpg 8256w, https:\/\/site.ac-martinique.fr\/lyc-lajetee\/wp-content\/uploads\/sites\/35\/2024\/09\/MAV_n10S-300x225.jpg 300w, https:\/\/site.ac-martinique.fr\/lyc-lajetee\/wp-content\/uploads\/sites\/35\/2024\/09\/MAV_n10S-1024x768.jpg 1024w, https:\/\/site.ac-martinique.fr\/lyc-lajetee\/wp-content\/uploads\/sites\/35\/2024\/09\/MAV_n10S-768x576.jpg 768w\" sizes=\"auto, (max-width: 8256px) 100vw, 8256px\" \/><\/a><figcaption class=\"wp-element-caption\">La  2<sup>nde<\/sup>  professionnelle \u00ab\u00a0m\u00e9tiers de la construction durable du b\u00e2timent et des travaux publics\u00a0\u00bb et leur enseignant<\/figcaption><\/figure>\n<\/div>\n\n\n<p class=\"has-text-align-left\">Nous vous invitons \u00e0 d\u00e9couvrir la 2nde  professionnelle \u00ab\u00a0m\u00e9tiers de la construction durable du b\u00e2timent et des travaux publics\u00a0\u00bb (&nbsp;MCDBT).  C&rsquo;est une formation qui permet de d\u00e9couvrir les nombreux m\u00e9tiers li\u00e9s \u00e0 la construction, tout en  sensibilisant aux enjeux de la construction durable.<\/p>\n\n\n\n<div class=\"wp-block-group\"><div class=\"wp-block-group__inner-container is-layout-constrained wp-block-group-is-layout-constrained\">\n<p class=\"has-medium-orange-color has-text-color has-link-color wp-elements-5ce498ea909af647c6289e94194c6e23\"><strong><strong>Pourquoi choisir cette voie ?<\/strong><\/strong><\/p>\n\n\n\n<figure class=\"wp-block-gallery has-nested-images columns-default is-cropped wp-block-gallery-4 is-layout-flex wp-block-gallery-is-layout-flex\">\n<figure class=\"wp-block-image size-large\"><a href=\"https:\/\/site.ac-martinique.fr\/lyc-lajetee\/wp-content\/uploads\/sites\/35\/2024\/09\/MAV_n1S.jpg\"><img loading=\"lazy\" decoding=\"async\" width=\"768\" height=\"1024\" data-id=\"5513\" src=\"https:\/\/site.ac-martinique.fr\/lyc-lajetee\/wp-content\/uploads\/sites\/35\/2024\/09\/MAV_n1S-768x1024.jpg\" alt=\"\" class=\"wp-image-5513\" srcset=\"https:\/\/site.ac-martinique.fr\/lyc-lajetee\/wp-content\/uploads\/sites\/35\/2024\/09\/MAV_n1S-768x1024.jpg 768w, https:\/\/site.ac-martinique.fr\/lyc-lajetee\/wp-content\/uploads\/sites\/35\/2024\/09\/MAV_n1S-225x300.jpg 225w\" sizes=\"auto, (max-width: 768px) 100vw, 768px\" \/><\/a><\/figure>\n\n\n\n<figure class=\"wp-block-image size-large\"><a href=\"https:\/\/site.ac-martinique.fr\/lyc-lajetee\/wp-content\/uploads\/sites\/35\/2024\/09\/MAV_n2S.jpg\"><img loading=\"lazy\" decoding=\"async\" width=\"768\" height=\"1024\" data-id=\"5516\" src=\"https:\/\/site.ac-martinique.fr\/lyc-lajetee\/wp-content\/uploads\/sites\/35\/2024\/09\/MAV_n2S-768x1024.jpg\" alt=\"\" class=\"wp-image-5516\" srcset=\"https:\/\/site.ac-martinique.fr\/lyc-lajetee\/wp-content\/uploads\/sites\/35\/2024\/09\/MAV_n2S-768x1024.jpg 768w, https:\/\/site.ac-martinique.fr\/lyc-lajetee\/wp-content\/uploads\/sites\/35\/2024\/09\/MAV_n2S-225x300.jpg 225w\" sizes=\"auto, (max-width: 768px) 100vw, 768px\" \/><\/a><\/figure>\n\n\n\n<figure class=\"wp-block-image size-large\"><a href=\"https:\/\/site.ac-martinique.fr\/lyc-lajetee\/wp-content\/uploads\/sites\/35\/2024\/09\/MAV_n3S.jpg\"><img loading=\"lazy\" decoding=\"async\" width=\"768\" height=\"1024\" data-id=\"5512\" src=\"https:\/\/site.ac-martinique.fr\/lyc-lajetee\/wp-content\/uploads\/sites\/35\/2024\/09\/MAV_n3S-768x1024.jpg\" alt=\"\" class=\"wp-image-5512\" srcset=\"https:\/\/site.ac-martinique.fr\/lyc-lajetee\/wp-content\/uploads\/sites\/35\/2024\/09\/MAV_n3S-768x1024.jpg 768w, https:\/\/site.ac-martinique.fr\/lyc-lajetee\/wp-content\/uploads\/sites\/35\/2024\/09\/MAV_n3S-225x300.jpg 225w\" sizes=\"auto, (max-width: 768px) 100vw, 768px\" \/><\/a><\/figure>\n\n\n\n<figure class=\"wp-block-image size-large\"><a href=\"https:\/\/site.ac-martinique.fr\/lyc-lajetee\/wp-content\/uploads\/sites\/35\/2024\/09\/MAV_n4S.jpg\"><img loading=\"lazy\" decoding=\"async\" width=\"768\" height=\"1024\" data-id=\"5514\" src=\"https:\/\/site.ac-martinique.fr\/lyc-lajetee\/wp-content\/uploads\/sites\/35\/2024\/09\/MAV_n4S-768x1024.jpg\" alt=\"\" class=\"wp-image-5514\" srcset=\"https:\/\/site.ac-martinique.fr\/lyc-lajetee\/wp-content\/uploads\/sites\/35\/2024\/09\/MAV_n4S-768x1024.jpg 768w, https:\/\/site.ac-martinique.fr\/lyc-lajetee\/wp-content\/uploads\/sites\/35\/2024\/09\/MAV_n4S-225x300.jpg 225w\" sizes=\"auto, (max-width: 768px) 100vw, 768px\" \/><\/a><\/figure>\n\n\n\n<figure class=\"wp-block-image size-large\"><a href=\"https:\/\/site.ac-martinique.fr\/lyc-lajetee\/wp-content\/uploads\/sites\/35\/2024\/09\/MAV_n5S.jpg\"><img loading=\"lazy\" decoding=\"async\" width=\"768\" height=\"1024\" data-id=\"5515\" src=\"https:\/\/site.ac-martinique.fr\/lyc-lajetee\/wp-content\/uploads\/sites\/35\/2024\/09\/MAV_n5S-768x1024.jpg\" alt=\"\" class=\"wp-image-5515\" srcset=\"https:\/\/site.ac-martinique.fr\/lyc-lajetee\/wp-content\/uploads\/sites\/35\/2024\/09\/MAV_n5S-768x1024.jpg 768w, https:\/\/site.ac-martinique.fr\/lyc-lajetee\/wp-content\/uploads\/sites\/35\/2024\/09\/MAV_n5S-225x300.jpg 225w\" sizes=\"auto, (max-width: 768px) 100vw, 768px\" \/><\/a><\/figure>\n\n\n\n<figure class=\"wp-block-image size-large\"><a href=\"https:\/\/site.ac-martinique.fr\/lyc-lajetee\/wp-content\/uploads\/sites\/35\/2024\/09\/MAV_n6S.jpg\"><img loading=\"lazy\" decoding=\"async\" width=\"1024\" height=\"768\" data-id=\"5517\" src=\"https:\/\/site.ac-martinique.fr\/lyc-lajetee\/wp-content\/uploads\/sites\/35\/2024\/09\/MAV_n6S-1024x768.jpg\" alt=\"\" class=\"wp-image-5517\" srcset=\"https:\/\/site.ac-martinique.fr\/lyc-lajetee\/wp-content\/uploads\/sites\/35\/2024\/09\/MAV_n6S-1024x768.jpg 1024w, https:\/\/site.ac-martinique.fr\/lyc-lajetee\/wp-content\/uploads\/sites\/35\/2024\/09\/MAV_n6S-300x225.jpg 300w, https:\/\/site.ac-martinique.fr\/lyc-lajetee\/wp-content\/uploads\/sites\/35\/2024\/09\/MAV_n6S-768x576.jpg 768w\" sizes=\"auto, (max-width: 1024px) 100vw, 1024px\" \/><\/a><\/figure>\n\n\n\n<figure class=\"wp-block-image size-large\"><a href=\"https:\/\/site.ac-martinique.fr\/lyc-lajetee\/wp-content\/uploads\/sites\/35\/2024\/09\/MAV_n7S.jpg\"><img loading=\"lazy\" decoding=\"async\" width=\"1024\" height=\"768\" data-id=\"5518\" src=\"https:\/\/site.ac-martinique.fr\/lyc-lajetee\/wp-content\/uploads\/sites\/35\/2024\/09\/MAV_n7S-1024x768.jpg\" alt=\"\" class=\"wp-image-5518\" srcset=\"https:\/\/site.ac-martinique.fr\/lyc-lajetee\/wp-content\/uploads\/sites\/35\/2024\/09\/MAV_n7S-1024x768.jpg 1024w, https:\/\/site.ac-martinique.fr\/lyc-lajetee\/wp-content\/uploads\/sites\/35\/2024\/09\/MAV_n7S-300x225.jpg 300w, https:\/\/site.ac-martinique.fr\/lyc-lajetee\/wp-content\/uploads\/sites\/35\/2024\/09\/MAV_n7S-768x576.jpg 768w\" sizes=\"auto, (max-width: 1024px) 100vw, 1024px\" \/><\/a><\/figure>\n\n\n\n<figure class=\"wp-block-image size-large\"><a href=\"https:\/\/site.ac-martinique.fr\/lyc-lajetee\/wp-content\/uploads\/sites\/35\/2024\/09\/MAV_n8S.jpg\"><img loading=\"lazy\" decoding=\"async\" width=\"768\" height=\"1024\" data-id=\"5519\" src=\"https:\/\/site.ac-martinique.fr\/lyc-lajetee\/wp-content\/uploads\/sites\/35\/2024\/09\/MAV_n8S-768x1024.jpg\" alt=\"\" class=\"wp-image-5519\" srcset=\"https:\/\/site.ac-martinique.fr\/lyc-lajetee\/wp-content\/uploads\/sites\/35\/2024\/09\/MAV_n8S-768x1024.jpg 768w, https:\/\/site.ac-martinique.fr\/lyc-lajetee\/wp-content\/uploads\/sites\/35\/2024\/09\/MAV_n8S-225x300.jpg 225w\" sizes=\"auto, (max-width: 768px) 100vw, 768px\" \/><\/a><\/figure>\n\n\n\n<figure class=\"wp-block-image size-large\"><a href=\"https:\/\/site.ac-martinique.fr\/lyc-lajetee\/wp-content\/uploads\/sites\/35\/2024\/09\/MAV_n9S.jpg\"><img loading=\"lazy\" decoding=\"async\" width=\"1024\" height=\"768\" data-id=\"5521\" src=\"https:\/\/site.ac-martinique.fr\/lyc-lajetee\/wp-content\/uploads\/sites\/35\/2024\/09\/MAV_n9S-1024x768.jpg\" alt=\"\" class=\"wp-image-5521\" srcset=\"https:\/\/site.ac-martinique.fr\/lyc-lajetee\/wp-content\/uploads\/sites\/35\/2024\/09\/MAV_n9S-1024x768.jpg 1024w, https:\/\/site.ac-martinique.fr\/lyc-lajetee\/wp-content\/uploads\/sites\/35\/2024\/09\/MAV_n9S-300x225.jpg 300w, https:\/\/site.ac-martinique.fr\/lyc-lajetee\/wp-content\/uploads\/sites\/35\/2024\/09\/MAV_n9S-768x576.jpg 768w\" sizes=\"auto, (max-width: 1024px) 100vw, 1024px\" \/><\/a><\/figure>\n<\/figure>\n<\/div><\/div>\n\n\n\n<ul class=\"wp-block-list\">\n<li><strong>D\u00e9couverte des m\u00e9tiers :<\/strong> Pouvoir exp\u00e9rimenter et d\u00e9couvrir diff\u00e9rents m\u00e9tiers de la construction : ma\u00e7onnerie, menuiserie, plomberie, etc.<\/li>\n<\/ul>\n\n\n\n<ul class=\"wp-block-list\">\n<li><strong>Construction durable :<\/strong> Les \u00e9l\u00e8ves apprennent \u00e0 construire des b\u00e2timents respectueux de l&rsquo;environnement, en utilisant des mat\u00e9riaux \u00e9cologiques et en mettant en \u0153uvre des techniques de construction innovantes.<\/li>\n\n\n\n<li><strong>Un tremplin vers le bac pro :<\/strong> \u00c0 la fin de cette ann\u00e9e, les \u00e9l\u00e8ves peuvent choisir une sp\u00e9cialit\u00e9 de baccalaur\u00e9at professionnel plus pr\u00e9cise, en fonction de leurs pr\u00e9f\u00e9rences.<\/li>\n\n\n\n<li><strong>Des comp\u00e9tences pratiques<\/strong> Ils acqui\u00e8rent des comp\u00e9tences techniques et manuelles qui  seront tr\u00e8s utiles dans leur vie professionnelle.\n<ul class=\"wp-block-list\">\n<li><strong><em>Comment cela se passe t-il <\/em>?<\/strong><\/li>\n<\/ul>\n<\/li>\n\n\n\n<li><strong>Des cours th\u00e9oriques :<\/strong> Les \u00e9l\u00e8ves apprennent les bases de la construction, les mat\u00e9riaux, les outils, les normes de s\u00e9curit\u00e9, etc. <\/li>\n\n\n\n<li><strong>Des ateliers pratiques :<\/strong> Ils mettent en pratique leurs connaissances en r\u00e9alisant des travaux concrets, comme la ma\u00e7onnerie, la menuiserie ou l&rsquo;\u00e9lectricit\u00e9. <\/li>\n\n\n\n<li><strong>Des visites de chantier :<\/strong> Ils d\u00e9couvrirent les r\u00e9alit\u00e9s du terrain en visitant des chantiers de construction. <\/li>\n\n\n\n<li><strong>Un accompagnement personnalis\u00e9 :<\/strong> Les enseignants sont l\u00e0 pour les aider \u00e0 choisir leur orientation et les pr\u00e9parer au mieux pour la suite de leurs \u00e9tudes.\n<ul class=\"wp-block-list\">\n<li><strong><em>Quelles sont les d\u00e9bouch\u00e9s ?<\/em><\/strong><\/li>\n<\/ul>\n<\/li>\n\n\n\n<li>\u00c0 la fin de cette formation, les \u00e9l\u00e8ves peuvent poursuivre leurs  \u00e9tudes avec un baccalaur\u00e9at professionnel, comme :\n<ul class=\"wp-block-list\">\n<li>Travaux publics<\/li>\n\n\n\n<li>Technicien du b\u00e2timent<\/li>\n\n\n\n<li>Menuiserie aluminium-verre<\/li>\n\n\n\n<li>Am\u00e9nagement et finitions du b\u00e2timent<\/li>\n\n\n\n<li>Ouvrages du b\u00e2timent : m\u00e9tallerie<\/li>\n\n\n\n<li><strong><em>En r\u00e9sum\u00e9<\/em><\/strong><\/li>\n<\/ul>\n<\/li>\n\n\n\n<li>Cette formation est une excellente opportunit\u00e9 pour ceux qui s&rsquo;int\u00e9ressent aux m\u00e9tiers de la construction et qui souhaitent contribuer \u00e0 un avenir plus durable. <\/li>\n<\/ul>\n\n\n\n<p><\/p>\n\n\n\n<p><\/p>\n","protected":false},"excerpt":{"rendered":"<p>Actus hebdomadaire Le n\u00b02 de notre journal la J\u00e8t\u00e9 ka Pal\u00e9 est sorti ! Nous vous invitons \u00e0 le d\u00e9couvrir. C&rsquo;est ici Au sommaire : Des parcours inspirants ; On a lu et on partage R\u00e9ussites de nos \u00e9l\u00e8ves Nos \u00e9l\u00e8ves r\u00e9ussissent, bravo \u00e0 eux ! Cette r\u00e9ussite qui est la leur et qui nous &hellip; <a href=\"https:\/\/site.ac-martinique.fr\/lyc-lajetee\/?p=5398\" class=\"more-link\">Continuer la lecture de <span class=\"screen-reader-text\">Actualit\u00e9s du LPO la Jet\u00e9e<\/span> <span class=\"meta-nav\">&rarr;<\/span><\/a><\/p>\n","protected":false},"author":95,"featured_media":5401,"comment_status":"closed","ping_status":"closed","sticky":false,"template":"","format":"standard","meta":{"footnotes":""},"categories":[1],"tags":[],"class_list":["post-5398","post","type-post","status-publish","format-standard","has-post-thumbnail","hentry","category-presentation_lpo"],"_links":{"self":[{"href":"https:\/\/site.ac-martinique.fr\/lyc-lajetee\/index.php?rest_route=\/wp\/v2\/posts\/5398","targetHints":{"allow":["GET"]}}],"collection":[{"href":"https:\/\/site.ac-martinique.fr\/lyc-lajetee\/index.php?rest_route=\/wp\/v2\/posts"}],"about":[{"href":"https:\/\/site.ac-martinique.fr\/lyc-lajetee\/index.php?rest_route=\/wp\/v2\/types\/post"}],"author":[{"embeddable":true,"href":"https:\/\/site.ac-martinique.fr\/lyc-lajetee\/index.php?rest_route=\/wp\/v2\/users\/95"}],"replies":[{"embeddable":true,"href":"https:\/\/site.ac-martinique.fr\/lyc-lajetee\/index.php?rest_route=%2Fwp%2Fv2%2Fcomments&post=5398"}],"version-history":[{"count":143,"href":"https:\/\/site.ac-martinique.fr\/lyc-lajetee\/index.php?rest_route=\/wp\/v2\/posts\/5398\/revisions"}],"predecessor-version":[{"id":6110,"href":"https:\/\/site.ac-martinique.fr\/lyc-lajetee\/index.php?rest_route=\/wp\/v2\/posts\/5398\/revisions\/6110"}],"wp:featuredmedia":[{"embeddable":true,"href":"https:\/\/site.ac-martinique.fr\/lyc-lajetee\/index.php?rest_route=\/wp\/v2\/media\/5401"}],"wp:attachment":[{"href":"https:\/\/site.ac-martinique.fr\/lyc-lajetee\/index.php?rest_route=%2Fwp%2Fv2%2Fmedia&parent=5398"}],"wp:term":[{"taxonomy":"category","embeddable":true,"href":"https:\/\/site.ac-martinique.fr\/lyc-lajetee\/index.php?rest_route=%2Fwp%2Fv2%2Fcategories&post=5398"},{"taxonomy":"post_tag","embeddable":true,"href":"https:\/\/site.ac-martinique.fr\/lyc-lajetee\/index.php?rest_route=%2Fwp%2Fv2%2Ftags&post=5398"}],"curies":[{"name":"wp","href":"https:\/\/api.w.org\/{rel}","templated":true}]}}