{"id":2594,"date":"2026-08-27T09:13:12","date_gmt":"2026-08-27T14:13:12","guid":{"rendered":"https:\/\/site.ac-martinique.fr\/lyc-latrinite\/?p=2594"},"modified":"2026-08-30T19:28:31","modified_gmt":"2026-08-31T00:28:31","slug":"informations","status":"publish","type":"post","link":"https:\/\/site.ac-martinique.fr\/lyc-latrinite\/?p=2594","title":{"rendered":"Informations :"},"content":{"rendered":"\n<h1 class=\"wp-block-heading\"><\/h1>\n\n\n\n<p class=\"wp-block-paragraph\"><strong><mark style=\"background-color:rgba(0, 0, 0, 0);color:#f20e0e\" class=\"has-inline-color\">Chers parents, chers \u00e9l\u00e8ves, ci-dessous l\u2019organigramme pour la rentr\u00e9e 2026\u00a0:<\/mark><\/strong>  Les cours d\u00e9buterons selon les emplois du temps \u00e0 compter du Jeudi 03 Septembre 2026.<\/p>\n\n\n\n<div data-wp-interactive=\"core\/file\" class=\"wp-block-file\"><object data-wp-bind--hidden=\"!state.hasPdfPreview\" hidden class=\"wp-block-file__embed\" data=\"https:\/\/site.ac-martinique.fr\/lyc-latrinite\/wp-content\/uploads\/sites\/43\/2024\/06\/Organisation-01-Rentree-Mardi-01-Sept-2026-LP-La-Trinite.pdf\" type=\"application\/pdf\" style=\"width:100%;height:600px\" aria-label=\"Contenu embarqu\u00e9 Organisation 01 Rentr\u00e9e Mardi 01 Sept 2026 LP La Trinit\u00e9.\"><\/object><a id=\"wp-block-file--media-c1863484-69df-4228-9fc7-d0a7e64e8e1f\" href=\"https:\/\/site.ac-martinique.fr\/lyc-latrinite\/wp-content\/uploads\/sites\/43\/2024\/06\/Organisation-01-Rentree-Mardi-01-Sept-2026-LP-La-Trinite.pdf\">Organisation 01 Rentr\u00e9e Mardi 01 Sept 2026 LP La Trinit\u00e9<\/a><a href=\"https:\/\/site.ac-martinique.fr\/lyc-latrinite\/wp-content\/uploads\/sites\/43\/2024\/06\/Organisation-01-Rentree-Mardi-01-Sept-2026-LP-La-Trinite.pdf\" class=\"wp-block-file__button wp-element-button\" download aria-describedby=\"wp-block-file--media-c1863484-69df-4228-9fc7-d0a7e64e8e1f\">T\u00e9l\u00e9charger<\/a><\/div>\n\n\n\n<p class=\"wp-block-paragraph\"><\/p>\n\n\n\n<p class=\"wp-block-paragraph\"><\/p>\n\n\n\n<div data-wp-interactive=\"core\/file\" class=\"wp-block-file\"><object data-wp-bind--hidden=\"!state.hasPdfPreview\" hidden class=\"wp-block-file__embed\" data=\"https:\/\/site.ac-martinique.fr\/lyc-latrinite\/wp-content\/uploads\/sites\/43\/2024\/06\/Organisation-02-Rentree-Mercredi-02-Sept-2026-LP-La-Trinite.pdf\" type=\"application\/pdf\" style=\"width:100%;height:600px\" aria-label=\"Contenu embarqu\u00e9 Organisation 02 Rentr\u00e9e Mercredi 02 Sept 2026 LP La Trinit\u00e9.\"><\/object><a id=\"wp-block-file--media-322fe794-86be-4782-9143-05552ecc4d3e\" href=\"https:\/\/site.ac-martinique.fr\/lyc-latrinite\/wp-content\/uploads\/sites\/43\/2024\/06\/Organisation-02-Rentree-Mercredi-02-Sept-2026-LP-La-Trinite.pdf\">Organisation 02 Rentr\u00e9e Mercredi 02 Sept 2026 LP La Trinit\u00e9<\/a><a href=\"https:\/\/site.ac-martinique.fr\/lyc-latrinite\/wp-content\/uploads\/sites\/43\/2024\/06\/Organisation-02-Rentree-Mercredi-02-Sept-2026-LP-La-Trinite.pdf\" class=\"wp-block-file__button wp-element-button\" download aria-describedby=\"wp-block-file--media-322fe794-86be-4782-9143-05552ecc4d3e\">T\u00e9l\u00e9charger<\/a><\/div>\n\n\n\n<p class=\"wp-block-paragraph\"><\/p>\n\n\n\n<p class=\"wp-block-paragraph\"><\/p>\n\n\n\n<div data-wp-interactive=\"core\/file\" class=\"wp-block-file\"><object data-wp-bind--hidden=\"!state.hasPdfPreview\" hidden class=\"wp-block-file__embed\" data=\"https:\/\/site.ac-martinique.fr\/lyc-latrinite\/wp-content\/uploads\/sites\/43\/2024\/06\/Organisation-03-Rentree-Vendredi-04-Sept-2026-LP-La-Trinite.pdf\" type=\"application\/pdf\" style=\"width:100%;height:600px\" aria-label=\"Contenu embarqu\u00e9 Organisation 03 Rentr\u00e9e Vendredi 04 Sept 2026 LP La Trinit\u00e9.\"><\/object><a id=\"wp-block-file--media-10013ab8-5393-489c-a6ec-46e07f0b3ce0\" href=\"https:\/\/site.ac-martinique.fr\/lyc-latrinite\/wp-content\/uploads\/sites\/43\/2024\/06\/Organisation-03-Rentree-Vendredi-04-Sept-2026-LP-La-Trinite.pdf\">Organisation 03 Rentr\u00e9e Vendredi 04 Sept 2026 LP La Trinit\u00e9<\/a><a href=\"https:\/\/site.ac-martinique.fr\/lyc-latrinite\/wp-content\/uploads\/sites\/43\/2024\/06\/Organisation-03-Rentree-Vendredi-04-Sept-2026-LP-La-Trinite.pdf\" class=\"wp-block-file__button wp-element-button\" download aria-describedby=\"wp-block-file--media-10013ab8-5393-489c-a6ec-46e07f0b3ce0\">T\u00e9l\u00e9charger<\/a><\/div>\n\n\n\n<p class=\"wp-block-paragraph\"><\/p>\n\n\n\n<p class=\"wp-block-paragraph\"><\/p>\n\n\n\n<p class=\"wp-block-paragraph\"><\/p>\n\n\n\n<p class=\"wp-block-paragraph\"><strong>Le Lyc\u00e9e Professionnel La Trinit\u00e9 est habilit\u00e9 \u00e0 recevoir la taxe d&rsquo;apprentissage<\/strong> :<\/p>\n\n\n\n<div data-wp-interactive=\"core\/file\" class=\"wp-block-file\"><object data-wp-bind--hidden=\"!state.hasPdfPreview\" hidden class=\"wp-block-file__embed\" data=\"https:\/\/site.ac-martinique.fr\/lyc-latrinite\/wp-content\/uploads\/sites\/43\/2024\/06\/VERSION_NUMERIQUE_LP_LA_TRINITE_BROCHURE_TAXE_DAPPRENTISSAGE.pdf\" type=\"application\/pdf\" style=\"width:100%;height:600px\" aria-label=\"Contenu embarqu\u00e9 VERSION_NUMERIQUE_LP_LA_TRINITE_BROCHURE_TAXE_DAPPRENTISSAGE.\"><\/object><a id=\"wp-block-file--media-437425bb-2f6e-462d-b4c5-8e19b22f693d\" href=\"https:\/\/site.ac-martinique.fr\/lyc-latrinite\/wp-content\/uploads\/sites\/43\/2024\/06\/VERSION_NUMERIQUE_LP_LA_TRINITE_BROCHURE_TAXE_DAPPRENTISSAGE.pdf\">VERSION_NUMERIQUE_LP_LA_TRINITE_BROCHURE_TAXE_DAPPRENTISSAGE<\/a><a href=\"https:\/\/site.ac-martinique.fr\/lyc-latrinite\/wp-content\/uploads\/sites\/43\/2024\/06\/VERSION_NUMERIQUE_LP_LA_TRINITE_BROCHURE_TAXE_DAPPRENTISSAGE.pdf\" class=\"wp-block-file__button wp-element-button\" download aria-describedby=\"wp-block-file--media-437425bb-2f6e-462d-b4c5-8e19b22f693d\">T\u00e9l\u00e9charger<\/a><\/div>\n\n\n\n<p class=\"wp-block-paragraph\"><\/p>\n\n\n\n<p class=\"wp-block-paragraph\">Les Fili\u00e8res du  Lyc\u00e9e Professionnel La Trinit\u00e9  :<\/p>\n\n\n\n<p class=\"wp-block-paragraph\"><\/p>\n\n\n\n<div data-wp-interactive=\"core\/file\" class=\"wp-block-file\"><object data-wp-bind--hidden=\"!state.hasPdfPreview\" hidden class=\"wp-block-file__embed\" data=\"https:\/\/site.ac-martinique.fr\/lyc-latrinite\/wp-content\/uploads\/sites\/43\/2024\/03\/Depliant-BAC-CAP-ELEC-1.pdf\" type=\"application\/pdf\" style=\"width:100%;height:600px\" aria-label=\"Contenu embarqu\u00e9 Depliant-BAC-CAP-ELEC-1.\"><\/object><a id=\"wp-block-file--media-aafdbe6e-f33a-449c-baaa-f96093b0bb61\" href=\"https:\/\/site.ac-martinique.fr\/lyc-latrinite\/wp-content\/uploads\/sites\/43\/2024\/03\/Depliant-BAC-CAP-ELEC-1.pdf\">Depliant-BAC-CAP-ELEC-1<\/a><a href=\"https:\/\/site.ac-martinique.fr\/lyc-latrinite\/wp-content\/uploads\/sites\/43\/2024\/03\/Depliant-BAC-CAP-ELEC-1.pdf\" class=\"wp-block-file__button wp-element-button\" download aria-describedby=\"wp-block-file--media-aafdbe6e-f33a-449c-baaa-f96093b0bb61\">T\u00e9l\u00e9charger<\/a><\/div>\n\n\n\n<div data-wp-interactive=\"core\/file\" class=\"wp-block-file\"><object data-wp-bind--hidden=\"!state.hasPdfPreview\" hidden class=\"wp-block-file__embed\" data=\"https:\/\/site.ac-martinique.fr\/lyc-latrinite\/wp-content\/uploads\/sites\/43\/2024\/03\/Depliant-BAC-PRO-MELEC-1.pdf\" type=\"application\/pdf\" style=\"width:100%;height:600px\" aria-label=\"Contenu embarqu\u00e9 Depliant-BAC-PRO-MELEC-1.\"><\/object><a id=\"wp-block-file--media-21bf79da-677f-4468-923e-7c471ad31218\" href=\"https:\/\/site.ac-martinique.fr\/lyc-latrinite\/wp-content\/uploads\/sites\/43\/2024\/03\/Depliant-BAC-PRO-MELEC-1.pdf\">Depliant-BAC-PRO-MELEC-1<\/a><a href=\"https:\/\/site.ac-martinique.fr\/lyc-latrinite\/wp-content\/uploads\/sites\/43\/2024\/03\/Depliant-BAC-PRO-MELEC-1.pdf\" class=\"wp-block-file__button wp-element-button\" download aria-describedby=\"wp-block-file--media-21bf79da-677f-4468-923e-7c471ad31218\">T\u00e9l\u00e9charger<\/a><\/div>\n\n\n\n<div data-wp-interactive=\"core\/file\" class=\"wp-block-file\"><object data-wp-bind--hidden=\"!state.hasPdfPreview\" hidden class=\"wp-block-file__embed\" data=\"https:\/\/site.ac-martinique.fr\/lyc-latrinite\/wp-content\/uploads\/sites\/43\/2024\/03\/Depliant-Pole-Gestion-Admin-Secretariat.pdf\" type=\"application\/pdf\" style=\"width:100%;height:600px\" aria-label=\"Contenu embarqu\u00e9 Depliant-Pole-Gestion-Admin-Secretariat.\"><\/object><a id=\"wp-block-file--media-2bb2b0d3-9c2c-4d06-9b69-4b176f3aaaae\" href=\"https:\/\/site.ac-martinique.fr\/lyc-latrinite\/wp-content\/uploads\/sites\/43\/2024\/03\/Depliant-Pole-Gestion-Admin-Secretariat.pdf\">Depliant-Pole-Gestion-Admin-Secretariat<\/a><a href=\"https:\/\/site.ac-martinique.fr\/lyc-latrinite\/wp-content\/uploads\/sites\/43\/2024\/03\/Depliant-Pole-Gestion-Admin-Secretariat.pdf\" class=\"wp-block-file__button wp-element-button\" download aria-describedby=\"wp-block-file--media-2bb2b0d3-9c2c-4d06-9b69-4b176f3aaaae\">T\u00e9l\u00e9charger<\/a><\/div>\n\n\n\n<div data-wp-interactive=\"core\/file\" class=\"wp-block-file\"><object data-wp-bind--hidden=\"!state.hasPdfPreview\" hidden class=\"wp-block-file__embed\" data=\"https:\/\/site.ac-martinique.fr\/lyc-latrinite\/wp-content\/uploads\/sites\/43\/2024\/03\/Depliant-pole-mecanique.pdf\" type=\"application\/pdf\" style=\"width:100%;height:600px\" aria-label=\"Contenu embarqu\u00e9 Depliant-pole-mecanique.\"><\/object><a id=\"wp-block-file--media-6f9ccf54-ab86-4042-b0ae-89b3611fdc83\" href=\"https:\/\/site.ac-martinique.fr\/lyc-latrinite\/wp-content\/uploads\/sites\/43\/2024\/03\/Depliant-pole-mecanique.pdf\">Depliant-pole-mecanique<\/a><a href=\"https:\/\/site.ac-martinique.fr\/lyc-latrinite\/wp-content\/uploads\/sites\/43\/2024\/03\/Depliant-pole-mecanique.pdf\" class=\"wp-block-file__button wp-element-button\" download aria-describedby=\"wp-block-file--media-6f9ccf54-ab86-4042-b0ae-89b3611fdc83\">T\u00e9l\u00e9charger<\/a><\/div>\n\n\n\n<div data-wp-interactive=\"core\/file\" class=\"wp-block-file\"><object data-wp-bind--hidden=\"!state.hasPdfPreview\" hidden class=\"wp-block-file__embed\" data=\"https:\/\/site.ac-martinique.fr\/lyc-latrinite\/wp-content\/uploads\/sites\/43\/2024\/03\/Depliant-Pole-soins.pdf\" type=\"application\/pdf\" style=\"width:100%;height:600px\" aria-label=\"Contenu embarqu\u00e9 Depliant-Pole-soins.\"><\/object><a id=\"wp-block-file--media-985e1d7b-a7ec-4d49-8d83-dbf172504b1a\" href=\"https:\/\/site.ac-martinique.fr\/lyc-latrinite\/wp-content\/uploads\/sites\/43\/2024\/03\/Depliant-Pole-soins.pdf\">Depliant-Pole-soins<\/a><a href=\"https:\/\/site.ac-martinique.fr\/lyc-latrinite\/wp-content\/uploads\/sites\/43\/2024\/03\/Depliant-Pole-soins.pdf\" class=\"wp-block-file__button wp-element-button\" download aria-describedby=\"wp-block-file--media-985e1d7b-a7ec-4d49-8d83-dbf172504b1a\">T\u00e9l\u00e9charger<\/a><\/div>\n\n\n\n<div data-wp-interactive=\"core\/file\" class=\"wp-block-file\"><object data-wp-bind--hidden=\"!state.hasPdfPreview\" hidden class=\"wp-block-file__embed\" data=\"https:\/\/site.ac-martinique.fr\/lyc-latrinite\/wp-content\/uploads\/sites\/43\/2024\/03\/Depliant-ULIS-JPO-09-mars-2024.pdf\" type=\"application\/pdf\" style=\"width:100%;height:600px\" aria-label=\"Contenu embarqu\u00e9 Depliant-ULIS-JPO-09-mars-2024.\"><\/object><a id=\"wp-block-file--media-d499325f-2c2d-4903-b5ac-1ee6f011bdbe\" href=\"https:\/\/site.ac-martinique.fr\/lyc-latrinite\/wp-content\/uploads\/sites\/43\/2024\/03\/Depliant-ULIS-JPO-09-mars-2024.pdf\">Depliant-ULIS-JPO-09-mars-2024<\/a><a href=\"https:\/\/site.ac-martinique.fr\/lyc-latrinite\/wp-content\/uploads\/sites\/43\/2024\/03\/Depliant-ULIS-JPO-09-mars-2024.pdf\" class=\"wp-block-file__button wp-element-button\" download aria-describedby=\"wp-block-file--media-d499325f-2c2d-4903-b5ac-1ee6f011bdbe\">T\u00e9l\u00e9charger<\/a><\/div>\n\n\n\n<div data-wp-interactive=\"core\/file\" class=\"wp-block-file\"><object data-wp-bind--hidden=\"!state.hasPdfPreview\" hidden class=\"wp-block-file__embed\" data=\"https:\/\/site.ac-martinique.fr\/lyc-latrinite\/wp-content\/uploads\/sites\/43\/2024\/03\/Depliant_pole_carrosserie-3.pdf\" type=\"application\/pdf\" style=\"width:100%;height:600px\" aria-label=\"Contenu embarqu\u00e9 Depliant_pole_carrosserie-3.\"><\/object><a id=\"wp-block-file--media-e3af8dff-2855-43e3-a07f-010a16917863\" href=\"https:\/\/site.ac-martinique.fr\/lyc-latrinite\/wp-content\/uploads\/sites\/43\/2024\/03\/Depliant_pole_carrosserie-3.pdf\">Depliant_pole_carrosserie-3<\/a><a href=\"https:\/\/site.ac-martinique.fr\/lyc-latrinite\/wp-content\/uploads\/sites\/43\/2024\/03\/Depliant_pole_carrosserie-3.pdf\" class=\"wp-block-file__button wp-element-button\" download aria-describedby=\"wp-block-file--media-e3af8dff-2855-43e3-a07f-010a16917863\">T\u00e9l\u00e9charger<\/a><\/div>\n\n\n\n<p class=\"has-black-color has-white-background-color has-text-color has-background has-medium-font-size wp-block-paragraph\"><\/p>\n\n\n\n<p class=\"wp-block-paragraph\"><\/p>\n\n\n\n<p class=\"wp-block-paragraph\"><strong>Le planing des PFMP est disponible dans  l&rsquo;onglet \u00ab\u00a0El\u00e8ves\u00a0\u00bb  ou dans \u00ab\u00a0DDFPT du DDFPT aux El\u00e8ves\u00a0\u00bb :<\/strong><\/p>\n\n\n\n<p class=\"has-medium-font-size wp-block-paragraph\"><\/p>\n\n\n\n<p class=\"wp-block-paragraph\"><\/p>\n\n\n\n<p class=\"has-text-color has-medium-font-size wp-block-paragraph\" style=\"color:#dc1111\"><strong>CANTINE <\/strong>:<\/p>\n\n\n\n<p class=\"has-medium-font-size wp-block-paragraph\">Ci-joint la fiche de pr\u00e9-inscription \u00e0 la cantine :<\/p>\n\n\n\n<div data-wp-interactive=\"core\/file\" class=\"wp-block-file\"><object data-wp-bind--hidden=\"!state.hasPdfPreview\" hidden class=\"wp-block-file__embed\" data=\"https:\/\/site.ac-martinique.fr\/lyc-latrinite\/wp-content\/uploads\/sites\/43\/2022\/07\/FICHE-DE-PRE-INSCRIPTION-DE-CANTINE-LP-TRINITE-2022-2023.pdf\" type=\"application\/pdf\" style=\"width:100%;height:600px\" aria-label=\"Contenu embarqu\u00e9 FICHE-DE-PRE-INSCRIPTION-DE-CANTINE-LP-TRINITE-2022-2023.\"><\/object><a id=\"wp-block-file--media-e23ea989-a340-4c41-ac24-1bfbb7e2833d\" href=\"https:\/\/site.ac-martinique.fr\/lyc-latrinite\/wp-content\/uploads\/sites\/43\/2022\/07\/FICHE-DE-PRE-INSCRIPTION-DE-CANTINE-LP-TRINITE-2022-2023.pdf\">FICHE-DE-PRE-INSCRIPTION-DE-CANTINE-LP-TRINITE-2022-2023<\/a><a href=\"https:\/\/site.ac-martinique.fr\/lyc-latrinite\/wp-content\/uploads\/sites\/43\/2022\/07\/FICHE-DE-PRE-INSCRIPTION-DE-CANTINE-LP-TRINITE-2022-2023.pdf\" class=\"wp-block-file__button wp-element-button\" download aria-describedby=\"wp-block-file--media-e23ea989-a340-4c41-ac24-1bfbb7e2833d\">T\u00e9l\u00e9charger<\/a><\/div>\n\n\n\n<p class=\"wp-block-paragraph\"><\/p>\n\n\n\n<p class=\"wp-block-paragraph\"><strong>  UN FRUIT A L&rsquo;ECOLE<\/strong><\/p>\n\n\n\n<p class=\"wp-block-paragraph\"><strong>Dans le cadre du programme \u00a0\u00bb un fruit \u00e0 l&rsquo;\u00e9cole\u00a0\u00bb des bananes bio locales sont offertes gratuitement \u00e0 nos \u00e9l\u00e8ves le matin 2 fois par semaine. Ce projet \u00e0 une port\u00e9e p\u00e9dagogique.<\/strong>&nbsp;&nbsp;Le minist\u00e8re de l\u2019Agriculture et de l\u2019Alimentation a \u00e9labor\u00e9&nbsp;de courtes vid\u00e9os ciblant chaque tranche d&rsquo;\u00e2ge du programme. Ces supports&nbsp;ont \u00e9t\u00e9 \u00e9labor\u00e9s en associant&nbsp;les minist\u00e8res en charge de l\u2019agriculture, de la sant\u00e9 et&nbsp;de l\u2019\u00e9ducation nationale.<\/p>\n\n\n\n<p class=\"wp-block-paragraph\">Ci-joint le lien de la&nbsp;vid\u00e9o pour coll\u00e8ges et lyc\u00e9es outremer <\/p>\n\n\n\n<p class=\"wp-block-paragraph\">&nbsp;<a rel=\"noreferrer noopener\" target=\"_blank\" href=\"http:\/\/photo.agriculture.gouv.fr\/galeries\/programme-fruits-lait-ecole\/AGRI_SECONDAIRE_OUTRE_MER_4.mp4\">http:\/\/photo.agriculture.gouv.fr\/galeries\/programme-fruits-lait-ecole\/AGRI_SECONDAIRE_OUTRE_MER_4.mp4<\/a><\/p>\n\n\n\n<p class=\"wp-block-paragraph\"><\/p>\n\n\n<div class=\"wp-block-image\">\n<figure class=\"aligncenter size-full\"><a href=\"https:\/\/site.ac-martinique.fr\/lyc-latrinite\/wp-content\/uploads\/sites\/43\/2021\/10\/imj-UPEM2-LO.jpg\"><img loading=\"lazy\" decoding=\"async\" width=\"391\" height=\"561\" src=\"https:\/\/site.ac-martinique.fr\/lyc-latrinite\/wp-content\/uploads\/sites\/43\/2021\/10\/imj-UPEM2-LO.jpg\" alt=\"\" class=\"wp-image-3052\" srcset=\"https:\/\/site.ac-martinique.fr\/lyc-latrinite\/wp-content\/uploads\/sites\/43\/2021\/10\/imj-UPEM2-LO.jpg 391w, https:\/\/site.ac-martinique.fr\/lyc-latrinite\/wp-content\/uploads\/sites\/43\/2021\/10\/imj-UPEM2-LO-209x300.jpg 209w\" sizes=\"auto, (max-width: 391px) 100vw, 391px\" \/><\/a><\/figure>\n<\/div>\n\n\n<p class=\"wp-block-paragraph\">&#8211;<\/p>\n\n\n\n<p class=\"wp-block-paragraph\"><\/p>\n\n\n\n<p class=\"wp-block-paragraph\">&#8211;<\/p>\n","protected":false},"excerpt":{"rendered":"<p>Chers parents, chers \u00e9l\u00e8ves, ci-dessous l\u2019organigramme pour la rentr\u00e9e 2026\u00a0: Les cours d\u00e9buterons selon les emplois du temps \u00e0 compter du Jeudi 03 Septembre 2026. Le Lyc\u00e9e Professionnel La Trinit\u00e9 est habilit\u00e9 \u00e0 recevoir la taxe d&rsquo;apprentissage : Les Fili\u00e8res du Lyc\u00e9e Professionnel La Trinit\u00e9 : Le planing des PFMP est disponible dans l&rsquo;onglet \u00ab\u00a0El\u00e8ves\u00a0\u00bb &hellip; <a href=\"https:\/\/site.ac-martinique.fr\/lyc-latrinite\/?p=2594\" class=\"more-link\">Continuer la lecture de <span class=\"screen-reader-text\">Informations :<\/span>  <span class=\"meta-nav\">&rarr;<\/span><\/a><\/p>\n","protected":false},"author":106,"featured_media":0,"comment_status":"closed","ping_status":"open","sticky":false,"template":"","format":"standard","meta":{"footnotes":""},"categories":[1],"tags":[],"class_list":["post-2594","post","type-post","status-publish","format-standard","hentry","category-home"],"_links":{"self":[{"href":"https:\/\/site.ac-martinique.fr\/lyc-latrinite\/index.php?rest_route=\/wp\/v2\/posts\/2594","targetHints":{"allow":["GET"]}}],"collection":[{"href":"https:\/\/site.ac-martinique.fr\/lyc-latrinite\/index.php?rest_route=\/wp\/v2\/posts"}],"about":[{"href":"https:\/\/site.ac-martinique.fr\/lyc-latrinite\/index.php?rest_route=\/wp\/v2\/types\/post"}],"author":[{"embeddable":true,"href":"https:\/\/site.ac-martinique.fr\/lyc-latrinite\/index.php?rest_route=\/wp\/v2\/users\/106"}],"replies":[{"embeddable":true,"href":"https:\/\/site.ac-martinique.fr\/lyc-latrinite\/index.php?rest_route=%2Fwp%2Fv2%2Fcomments&post=2594"}],"version-history":[{"count":103,"href":"https:\/\/site.ac-martinique.fr\/lyc-latrinite\/index.php?rest_route=\/wp\/v2\/posts\/2594\/revisions"}],"predecessor-version":[{"id":4488,"href":"https:\/\/site.ac-martinique.fr\/lyc-latrinite\/index.php?rest_route=\/wp\/v2\/posts\/2594\/revisions\/4488"}],"wp:attachment":[{"href":"https:\/\/site.ac-martinique.fr\/lyc-latrinite\/index.php?rest_route=%2Fwp%2Fv2%2Fmedia&parent=2594"}],"wp:term":[{"taxonomy":"category","embeddable":true,"href":"https:\/\/site.ac-martinique.fr\/lyc-latrinite\/index.php?rest_route=%2Fwp%2Fv2%2Fcategories&post=2594"},{"taxonomy":"post_tag","embeddable":true,"href":"https:\/\/site.ac-martinique.fr\/lyc-latrinite\/index.php?rest_route=%2Fwp%2Fv2%2Ftags&post=2594"}],"curies":[{"name":"wp","href":"https:\/\/api.w.org\/{rel}","templated":true}]}}