{"id":1379,"date":"2025-04-07T22:08:00","date_gmt":"2025-04-08T02:08:00","guid":{"rendered":"https:\/\/site.ac-martinique.fr\/lyc-leopoldbissol\/?p=1379"},"modified":"2025-04-22T15:15:51","modified_gmt":"2025-04-22T19:15:51","slug":"jacaranda-le-deuxieme-roman-bouleversant-de-gael-faye","status":"publish","type":"post","link":"https:\/\/site.ac-martinique.fr\/lyc-leopoldbissol\/2025\/04\/07\/jacaranda-le-deuxieme-roman-bouleversant-de-gael-faye\/","title":{"rendered":"\u00ab\u00a0Jacaranda\u00a0\u00bb, le deuxi\u00e8me roman bouleversant de Ga\u00ebl Faye"},"content":{"rendered":"\n<div class=\"wp-block-columns alignwide is-layout-flex wp-container-core-columns-is-layout-d0b3c9c8 wp-block-columns-is-layout-flex\">\n<div class=\"wp-block-column is-layout-flow wp-block-column-is-layout-flow\" style=\"--col-width:33.33%;flex-basis:33.33%\">\n<figure class=\"wp-block-image size-large\"><img loading=\"lazy\" decoding=\"async\" width=\"698\" height=\"1024\" src=\"https:\/\/site.ac-martinique.fr\/lyc-leopoldbissol\/wp-content\/uploads\/sites\/151\/2025\/04\/gael-faye-jacaranda-698x1024.png\" alt=\"\" class=\"wp-image-1380\" srcset=\"https:\/\/site.ac-martinique.fr\/lyc-leopoldbissol\/wp-content\/uploads\/sites\/151\/2025\/04\/gael-faye-jacaranda-698x1024.png 698w, https:\/\/site.ac-martinique.fr\/lyc-leopoldbissol\/wp-content\/uploads\/sites\/151\/2025\/04\/gael-faye-jacaranda-204x300.png 204w, https:\/\/site.ac-martinique.fr\/lyc-leopoldbissol\/wp-content\/uploads\/sites\/151\/2025\/04\/gael-faye-jacaranda-768x1127.png 768w, https:\/\/site.ac-martinique.fr\/lyc-leopoldbissol\/wp-content\/uploads\/sites\/151\/2025\/04\/gael-faye-jacaranda-1047x1536.png 1047w, https:\/\/site.ac-martinique.fr\/lyc-leopoldbissol\/wp-content\/uploads\/sites\/151\/2025\/04\/gael-faye-jacaranda.png 1260w\" sizes=\"auto, (max-width: 698px) 100vw, 698px\" \/><\/figure>\n<\/div>\n\n\n\n<div class=\"wp-block-column is-layout-flow wp-block-column-is-layout-flow\" style=\"--col-width:66.66%;flex-basis:66.66%\">\n<p>Huit ans apr\u00e8s la publication de Petit pays, Ga\u00ebl Faye revient avec Jacaranda, un roman qui explore l&rsquo;histoire du Rwanda \u00e0 travers les r\u00e9cits de quatre g\u00e9n\u00e9rations.<\/p>\n\n\n\n<p>Dans Petit pays, Ga\u00ebl Faye racontait \u00e0 la premi\u00e8re personne la vie de Gabriel, un adolescent franco-rwandais qui a grandi au Burundi et dont la famille emm\u00e9nage dans les Yvelines peu de temps apr\u00e8s le d\u00e9but de la guerre civile burundaise et du g\u00e9nocide au Rwanda. Avec Jacaranda, l&rsquo;auteur r\u00e9alise le mouvement contraire. Loin de l&rsquo;exil, il narre le quotidien de Milan, un jeune Franco-rwandais qui a quitt\u00e9 Versailles pour s&rsquo;installer dans le pays natal de sa m\u00e8re. Jacaranda est un livre important, \u00e0 ne pas manquer.<\/p>\n<\/div>\n<\/div>\n","protected":false},"excerpt":{"rendered":"<p>Huit ans apr\u00e8s la publication de Petit pays, Ga\u00ebl Faye revient avec Jacaranda, un roman qui explore l&rsquo;histoire du Rwanda \u00e0 travers les r\u00e9cits de quatre g\u00e9n\u00e9rations. Dans Petit pays, Ga\u00ebl Faye racontait \u00e0 la premi\u00e8re personne la vie de Gabriel, un adolescent franco-rwandais qui a grandi au Burundi et dont la famille emm\u00e9nage dans [&hellip;]<\/p>\n","protected":false},"author":573,"featured_media":1380,"comment_status":"closed","ping_status":"closed","sticky":false,"template":"wp-custom-template-la-tribune-des-b-tisseurs","format":"standard","meta":{"footnotes":""},"categories":[58,59],"tags":[],"class_list":["post-1379","post","type-post","status-publish","format-standard","has-post-thumbnail","hentry","category-la-tribune-des-batisseurs","category-litterature"],"_links":{"self":[{"href":"https:\/\/site.ac-martinique.fr\/lyc-leopoldbissol\/wp-json\/wp\/v2\/posts\/1379","targetHints":{"allow":["GET"]}}],"collection":[{"href":"https:\/\/site.ac-martinique.fr\/lyc-leopoldbissol\/wp-json\/wp\/v2\/posts"}],"about":[{"href":"https:\/\/site.ac-martinique.fr\/lyc-leopoldbissol\/wp-json\/wp\/v2\/types\/post"}],"author":[{"embeddable":true,"href":"https:\/\/site.ac-martinique.fr\/lyc-leopoldbissol\/wp-json\/wp\/v2\/users\/573"}],"replies":[{"embeddable":true,"href":"https:\/\/site.ac-martinique.fr\/lyc-leopoldbissol\/wp-json\/wp\/v2\/comments?post=1379"}],"version-history":[{"count":2,"href":"https:\/\/site.ac-martinique.fr\/lyc-leopoldbissol\/wp-json\/wp\/v2\/posts\/1379\/revisions"}],"predecessor-version":[{"id":1403,"href":"https:\/\/site.ac-martinique.fr\/lyc-leopoldbissol\/wp-json\/wp\/v2\/posts\/1379\/revisions\/1403"}],"wp:featuredmedia":[{"embeddable":true,"href":"https:\/\/site.ac-martinique.fr\/lyc-leopoldbissol\/wp-json\/wp\/v2\/media\/1380"}],"wp:attachment":[{"href":"https:\/\/site.ac-martinique.fr\/lyc-leopoldbissol\/wp-json\/wp\/v2\/media?parent=1379"}],"wp:term":[{"taxonomy":"category","embeddable":true,"href":"https:\/\/site.ac-martinique.fr\/lyc-leopoldbissol\/wp-json\/wp\/v2\/categories?post=1379"},{"taxonomy":"post_tag","embeddable":true,"href":"https:\/\/site.ac-martinique.fr\/lyc-leopoldbissol\/wp-json\/wp\/v2\/tags?post=1379"}],"curies":[{"name":"wp","href":"https:\/\/api.w.org\/{rel}","templated":true}]}}