{"id":3457,"date":"2023-06-08T21:41:22","date_gmt":"2023-06-08T20:41:22","guid":{"rendered":"https:\/\/site.ac-martinique.fr\/lyc-luminasophie\/?p=3457"},"modified":"2023-06-09T14:19:08","modified_gmt":"2023-06-09T13:19:08","slug":"quand-une-classe-de-bac-pro-deviens-critique-de-cinema","status":"publish","type":"post","link":"https:\/\/site.ac-martinique.fr\/lyc-luminasophie\/?p=3457","title":{"rendered":"Quand une classe de Bac pro devient critique de cin\u00e9ma !"},"content":{"rendered":"\n<figure class=\"wp-block-image size-medium is-resized\"><a href=\"https:\/\/site.ac-martinique.fr\/lyc-luminasophie\/wp-content\/uploads\/sites\/42\/2023\/06\/revoir-paris.jpg\"><img loading=\"lazy\" decoding=\"async\" src=\"https:\/\/site.ac-martinique.fr\/lyc-luminasophie\/wp-content\/uploads\/sites\/42\/2023\/06\/revoir-paris-221x300.jpg\" alt=\"\" class=\"wp-image-3459\" width=\"166\" height=\"225\" srcset=\"https:\/\/site.ac-martinique.fr\/lyc-luminasophie\/wp-content\/uploads\/sites\/42\/2023\/06\/revoir-paris-221x300.jpg 221w, https:\/\/site.ac-martinique.fr\/lyc-luminasophie\/wp-content\/uploads\/sites\/42\/2023\/06\/revoir-paris-754x1024.jpg 754w, https:\/\/site.ac-martinique.fr\/lyc-luminasophie\/wp-content\/uploads\/sites\/42\/2023\/06\/revoir-paris-768x1043.jpg 768w, https:\/\/site.ac-martinique.fr\/lyc-luminasophie\/wp-content\/uploads\/sites\/42\/2023\/06\/revoir-paris-1131x1536.jpg 1131w, https:\/\/site.ac-martinique.fr\/lyc-luminasophie\/wp-content\/uploads\/sites\/42\/2023\/06\/revoir-paris.jpg 1178w\" sizes=\"auto, (max-width: 166px) 100vw, 166px\" \/><\/a><\/figure>\n\n\n\n<p>Depuis 2011, le prix Jean-Renoir des lyc\u00e9ens permet \u00e0 des jeunes de pr\u00e8s de 50 classes de diff\u00e9rents<br>\u00e9tablissements de se glisser un temps dans la peau d\u2019un jury cin\u00e9matographique, l\u2019\u00e9quivalent<br>du Festival de Cannes pour les lyc\u00e9ens. Le lyc\u00e9e Lumina-Sophie a \u00e9t\u00e9 retenu pour l\u2019acad\u00e9mie<br>de Martinique, c\u2019est le seul \u00e9tablissement repr\u00e9sentant l\u2019Outre-mer.<\/p>\n\n\n\n<!--more-->\n\n\n\n<div data-wp-interactive=\"core\/file\" class=\"wp-block-file\"><object data-wp-bind--hidden=\"!state.hasPdfPreview\" hidden class=\"wp-block-file__embed\" data=\"https:\/\/site.ac-martinique.fr\/lyc-luminasophie\/wp-content\/uploads\/sites\/42\/2023\/06\/page_45209_ANTILLES_FA_MQE_CP_001.pdf\" type=\"application\/pdf\" style=\"width:100%;height:600px\" aria-label=\"Contenu embarqu\u00e9 page_45209_ANTILLES_FA_MQE_CP_001.\"><\/object><a id=\"wp-block-file--media-740118b6-a1b8-4f80-a2f9-5eda3008b724\" href=\"https:\/\/site.ac-martinique.fr\/lyc-luminasophie\/wp-content\/uploads\/sites\/42\/2023\/06\/page_45209_ANTILLES_FA_MQE_CP_001.pdf\">page_45209_ANTILLES_FA_MQE_CP_001<\/a><a href=\"https:\/\/site.ac-martinique.fr\/lyc-luminasophie\/wp-content\/uploads\/sites\/42\/2023\/06\/page_45209_ANTILLES_FA_MQE_CP_001.pdf\" class=\"wp-block-file__button wp-element-button\" download aria-describedby=\"wp-block-file--media-740118b6-a1b8-4f80-a2f9-5eda3008b724\">T\u00e9l\u00e9charger<\/a><\/div>\n\n\n\n<div data-wp-interactive=\"core\/file\" class=\"wp-block-file\"><object data-wp-bind--hidden=\"!state.hasPdfPreview\" hidden class=\"wp-block-file__embed\" data=\"https:\/\/site.ac-martinique.fr\/lyc-luminasophie\/wp-content\/uploads\/sites\/42\/2023\/06\/page_45214_ANTILLES_FA_MQE_CP_006.pdf\" type=\"application\/pdf\" style=\"width:100%;height:600px\" aria-label=\"Contenu embarqu\u00e9 page_45214_ANTILLES_FA_MQE_CP_006.\"><\/object><a id=\"wp-block-file--media-1306a8cc-815e-4611-baeb-bb75f5e44b81\" href=\"https:\/\/site.ac-martinique.fr\/lyc-luminasophie\/wp-content\/uploads\/sites\/42\/2023\/06\/page_45214_ANTILLES_FA_MQE_CP_006.pdf\">page_45214_ANTILLES_FA_MQE_CP_006<\/a><a href=\"https:\/\/site.ac-martinique.fr\/lyc-luminasophie\/wp-content\/uploads\/sites\/42\/2023\/06\/page_45214_ANTILLES_FA_MQE_CP_006.pdf\" class=\"wp-block-file__button wp-element-button\" download aria-describedby=\"wp-block-file--media-1306a8cc-815e-4611-baeb-bb75f5e44b81\">T\u00e9l\u00e9charger<\/a><\/div>\n","protected":false},"excerpt":{"rendered":"<p>Depuis 2011, le prix Jean-Renoir des lyc\u00e9ens permet \u00e0 des jeunes de pr\u00e8s de 50 classes de diff\u00e9rents\u00e9tablissements de se glisser un temps dans la peau d\u2019un jury cin\u00e9matographique, l\u2019\u00e9quivalentdu Festival de Cannes pour les lyc\u00e9ens. Le lyc\u00e9e Lumina-Sophie a &hellip; <a href=\"https:\/\/site.ac-martinique.fr\/lyc-luminasophie\/?p=3457\">Continuer la lecture <span class=\"meta-nav\">&rarr;<\/span><\/a><\/p>\n","protected":false},"author":220,"featured_media":0,"comment_status":"closed","ping_status":"closed","sticky":false,"template":"","format":"standard","meta":{"footnotes":""},"categories":[1],"tags":[],"class_list":["post-3457","post","type-post","status-publish","format-standard","hentry","category-non-classe"],"_links":{"self":[{"href":"https:\/\/site.ac-martinique.fr\/lyc-luminasophie\/index.php?rest_route=\/wp\/v2\/posts\/3457","targetHints":{"allow":["GET"]}}],"collection":[{"href":"https:\/\/site.ac-martinique.fr\/lyc-luminasophie\/index.php?rest_route=\/wp\/v2\/posts"}],"about":[{"href":"https:\/\/site.ac-martinique.fr\/lyc-luminasophie\/index.php?rest_route=\/wp\/v2\/types\/post"}],"author":[{"embeddable":true,"href":"https:\/\/site.ac-martinique.fr\/lyc-luminasophie\/index.php?rest_route=\/wp\/v2\/users\/220"}],"replies":[{"embeddable":true,"href":"https:\/\/site.ac-martinique.fr\/lyc-luminasophie\/index.php?rest_route=%2Fwp%2Fv2%2Fcomments&post=3457"}],"version-history":[{"count":3,"href":"https:\/\/site.ac-martinique.fr\/lyc-luminasophie\/index.php?rest_route=\/wp\/v2\/posts\/3457\/revisions"}],"predecessor-version":[{"id":3462,"href":"https:\/\/site.ac-martinique.fr\/lyc-luminasophie\/index.php?rest_route=\/wp\/v2\/posts\/3457\/revisions\/3462"}],"wp:attachment":[{"href":"https:\/\/site.ac-martinique.fr\/lyc-luminasophie\/index.php?rest_route=%2Fwp%2Fv2%2Fmedia&parent=3457"}],"wp:term":[{"taxonomy":"category","embeddable":true,"href":"https:\/\/site.ac-martinique.fr\/lyc-luminasophie\/index.php?rest_route=%2Fwp%2Fv2%2Fcategories&post=3457"},{"taxonomy":"post_tag","embeddable":true,"href":"https:\/\/site.ac-martinique.fr\/lyc-luminasophie\/index.php?rest_route=%2Fwp%2Fv2%2Ftags&post=3457"}],"curies":[{"name":"wp","href":"https:\/\/api.w.org\/{rel}","templated":true}]}}