{"id":3814,"date":"2024-09-09T13:50:13","date_gmt":"2024-09-09T12:50:13","guid":{"rendered":"https:\/\/site.ac-martinique.fr\/lyc-luminasophie\/?p=3814"},"modified":"2024-09-10T14:38:43","modified_gmt":"2024-09-10T13:38:43","slug":"reunion-de-rentree-scolaire-2024-2025","status":"publish","type":"post","link":"https:\/\/site.ac-martinique.fr\/lyc-luminasophie\/?p=3814","title":{"rendered":"R\u00e9union de rentr\u00e9e scolaire 2024-2025"},"content":{"rendered":"\n<p><span style=\"font-size: 13.0pt; font-family: 'Calibri',sans-serif; mso-ascii-theme-font: minor-latin; mso-hansi-theme-font: minor-latin; mso-bidi-theme-font: minor-latin;\">Madame,<\/span><\/p>\n\n\n\n<p class=\"MsoNormal\"><span style=\"font-size: 13.0pt; font-family: 'Calibri',sans-serif; mso-ascii-theme-font: minor-latin; mso-hansi-theme-font: minor-latin; mso-bidi-theme-font: minor-latin;\">Monsieur,<\/span><\/p>\n\n\n\n<p class=\"MsoNormal\"><span style=\"font-size: 13.0pt; font-family: 'Calibri',sans-serif; mso-ascii-theme-font: minor-latin; mso-hansi-theme-font: minor-latin; mso-bidi-theme-font: minor-latin;\">Cher Parent,<\/span><\/p>\n\n\n\n<p class=\"MsoNormal\"><span style=\"font-size: 13.0pt; font-family: 'Calibri',sans-serif; mso-ascii-theme-font: minor-latin; mso-hansi-theme-font: minor-latin; mso-bidi-theme-font: minor-latin;\">&nbsp;<a href=\"https:\/\/site.ac-martinique.fr\/lyc-luminasophie\/wp-content\/uploads\/sites\/42\/2024\/09\/Reunion-de-rentree-2024.pdf\">Vous \u00eates invit\u00e9-e-s \u00e0 participer \u00e0 la r\u00e9union de rentr\u00e9e scolaire qui se d\u00e9roulera le&nbsp;:<\/a><\/span><\/p>\n\n\n<p class=\"MsoListParagraph\" style=\"margin-bottom: .0001pt; mso-add-space: auto; text-align: justify; text-indent: -18.0pt; line-height: normal; mso-list: l0 level1 lfo1;\"><span style=\"font-size: 13.0pt; font-family: Wingdings; mso-fareast-font-family: Wingdings; mso-bidi-font-family: Wingdings;\"><span style=\"mso-list: Ignore;\"><span style=\"font: 7.0pt 'Times New Roman';\"><br \/><\/span><\/span><\/span><span style=\"font-size: 13.0pt;\">Le <b style=\"mso-bidi-font-weight: normal;\">samedi 14 septembre 2024 de 8H00 \u00e0 11H00<\/b><br \/>en salle Genevi\u00e8ve MENIL<\/span><\/p>\n\n\n<p><\/p>\n\n\n\n<p>Ordre du jour :<\/p>\n\n\n\n<ol class=\"wp-block-list\">\n<li>Pr\u00e9sentation de l\u2019\u00e9tablissement<\/li>\n\n\n\n<li>D\u00e9roulement de l\u2019ann\u00e9e scolaire&nbsp;: enjeux et perspectives<\/li>\n\n\n\n<li>PRONOTE<\/li>\n\n\n\n<li>Pr\u00e9sentation des associations de parents d\u2019\u00e9l\u00e8ves<\/li>\n\n\n\n<li>Questions diverses<\/li>\n<\/ol>\n\n\n\n<p><em>Afin de r\u00e9ussir ensemble cette ann\u00e9e scolaire qui d\u00e9bute,<\/em><\/p>\n\n\n\n<p><em>votre pr\u00e9sence est vivement souhait\u00e9e.<\/em><\/p>\n\n\n\n<p>Bien \u00e0 vous.<\/p>\n\n\n\n<p class=\"has-text-align-right\">La Proviseure,<\/p>\n\n\n\n<p class=\"has-text-align-right\">Val\u00e9rie VOLBERG<\/p>\n","protected":false},"excerpt":{"rendered":"<p>Madame, Monsieur, Cher Parent, &nbsp;Vous \u00eates invit\u00e9-e-s \u00e0 participer \u00e0 la r\u00e9union de rentr\u00e9e scolaire qui se d\u00e9roulera le&nbsp;: Le samedi 14 septembre 2024 de 8H00 \u00e0 11H00en salle Genevi\u00e8ve MENIL Ordre du jour : Afin de r\u00e9ussir ensemble cette &hellip; <a href=\"https:\/\/site.ac-martinique.fr\/lyc-luminasophie\/?p=3814\">Continuer la lecture <span class=\"meta-nav\">&rarr;<\/span><\/a><\/p>\n","protected":false},"author":220,"featured_media":0,"comment_status":"closed","ping_status":"closed","sticky":false,"template":"","format":"standard","meta":{"footnotes":""},"categories":[1],"tags":[],"class_list":["post-3814","post","type-post","status-publish","format-standard","hentry","category-non-classe"],"_links":{"self":[{"href":"https:\/\/site.ac-martinique.fr\/lyc-luminasophie\/index.php?rest_route=\/wp\/v2\/posts\/3814","targetHints":{"allow":["GET"]}}],"collection":[{"href":"https:\/\/site.ac-martinique.fr\/lyc-luminasophie\/index.php?rest_route=\/wp\/v2\/posts"}],"about":[{"href":"https:\/\/site.ac-martinique.fr\/lyc-luminasophie\/index.php?rest_route=\/wp\/v2\/types\/post"}],"author":[{"embeddable":true,"href":"https:\/\/site.ac-martinique.fr\/lyc-luminasophie\/index.php?rest_route=\/wp\/v2\/users\/220"}],"replies":[{"embeddable":true,"href":"https:\/\/site.ac-martinique.fr\/lyc-luminasophie\/index.php?rest_route=%2Fwp%2Fv2%2Fcomments&post=3814"}],"version-history":[{"count":7,"href":"https:\/\/site.ac-martinique.fr\/lyc-luminasophie\/index.php?rest_route=\/wp\/v2\/posts\/3814\/revisions"}],"predecessor-version":[{"id":3823,"href":"https:\/\/site.ac-martinique.fr\/lyc-luminasophie\/index.php?rest_route=\/wp\/v2\/posts\/3814\/revisions\/3823"}],"wp:attachment":[{"href":"https:\/\/site.ac-martinique.fr\/lyc-luminasophie\/index.php?rest_route=%2Fwp%2Fv2%2Fmedia&parent=3814"}],"wp:term":[{"taxonomy":"category","embeddable":true,"href":"https:\/\/site.ac-martinique.fr\/lyc-luminasophie\/index.php?rest_route=%2Fwp%2Fv2%2Fcategories&post=3814"},{"taxonomy":"post_tag","embeddable":true,"href":"https:\/\/site.ac-martinique.fr\/lyc-luminasophie\/index.php?rest_route=%2Fwp%2Fv2%2Ftags&post=3814"}],"curies":[{"name":"wp","href":"https:\/\/api.w.org\/{rel}","templated":true}]}}