{"id":3917,"date":"2025-12-17T18:53:04","date_gmt":"2025-12-17T17:53:04","guid":{"rendered":"https:\/\/site.ac-martinique.fr\/lyc-luminasophie\/?p=3917"},"modified":"2025-12-18T19:31:35","modified_gmt":"2025-12-18T18:31:35","slug":"podcast-emission-de-noel-2025","status":"publish","type":"post","link":"https:\/\/site.ac-martinique.fr\/lyc-luminasophie\/?p=3917","title":{"rendered":"Podcast &#8211; Emission de Noel 2025"},"content":{"rendered":"<div class=\"wp-block-image\">\n<figure class=\"aligncenter size-full\"><a href=\"https:\/\/site.ac-martinique.fr\/lyc-luminasophie\/wp-content\/uploads\/sites\/42\/2025\/12\/AFFICHE-ANNONCE-WEB-RADIO-1.png\"><img loading=\"lazy\" decoding=\"async\" width=\"500\" height=\"500\" src=\"https:\/\/site.ac-martinique.fr\/lyc-luminasophie\/wp-content\/uploads\/sites\/42\/2025\/12\/AFFICHE-ANNONCE-WEB-RADIO-1.png\" alt=\"\" class=\"wp-image-3921\" srcset=\"https:\/\/site.ac-martinique.fr\/lyc-luminasophie\/wp-content\/uploads\/sites\/42\/2025\/12\/AFFICHE-ANNONCE-WEB-RADIO-1.png 500w, https:\/\/site.ac-martinique.fr\/lyc-luminasophie\/wp-content\/uploads\/sites\/42\/2025\/12\/AFFICHE-ANNONCE-WEB-RADIO-1-300x300.png 300w, https:\/\/site.ac-martinique.fr\/lyc-luminasophie\/wp-content\/uploads\/sites\/42\/2025\/12\/AFFICHE-ANNONCE-WEB-RADIO-1-150x150.png 150w\" sizes=\"auto, (max-width: 500px) 100vw, 500px\" \/><\/a><\/figure>\n<\/div>\n\n\n<figure class=\"wp-block-audio\"><audio controls src=\"https:\/\/site.ac-martinique.fr\/lyc-luminasophie\/wp-content\/uploads\/sites\/42\/2025\/12\/Emission-Noel-1CAP2.mp3\"><\/audio><\/figure>\n\n\n\n<p>&#x1f6a8; Breaking news &#x1f6a8;<\/p>\n\n\n\n<p>La communaut\u00e9 scolaire du lyc\u00e9e Lumina Sophie capte une nouvelle fr\u00e9quence\u2026<\/p>\n\n\n\n<p>Lancement officiel de toute la premi\u00e8re \u00e9mission de Web radio r\u00e9alis\u00e9e par la 1CAP2.<\/p>\n\n\n\n<p>Des voix, des sons, des id\u00e9es&#8230;.<\/p>\n\n\n\n<p>Monte le son, la radio d\u00e9marre&#8230;<\/p>\n","protected":false},"excerpt":{"rendered":"<p>&#x1f6a8; Breaking news &#x1f6a8; La communaut\u00e9 scolaire du lyc\u00e9e Lumina Sophie capte une nouvelle fr\u00e9quence\u2026 Lancement officiel de toute la premi\u00e8re \u00e9mission de Web radio r\u00e9alis\u00e9e par la 1CAP2. Des voix, des sons, des id\u00e9es&#8230;. Monte le son, la radio &hellip; <a href=\"https:\/\/site.ac-martinique.fr\/lyc-luminasophie\/?p=3917\">Continuer la lecture <span class=\"meta-nav\">&rarr;<\/span><\/a><\/p>\n","protected":false},"author":220,"featured_media":0,"comment_status":"closed","ping_status":"closed","sticky":false,"template":"","format":"standard","meta":{"footnotes":""},"categories":[79],"tags":[],"class_list":["post-3917","post","type-post","status-publish","format-standard","hentry","category-podcast"],"_links":{"self":[{"href":"https:\/\/site.ac-martinique.fr\/lyc-luminasophie\/index.php?rest_route=\/wp\/v2\/posts\/3917","targetHints":{"allow":["GET"]}}],"collection":[{"href":"https:\/\/site.ac-martinique.fr\/lyc-luminasophie\/index.php?rest_route=\/wp\/v2\/posts"}],"about":[{"href":"https:\/\/site.ac-martinique.fr\/lyc-luminasophie\/index.php?rest_route=\/wp\/v2\/types\/post"}],"author":[{"embeddable":true,"href":"https:\/\/site.ac-martinique.fr\/lyc-luminasophie\/index.php?rest_route=\/wp\/v2\/users\/220"}],"replies":[{"embeddable":true,"href":"https:\/\/site.ac-martinique.fr\/lyc-luminasophie\/index.php?rest_route=%2Fwp%2Fv2%2Fcomments&post=3917"}],"version-history":[{"count":2,"href":"https:\/\/site.ac-martinique.fr\/lyc-luminasophie\/index.php?rest_route=\/wp\/v2\/posts\/3917\/revisions"}],"predecessor-version":[{"id":3922,"href":"https:\/\/site.ac-martinique.fr\/lyc-luminasophie\/index.php?rest_route=\/wp\/v2\/posts\/3917\/revisions\/3922"}],"wp:attachment":[{"href":"https:\/\/site.ac-martinique.fr\/lyc-luminasophie\/index.php?rest_route=%2Fwp%2Fv2%2Fmedia&parent=3917"}],"wp:term":[{"taxonomy":"category","embeddable":true,"href":"https:\/\/site.ac-martinique.fr\/lyc-luminasophie\/index.php?rest_route=%2Fwp%2Fv2%2Fcategories&post=3917"},{"taxonomy":"post_tag","embeddable":true,"href":"https:\/\/site.ac-martinique.fr\/lyc-luminasophie\/index.php?rest_route=%2Fwp%2Fv2%2Ftags&post=3917"}],"curies":[{"name":"wp","href":"https:\/\/api.w.org\/{rel}","templated":true}]}}