{"id":95,"date":"2021-04-26T10:30:07","date_gmt":"2021-04-26T14:30:07","guid":{"rendered":"https:\/\/site.ac-martinique.fr\/lyc-montgerald\/?p=95"},"modified":"2021-04-30T11:37:48","modified_gmt":"2021-04-30T15:37:48","slug":"cdi","status":"publish","type":"post","link":"https:\/\/site.ac-martinique.fr\/lyc-montgerald\/?p=95","title":{"rendered":"Le CDI (Centre de Documentation et d&rsquo;Information)"},"content":{"rendered":"\n<p><strong>Heures d\u2019ouverture : <br>Lundi, Mardi, Jeudi, Vendredi 07H00 \u00e0 17H00<br>Mercredi de 07H00 \u00e0 12H00<\/strong><\/p>\n\n\n\n<p>Le portail web <em>Esidoc <\/em>du CDI est accessible \u00e0 l&rsquo;adresse<\/p>\n\n\n\n<figure class=\"wp-block-image size-large is-resized\"><a href=\"https:\/\/9720727h.esidoc.fr\/\"><img loading=\"lazy\" decoding=\"async\" src=\"https:\/\/site.ac-martinique.fr\/lyc-montgerald\/wp-content\/uploads\/sites\/88\/2021\/04\/esidoc2.jpg\" alt=\"\" class=\"wp-image-55\" width=\"56\" height=\"56\" srcset=\"https:\/\/site.ac-martinique.fr\/lyc-montgerald\/wp-content\/uploads\/sites\/88\/2021\/04\/esidoc2.jpg 225w, https:\/\/site.ac-martinique.fr\/lyc-montgerald\/wp-content\/uploads\/sites\/88\/2021\/04\/esidoc2-150x150.jpg 150w, https:\/\/site.ac-martinique.fr\/lyc-montgerald\/wp-content\/uploads\/sites\/88\/2021\/04\/esidoc2-100x100.jpg 100w\" sizes=\"auto, (max-width: 56px) 100vw, 56px\" \/><\/a><figcaption><a href=\"https:\/\/9720727h.esidoc.fr\/\">https:\/\/9720727h.esidoc.fr\/<\/a><\/figcaption><\/figure>\n\n\n\n<!--more-->\n\n\n\n<p>Situ\u00e9 \u00e0 l\u2019entr\u00e9e de l\u2019\u00e9tablissement, ce lieu accueille lyc\u00e9ens, \u00e9tudiants du BTS et enseignants. Les trois axes prioritaires de la politique documentaire du CDI s\u2019inscrivent dans le projet d\u2019\u00e9tablissement.<\/p>\n\n\n\n<p><strong>La r\u00e9ussite des \u00e9l\u00e8ves<\/strong><\/p>\n\n\n\n<ul class=\"wp-block-list\"><li>Encourager les \u00e9l\u00e8ves, les accompagner en mettant \u00e0 leur disposition un service moderne et de qualit\u00e9. L\u2019enjeu est de faire du CDI un p\u00f4le de ressources avec un fond diversifi\u00e9: livres, revues, DVD etc\u2026<\/li><li>Contribuer \u00e0 la pratique de la codisciplinarit\u00e9 ou de la pluridisciplinarit\u00e9 en participant \u00e0 des dispositifs transversaux.<\/li><li>Donner \u00e0 la lecture la place essentielle qui lui revient dans la formation intellectuelle des \u00e9l\u00e8ves.<br><strong><br>L\u2019ouverture culturelle<\/strong><br>Participer activement \u00e0 la formation des d\u00e9l\u00e9gu\u00e9s \u00e9l\u00e8ves avec la CPE pour ancrer davantage l\u2019apprentissage de la citoyennet\u00e9<\/li><li>Promouvoir chez les \u00e9l\u00e8ves la culture du d\u00e9bat d\u00e9mocratique sur des sujets de soci\u00e9t\u00e9 importants afin de favoriser leur comp\u00e9tence du monde actuel.<br><br><strong>La communication et l\u2019information<\/strong><\/li><li>Le CDI agit en force centrip\u00e8te et centrifuge.<\/li><li>Collaborer \u00e0 la certification des comp\u00e9tences des \u00e9l\u00e8ves dans le domaine de l\u2019utilisation des outils num\u00e9riques.<\/li><\/ul>\n\n\n\n<p><\/p>\n","protected":false},"excerpt":{"rendered":"<p>Heures d\u2019ouverture : Lundi, Mardi, Jeudi, Vendredi 07H00 \u00e0 17H00Mercredi de 07H00 \u00e0 12H00 Le portail web Esidoc du CDI est accessible \u00e0 l&rsquo;adresse<\/p>\n","protected":false},"author":230,"featured_media":192,"comment_status":"closed","ping_status":"open","sticky":false,"template":"","format":"standard","meta":{"footnotes":""},"categories":[5],"tags":[],"class_list":["post-95","post","type-post","status-publish","format-standard","has-post-thumbnail","hentry","category-vie-de-leleve"],"_links":{"self":[{"href":"https:\/\/site.ac-martinique.fr\/lyc-montgerald\/index.php?rest_route=\/wp\/v2\/posts\/95","targetHints":{"allow":["GET"]}}],"collection":[{"href":"https:\/\/site.ac-martinique.fr\/lyc-montgerald\/index.php?rest_route=\/wp\/v2\/posts"}],"about":[{"href":"https:\/\/site.ac-martinique.fr\/lyc-montgerald\/index.php?rest_route=\/wp\/v2\/types\/post"}],"author":[{"embeddable":true,"href":"https:\/\/site.ac-martinique.fr\/lyc-montgerald\/index.php?rest_route=\/wp\/v2\/users\/230"}],"replies":[{"embeddable":true,"href":"https:\/\/site.ac-martinique.fr\/lyc-montgerald\/index.php?rest_route=%2Fwp%2Fv2%2Fcomments&post=95"}],"version-history":[{"count":10,"href":"https:\/\/site.ac-martinique.fr\/lyc-montgerald\/index.php?rest_route=\/wp\/v2\/posts\/95\/revisions"}],"predecessor-version":[{"id":228,"href":"https:\/\/site.ac-martinique.fr\/lyc-montgerald\/index.php?rest_route=\/wp\/v2\/posts\/95\/revisions\/228"}],"wp:featuredmedia":[{"embeddable":true,"href":"https:\/\/site.ac-martinique.fr\/lyc-montgerald\/index.php?rest_route=\/wp\/v2\/media\/192"}],"wp:attachment":[{"href":"https:\/\/site.ac-martinique.fr\/lyc-montgerald\/index.php?rest_route=%2Fwp%2Fv2%2Fmedia&parent=95"}],"wp:term":[{"taxonomy":"category","embeddable":true,"href":"https:\/\/site.ac-martinique.fr\/lyc-montgerald\/index.php?rest_route=%2Fwp%2Fv2%2Fcategories&post=95"},{"taxonomy":"post_tag","embeddable":true,"href":"https:\/\/site.ac-martinique.fr\/lyc-montgerald\/index.php?rest_route=%2Fwp%2Fv2%2Ftags&post=95"}],"curies":[{"name":"wp","href":"https:\/\/api.w.org\/{rel}","templated":true}]}}