{"id":1902,"date":"2018-09-19T23:15:06","date_gmt":"2018-09-20T03:15:06","guid":{"rendered":"\/lyc-paulettenardal\/?p=1902"},"modified":"2022-02-18T10:53:34","modified_gmt":"2022-02-18T14:53:34","slug":"cafe-des-parents","status":"publish","type":"post","link":"https:\/\/site.ac-martinique.fr\/lyc-paulettenardal\/?p=1902","title":{"rendered":"CAF\u00c9 DES PARENTS"},"content":{"rendered":"<div style=\"background-color: #d5eed5;padding: 6px;width: 100%\">\n<p>Tous les parents d&rsquo;\u00e9l\u00e8ves sont cordialement invit\u00e9s \u00e0 une rencontre d\u00e9bat avec l&rsquo;intervention du Docteur MICHEL sp\u00e9cialiste des adolescents, le VENDREDI 28 SEPTEMBRE de 18 \u00e0 20h salle polyvalente du lyc\u00e9e.<\/p>\n<p>\n <strong>Le th\u00e8me du jour :<\/strong><br \/>\n \u00ab\u00a0\u00c9quilibre, sant\u00e9, bien-\u00eatre de l&rsquo;\u00e9l\u00e8ve : comment accompagner sa r\u00e9ussite.\u00a0\u00bb<\/p>\n<p>\n Nous vous attendons nombreux !<\/p>\n<\/div>\n","protected":false},"excerpt":{"rendered":"<p>Tous les parents d&rsquo;\u00e9l\u00e8ves sont cordialement invit\u00e9s \u00e0 une rencontre d\u00e9bat avec l&rsquo;intervention du Docteur MICHEL sp\u00e9cialiste des adolescents, le &hellip; <\/p>\n<p class=\"link-more\"><a href=\"https:\/\/site.ac-martinique.fr\/lyc-paulettenardal\/?p=1902\" class=\"more-link\">Lire la suite&#8230;<span class=\"screen-reader-text\"> \u00ab\u00a0CAF\u00c9 DES PARENTS\u00a0\u00bb<\/span><\/a><\/p>\n","protected":false},"author":341,"featured_media":0,"comment_status":"closed","ping_status":"closed","sticky":false,"template":"","format":"status","meta":{"footnotes":""},"categories":[23,44],"tags":[48,45],"class_list":["post-1902","post","type-post","status-publish","format-status","hentry","category-actu","category-parents","tag-cafe-des-parents","tag-parents","post_format-post-format-status"],"_links":{"self":[{"href":"https:\/\/site.ac-martinique.fr\/lyc-paulettenardal\/index.php?rest_route=\/wp\/v2\/posts\/1902","targetHints":{"allow":["GET"]}}],"collection":[{"href":"https:\/\/site.ac-martinique.fr\/lyc-paulettenardal\/index.php?rest_route=\/wp\/v2\/posts"}],"about":[{"href":"https:\/\/site.ac-martinique.fr\/lyc-paulettenardal\/index.php?rest_route=\/wp\/v2\/types\/post"}],"author":[{"embeddable":true,"href":"https:\/\/site.ac-martinique.fr\/lyc-paulettenardal\/index.php?rest_route=\/wp\/v2\/users\/341"}],"replies":[{"embeddable":true,"href":"https:\/\/site.ac-martinique.fr\/lyc-paulettenardal\/index.php?rest_route=%2Fwp%2Fv2%2Fcomments&post=1902"}],"version-history":[{"count":2,"href":"https:\/\/site.ac-martinique.fr\/lyc-paulettenardal\/index.php?rest_route=\/wp\/v2\/posts\/1902\/revisions"}],"predecessor-version":[{"id":1904,"href":"https:\/\/site.ac-martinique.fr\/lyc-paulettenardal\/index.php?rest_route=\/wp\/v2\/posts\/1902\/revisions\/1904"}],"wp:attachment":[{"href":"https:\/\/site.ac-martinique.fr\/lyc-paulettenardal\/index.php?rest_route=%2Fwp%2Fv2%2Fmedia&parent=1902"}],"wp:term":[{"taxonomy":"category","embeddable":true,"href":"https:\/\/site.ac-martinique.fr\/lyc-paulettenardal\/index.php?rest_route=%2Fwp%2Fv2%2Fcategories&post=1902"},{"taxonomy":"post_tag","embeddable":true,"href":"https:\/\/site.ac-martinique.fr\/lyc-paulettenardal\/index.php?rest_route=%2Fwp%2Fv2%2Ftags&post=1902"}],"curies":[{"name":"wp","href":"https:\/\/api.w.org\/{rel}","templated":true}]}}