{"id":3896,"date":"2021-07-05T09:08:49","date_gmt":"2021-07-05T13:08:49","guid":{"rendered":"https:\/\/site.ac-martinique.fr\/lyc-paulettenardal\/?p=3896"},"modified":"2022-02-18T10:49:43","modified_gmt":"2022-02-18T14:49:43","slug":"calendrier-dinscription-et-reinscription-2021","status":"publish","type":"post","link":"https:\/\/site.ac-martinique.fr\/lyc-paulettenardal\/?p=3896","title":{"rendered":"Calendrier d&rsquo;inscription et r\u00e9inscription &#8211; Rentr\u00e9e 2021"},"content":{"rendered":"\n<p>Merci de bien vouloir respecter les dates et horaires indiqu\u00e9s dans ce calendrier.<br>Seuls les dossiers complets seront accept\u00e9s.<br>La liste des pi\u00e8ces \u00e0 fournir est pr\u00e9cis\u00e9e en derni\u00e8re page du document.<\/p>\n<p>Acc\u00e9der au <strong><a href=\"https:\/\/site.ac-martinique.fr\/lyc-paulettenardal\/wp-content\/uploads\/sites\/38\/2021\/07\/Calendrier_Inscriptions_Reinscriptions_2021.pdf\" target=\"_blank\" rel=\"noopener\">calendrier sous ce lien<\/a>.<\/strong> <\/p>\n","protected":false},"excerpt":{"rendered":"","protected":false},"author":341,"featured_media":0,"comment_status":"closed","ping_status":"closed","sticky":false,"template":"","format":"status","meta":{"footnotes":""},"categories":[23,37,44,53,60,46,54],"tags":[],"class_list":["post-3896","post","type-post","status-publish","format-status","hentry","category-actu","category-bts","category-parents","category-post-bac","category-premiere","category-seconde","category-terminale","post_format-post-format-status"],"_links":{"self":[{"href":"https:\/\/site.ac-martinique.fr\/lyc-paulettenardal\/index.php?rest_route=\/wp\/v2\/posts\/3896","targetHints":{"allow":["GET"]}}],"collection":[{"href":"https:\/\/site.ac-martinique.fr\/lyc-paulettenardal\/index.php?rest_route=\/wp\/v2\/posts"}],"about":[{"href":"https:\/\/site.ac-martinique.fr\/lyc-paulettenardal\/index.php?rest_route=\/wp\/v2\/types\/post"}],"author":[{"embeddable":true,"href":"https:\/\/site.ac-martinique.fr\/lyc-paulettenardal\/index.php?rest_route=\/wp\/v2\/users\/341"}],"replies":[{"embeddable":true,"href":"https:\/\/site.ac-martinique.fr\/lyc-paulettenardal\/index.php?rest_route=%2Fwp%2Fv2%2Fcomments&post=3896"}],"version-history":[{"count":6,"href":"https:\/\/site.ac-martinique.fr\/lyc-paulettenardal\/index.php?rest_route=\/wp\/v2\/posts\/3896\/revisions"}],"predecessor-version":[{"id":3957,"href":"https:\/\/site.ac-martinique.fr\/lyc-paulettenardal\/index.php?rest_route=\/wp\/v2\/posts\/3896\/revisions\/3957"}],"wp:attachment":[{"href":"https:\/\/site.ac-martinique.fr\/lyc-paulettenardal\/index.php?rest_route=%2Fwp%2Fv2%2Fmedia&parent=3896"}],"wp:term":[{"taxonomy":"category","embeddable":true,"href":"https:\/\/site.ac-martinique.fr\/lyc-paulettenardal\/index.php?rest_route=%2Fwp%2Fv2%2Fcategories&post=3896"},{"taxonomy":"post_tag","embeddable":true,"href":"https:\/\/site.ac-martinique.fr\/lyc-paulettenardal\/index.php?rest_route=%2Fwp%2Fv2%2Ftags&post=3896"}],"curies":[{"name":"wp","href":"https:\/\/api.w.org\/{rel}","templated":true}]}}