{"id":3928,"date":"2021-08-26T16:18:48","date_gmt":"2021-08-26T20:18:48","guid":{"rendered":"https:\/\/site.ac-martinique.fr\/lyc-paulettenardal\/?p=3928"},"modified":"2022-02-18T10:49:43","modified_gmt":"2022-02-18T14:49:43","slug":"des-eleves-du-lycee-chantent-la-marseillaise-le-14-juillet-2021","status":"publish","type":"post","link":"https:\/\/site.ac-martinique.fr\/lyc-paulettenardal\/?p=3928","title":{"rendered":"Des \u00e9l\u00e8ves du lyc\u00e9e chantent la Marseillaise le 14 juillet 2021"},"content":{"rendered":"\n<p>Un groupe d&rsquo;\u00e9l\u00e8ves de l\u2019option musique du lyc\u00e9e Paulette Nardal accompagn\u00e9 d&rsquo;anciennes \u00e9l\u00e8ves du lyc\u00e9e, a chant\u00e9 la Marseillaise le 14 juillet au monument aux Morts de Fort-de-France.<\/p>\n<p><a href=\"https:\/\/site.ac-martinique.fr\/lyc-paulettenardal\/?page_id=3918\" target=\"_blank\" rel=\"noopener\"><strong>Suivre ce lien<\/strong><\/a> pour voir les photos de cette prestation.<\/p>\n","protected":false},"excerpt":{"rendered":"","protected":false},"author":341,"featured_media":0,"comment_status":"closed","ping_status":"closed","sticky":false,"template":"","format":"status","meta":{"footnotes":""},"categories":[23,44],"tags":[],"class_list":["post-3928","post","type-post","status-publish","format-status","hentry","category-actu","category-parents","post_format-post-format-status"],"_links":{"self":[{"href":"https:\/\/site.ac-martinique.fr\/lyc-paulettenardal\/index.php?rest_route=\/wp\/v2\/posts\/3928","targetHints":{"allow":["GET"]}}],"collection":[{"href":"https:\/\/site.ac-martinique.fr\/lyc-paulettenardal\/index.php?rest_route=\/wp\/v2\/posts"}],"about":[{"href":"https:\/\/site.ac-martinique.fr\/lyc-paulettenardal\/index.php?rest_route=\/wp\/v2\/types\/post"}],"author":[{"embeddable":true,"href":"https:\/\/site.ac-martinique.fr\/lyc-paulettenardal\/index.php?rest_route=\/wp\/v2\/users\/341"}],"replies":[{"embeddable":true,"href":"https:\/\/site.ac-martinique.fr\/lyc-paulettenardal\/index.php?rest_route=%2Fwp%2Fv2%2Fcomments&post=3928"}],"version-history":[{"count":5,"href":"https:\/\/site.ac-martinique.fr\/lyc-paulettenardal\/index.php?rest_route=\/wp\/v2\/posts\/3928\/revisions"}],"predecessor-version":[{"id":3941,"href":"https:\/\/site.ac-martinique.fr\/lyc-paulettenardal\/index.php?rest_route=\/wp\/v2\/posts\/3928\/revisions\/3941"}],"wp:attachment":[{"href":"https:\/\/site.ac-martinique.fr\/lyc-paulettenardal\/index.php?rest_route=%2Fwp%2Fv2%2Fmedia&parent=3928"}],"wp:term":[{"taxonomy":"category","embeddable":true,"href":"https:\/\/site.ac-martinique.fr\/lyc-paulettenardal\/index.php?rest_route=%2Fwp%2Fv2%2Fcategories&post=3928"},{"taxonomy":"post_tag","embeddable":true,"href":"https:\/\/site.ac-martinique.fr\/lyc-paulettenardal\/index.php?rest_route=%2Fwp%2Fv2%2Ftags&post=3928"}],"curies":[{"name":"wp","href":"https:\/\/api.w.org\/{rel}","templated":true}]}}