{"id":4006,"date":"2021-09-25T11:16:10","date_gmt":"2021-09-25T15:16:10","guid":{"rendered":"https:\/\/site.ac-martinique.fr\/lyc-paulettenardal\/?p=4006"},"modified":"2022-03-05T22:43:44","modified_gmt":"2022-03-06T02:43:44","slug":"rentree-2021-retour-en-presentiel-accueil-des-eleves-a-compter-du-lundi-27-septembre","status":"publish","type":"post","link":"https:\/\/site.ac-martinique.fr\/lyc-paulettenardal\/?p=4006","title":{"rendered":"Rentr\u00e9e 2021\u00a0: retour en pr\u00e9sentiel &#8211; accueil des \u00e9l\u00e8ves \u00e0 compter du lundi 27 septembre"},"content":{"rendered":"\n<p class=\"has-normal-font-size\">Au regard de l&rsquo;\u00e9volution favorable des indicateurs de la situation sanitaire en Martinique et \u00e0 l&rsquo;issue des concertations entre la Pr\u00e9fecture, le Rectorat et l&rsquo;ARS, les \u00e9l\u00e8ves et \u00e9tudiants du lyc\u00e9e Paulette NARDAL seront progressivement de <strong>retour dans l\u2019\u00e9tablissement, \u00e0 compter du lundi 27 septembre,<\/strong> en suivant le niveau 4 du protocole sanitaire.<\/p>\n\n\n\n<p class=\"has-normal-font-size\">Les cours seront assur\u00e9s en pr\u00e9sentiel en demi-jauge 50% (en groupes 1 et groupes 2).<br>Le lyc\u00e9e accueillera les \u00e9l\u00e8ves de 7h25 \u00e0 17h selon l\u2019organisation pr\u00e9vue.<\/p>\n\n\n\n<p><\/p>\n\n\n\n<p class=\"has-normal-font-size\">Noter que&nbsp;:<br>1- Les \u00e9l\u00e8ves des classes de Seconde et Premi\u00e8re entrent au lyc\u00e9e par le portail habituel&nbsp;; les \u00e9l\u00e8ves de Terminale et les \u00e9tudiants passent par le portail de la grande permanence.<br>2- Ils doivent se laver les mains d\u00e8s leur arriv\u00e9e dans l&rsquo;\u00e9tablissement. <br>3- Les cours d\u2019EPS reprennent d\u00e8s lundi 27 septembre (tenue obligatoire).<br>4- La restauration est assur\u00e9e dans le respect du protocole sanitaire.<br>5- Le transport scolaire est assur\u00e9 selon les horaires du lyc\u00e9e&nbsp;: de l&rsquo;entr\u00e9e en cours (7h25) \u00e0 l&rsquo;heure de sortie (17h).<\/p>\n\n\n\n<p class=\"has-normal-font-size\">Pour davantage d\u2019informations, merci de bien vouloir <strong>consulter vos messages depuis l\u2019ENT Colibri ainsi que les emplois du temps de chaque groupe sur Pronote<\/strong>, pour prendre connaissance de l\u2019organisation pr\u00e9cise du retour au lyc\u00e9e&nbsp;: mesures sanitaires, groupes, enseignements dont EPS, cantine, internat, &#8230;<\/p>\n\n\n\n<p><\/p>\n\n\n","protected":false},"excerpt":{"rendered":"<p>Au regard de l&rsquo;\u00e9volution favorable des indicateurs de la situation sanitaire en Martinique et \u00e0 l&rsquo;issue des concertations entre la &hellip; <\/p>\n<p class=\"link-more\"><a href=\"https:\/\/site.ac-martinique.fr\/lyc-paulettenardal\/?p=4006\" class=\"more-link\">Lire la suite&#8230;<span class=\"screen-reader-text\"> \u00ab\u00a0Rentr\u00e9e 2021\u00a0: retour en pr\u00e9sentiel &#8211; accueil des \u00e9l\u00e8ves \u00e0 compter du lundi 27 septembre\u00a0\u00bb<\/span><\/a><\/p>\n","protected":false},"author":341,"featured_media":0,"comment_status":"closed","ping_status":"closed","sticky":false,"template":"","format":"status","meta":{"footnotes":""},"categories":[1],"tags":[63,61,39,45,64,55],"class_list":["post-4006","post","type-post","status-publish","format-status","hentry","category-non-classe","tag-2de","tag-actualite","tag-bts","tag-parents","tag-premiere","tag-terminale","post_format-post-format-status"],"_links":{"self":[{"href":"https:\/\/site.ac-martinique.fr\/lyc-paulettenardal\/index.php?rest_route=\/wp\/v2\/posts\/4006","targetHints":{"allow":["GET"]}}],"collection":[{"href":"https:\/\/site.ac-martinique.fr\/lyc-paulettenardal\/index.php?rest_route=\/wp\/v2\/posts"}],"about":[{"href":"https:\/\/site.ac-martinique.fr\/lyc-paulettenardal\/index.php?rest_route=\/wp\/v2\/types\/post"}],"author":[{"embeddable":true,"href":"https:\/\/site.ac-martinique.fr\/lyc-paulettenardal\/index.php?rest_route=\/wp\/v2\/users\/341"}],"replies":[{"embeddable":true,"href":"https:\/\/site.ac-martinique.fr\/lyc-paulettenardal\/index.php?rest_route=%2Fwp%2Fv2%2Fcomments&post=4006"}],"version-history":[{"count":9,"href":"https:\/\/site.ac-martinique.fr\/lyc-paulettenardal\/index.php?rest_route=\/wp\/v2\/posts\/4006\/revisions"}],"predecessor-version":[{"id":4017,"href":"https:\/\/site.ac-martinique.fr\/lyc-paulettenardal\/index.php?rest_route=\/wp\/v2\/posts\/4006\/revisions\/4017"}],"wp:attachment":[{"href":"https:\/\/site.ac-martinique.fr\/lyc-paulettenardal\/index.php?rest_route=%2Fwp%2Fv2%2Fmedia&parent=4006"}],"wp:term":[{"taxonomy":"category","embeddable":true,"href":"https:\/\/site.ac-martinique.fr\/lyc-paulettenardal\/index.php?rest_route=%2Fwp%2Fv2%2Fcategories&post=4006"},{"taxonomy":"post_tag","embeddable":true,"href":"https:\/\/site.ac-martinique.fr\/lyc-paulettenardal\/index.php?rest_route=%2Fwp%2Fv2%2Ftags&post=4006"}],"curies":[{"name":"wp","href":"https:\/\/api.w.org\/{rel}","templated":true}]}}