{"id":4316,"date":"2022-09-05T17:22:53","date_gmt":"2022-09-05T21:22:53","guid":{"rendered":"https:\/\/site.ac-martinique.fr\/lyc-paulettenardal\/?p=4316"},"modified":"2022-09-05T17:22:53","modified_gmt":"2022-09-05T21:22:53","slug":"le-projet-daccueil-individualise-pai","status":"publish","type":"post","link":"https:\/\/site.ac-martinique.fr\/lyc-paulettenardal\/?p=4316","title":{"rendered":"Le projet d&rsquo;accueil individualis\u00e9 (PAI)"},"content":{"rendered":"\n<p><strong>Le projet d\u2019accueil individualis\u00e9<\/strong> (PAI) d\u00e9finit les adaptations apport\u00e9es \u00e0 la scolarit\u00e9 de l\u2019enfant de l\u2019adolescent et de l\u2019\u00e9tudiant\u00a0: r\u00e9gimes alimentaires, am\u00e9nagements d\u2019horaires, dispenses de certaines activit\u00e9s et activit\u00e9s de substitution. Il est mis en place pour permettre aux \u00e9l\u00e8ves atteints de troubles de la sant\u00e9 \u00e9voluant sur une longue p\u00e9riode, de poursuivre leur scolarit\u00e9.<\/p>\n<p>Vous trouverez ci-joint le document standard ainsi que <strong>ces annexes<\/strong>\u00a0:<\/p>\n<p><strong>Les annexes correspondent<\/strong> \u00e0 la partie 3 du document qui sont variables en fonction de la pathologie de l\u2019\u00e9l\u00e8ve\u00a0:<\/p>\n<p><a href=\"https:\/\/site.ac-martinique.fr\/lyc-paulettenardal\/wp-content\/uploads\/sites\/38\/2022\/09\/document_pai_parties1et2.pdf\">document_pai_parties1et2<\/a><\/p>\n<ul>\n<li><a href=\"https:\/\/site.ac-martinique.fr\/lyc-paulettenardal\/wp-content\/uploads\/sites\/38\/2022\/09\/Fiche-standard.pdf\">Fiche standard<\/a>: tout autre type de pathologie que ci-dessous<\/li>\n<li><a href=\"https:\/\/site.ac-martinique.fr\/lyc-paulettenardal\/wp-content\/uploads\/sites\/38\/2022\/09\/Fiche-specifique-n\u00b001.pdf\">Fiche sp\u00e9cifique n\u00b001<\/a>: Asthme et pathologies respiratoires<\/li>\n<li><a href=\"https:\/\/site.ac-martinique.fr\/lyc-paulettenardal\/wp-content\/uploads\/sites\/38\/2022\/09\/Fiche-specifique-n\u00b002.pdf\">Fiche sp\u00e9cifique n\u00b002<\/a>: R\u00e9action allergique<\/li>\n<li><a href=\"https:\/\/site.ac-martinique.fr\/lyc-paulettenardal\/wp-content\/uploads\/sites\/38\/2022\/09\/Fiche-specifique-n\u00b003-a.pdf\">Fiche sp\u00e9cifique n\u00b003 a<\/a> : r\u00e9gularisation de la glyc\u00e9mie avec traitement par multi-injection (diab\u00e9tique sans pompe \u00e0 insuline).<\/li>\n<li><a href=\"https:\/\/site.ac-martinique.fr\/lyc-paulettenardal\/wp-content\/uploads\/sites\/38\/2022\/09\/Fiche-specifique-n\u00b003-b.pdf\">Fiche sp\u00e9cifique n\u00b003 b<\/a> : r\u00e9gularisation de la glyc\u00e9mie avec traitement par pompe (diab\u00e8te avec pompe \u00e0 insuline).<\/li>\n<li><a href=\"https:\/\/site.ac-martinique.fr\/lyc-paulettenardal\/wp-content\/uploads\/sites\/38\/2022\/09\/Fiche-specifique-n\u00b004.pdf\">Fiche sp\u00e9cifique n\u00b004<\/a>: crise convulsive<\/li>\n<li><a href=\"https:\/\/site.ac-martinique.fr\/lyc-paulettenardal\/wp-content\/uploads\/sites\/38\/2022\/09\/Fiche-specifique-n\u00b005.pdf\">Fiche sp\u00e9cifique n\u00b005<\/a>: complications li\u00e9es au traitement d\u2019une pathologie de longue dur\u00e9e onco-h\u00e9matologique<\/li>\n<li><a href=\"https:\/\/site.ac-martinique.fr\/lyc-paulettenardal\/wp-content\/uploads\/sites\/38\/2022\/09\/Fiche-specifique-n\u00b006.pdf\">Fiche sp\u00e9cifique n\u00b006<\/a>: Dr\u00e9panocytose.<\/li>\n<\/ul>\n<p><strong><u>Concernant les allergies alimentaires, vous devez utiliser la fiche sp\u00e9cifique n\u00b02 (r\u00e9action allergique) qui doit \u00eatre compl\u00e9t\u00e9 par un allergologue \u00e0 chaque rentr\u00e9e scolaire. <\/u><\/strong><\/p>\n","protected":false},"excerpt":{"rendered":"","protected":false},"author":119,"featured_media":0,"comment_status":"closed","ping_status":"closed","sticky":false,"template":"","format":"standard","meta":{"footnotes":""},"categories":[1],"tags":[],"class_list":["post-4316","post","type-post","status-publish","format-standard","hentry","category-non-classe"],"_links":{"self":[{"href":"https:\/\/site.ac-martinique.fr\/lyc-paulettenardal\/index.php?rest_route=\/wp\/v2\/posts\/4316","targetHints":{"allow":["GET"]}}],"collection":[{"href":"https:\/\/site.ac-martinique.fr\/lyc-paulettenardal\/index.php?rest_route=\/wp\/v2\/posts"}],"about":[{"href":"https:\/\/site.ac-martinique.fr\/lyc-paulettenardal\/index.php?rest_route=\/wp\/v2\/types\/post"}],"author":[{"embeddable":true,"href":"https:\/\/site.ac-martinique.fr\/lyc-paulettenardal\/index.php?rest_route=\/wp\/v2\/users\/119"}],"replies":[{"embeddable":true,"href":"https:\/\/site.ac-martinique.fr\/lyc-paulettenardal\/index.php?rest_route=%2Fwp%2Fv2%2Fcomments&post=4316"}],"version-history":[{"count":2,"href":"https:\/\/site.ac-martinique.fr\/lyc-paulettenardal\/index.php?rest_route=\/wp\/v2\/posts\/4316\/revisions"}],"predecessor-version":[{"id":4327,"href":"https:\/\/site.ac-martinique.fr\/lyc-paulettenardal\/index.php?rest_route=\/wp\/v2\/posts\/4316\/revisions\/4327"}],"wp:attachment":[{"href":"https:\/\/site.ac-martinique.fr\/lyc-paulettenardal\/index.php?rest_route=%2Fwp%2Fv2%2Fmedia&parent=4316"}],"wp:term":[{"taxonomy":"category","embeddable":true,"href":"https:\/\/site.ac-martinique.fr\/lyc-paulettenardal\/index.php?rest_route=%2Fwp%2Fv2%2Fcategories&post=4316"},{"taxonomy":"post_tag","embeddable":true,"href":"https:\/\/site.ac-martinique.fr\/lyc-paulettenardal\/index.php?rest_route=%2Fwp%2Fv2%2Ftags&post=4316"}],"curies":[{"name":"wp","href":"https:\/\/api.w.org\/{rel}","templated":true}]}}