{"id":4557,"date":"2023-11-23T09:00:06","date_gmt":"2023-11-23T13:00:06","guid":{"rendered":"https:\/\/site.ac-martinique.fr\/lyc-paulettenardal\/?p=4557"},"modified":"2023-12-16T22:28:37","modified_gmt":"2023-12-17T02:28:37","slug":"festival-en-pays-reve","status":"publish","type":"post","link":"https:\/\/site.ac-martinique.fr\/lyc-paulettenardal\/?p=4557","title":{"rendered":"Festival en pays r\u00eav\u00e9"},"content":{"rendered":"\n\n\n<figure class=\"wp-block-image size-large is-style-tw-border\"><a href=\"https:\/\/site.ac-martinique.fr\/lyc-paulettenardal\/wp-content\/uploads\/sites\/38\/2023\/11\/6ae77095-4b62-4392-9461-97cb73fb3aa5.jpg\"><img fetchpriority=\"high\" decoding=\"async\" width=\"730\" height=\"1024\" src=\"https:\/\/site.ac-martinique.fr\/lyc-paulettenardal\/wp-content\/uploads\/sites\/38\/2023\/11\/6ae77095-4b62-4392-9461-97cb73fb3aa5-730x1024.jpg\" alt=\"\" class=\"wp-image-4558\" srcset=\"https:\/\/site.ac-martinique.fr\/lyc-paulettenardal\/wp-content\/uploads\/sites\/38\/2023\/11\/6ae77095-4b62-4392-9461-97cb73fb3aa5-730x1024.jpg 730w, https:\/\/site.ac-martinique.fr\/lyc-paulettenardal\/wp-content\/uploads\/sites\/38\/2023\/11\/6ae77095-4b62-4392-9461-97cb73fb3aa5-214x300.jpg 214w, https:\/\/site.ac-martinique.fr\/lyc-paulettenardal\/wp-content\/uploads\/sites\/38\/2023\/11\/6ae77095-4b62-4392-9461-97cb73fb3aa5-768x1077.jpg 768w, https:\/\/site.ac-martinique.fr\/lyc-paulettenardal\/wp-content\/uploads\/sites\/38\/2023\/11\/6ae77095-4b62-4392-9461-97cb73fb3aa5.jpg 843w\" sizes=\"(max-width: 730px) 100vw, 730px\" \/><\/a><\/figure>\n\n\n\n<p>Le lyc\u00e9e Paulette NARDAL participe au festival en pays r\u00eav\u00e9 2023. Dans le cadre de cette belle f\u00eate litt\u00e9raire, nous aurons le plaisir de recevoir deux autrices de renom Natacha APPANAH ( lundi 13\/11\/2023).\u00a0\u00a0 Natacha APPANAH\u00a0\u00a0\u00a0nous pr\u00e9sentera\u00a0\u00a0Rien ne t\u2019appartient, paru en 2023 et La m\u00e9moire d\u00e9lav\u00e9e. Elle a re\u00e7u en 2022 le prix de la Langue Fran\u00e7aise pour l\u2019ensemble de son \u0153uvre.<\/p>\n<p>\u00a0<\/p>\n<p>\u00a0<\/p>\n<p>\u00a0<\/p>\n\n\n\n<figure class=\"wp-block-image size-large\"><a href=\"https:\/\/site.ac-martinique.fr\/lyc-paulettenardal\/wp-content\/uploads\/sites\/38\/2023\/11\/24405d7d-9fa8-4719-b160-b2d09d3810e4.jpg\"><img decoding=\"async\" width=\"1024\" height=\"1024\" src=\"https:\/\/site.ac-martinique.fr\/lyc-paulettenardal\/wp-content\/uploads\/sites\/38\/2023\/11\/24405d7d-9fa8-4719-b160-b2d09d3810e4-1024x1024.jpg\" alt=\"\" class=\"wp-image-4559\" srcset=\"https:\/\/site.ac-martinique.fr\/lyc-paulettenardal\/wp-content\/uploads\/sites\/38\/2023\/11\/24405d7d-9fa8-4719-b160-b2d09d3810e4-1024x1024.jpg 1024w, https:\/\/site.ac-martinique.fr\/lyc-paulettenardal\/wp-content\/uploads\/sites\/38\/2023\/11\/24405d7d-9fa8-4719-b160-b2d09d3810e4-300x300.jpg 300w, https:\/\/site.ac-martinique.fr\/lyc-paulettenardal\/wp-content\/uploads\/sites\/38\/2023\/11\/24405d7d-9fa8-4719-b160-b2d09d3810e4-150x150.jpg 150w, https:\/\/site.ac-martinique.fr\/lyc-paulettenardal\/wp-content\/uploads\/sites\/38\/2023\/11\/24405d7d-9fa8-4719-b160-b2d09d3810e4-768x768.jpg 768w, https:\/\/site.ac-martinique.fr\/lyc-paulettenardal\/wp-content\/uploads\/sites\/38\/2023\/11\/24405d7d-9fa8-4719-b160-b2d09d3810e4-75x75.jpg 75w, https:\/\/site.ac-martinique.fr\/lyc-paulettenardal\/wp-content\/uploads\/sites\/38\/2023\/11\/24405d7d-9fa8-4719-b160-b2d09d3810e4.jpg 1080w\" sizes=\"(max-width: 767px) 89vw, (max-width: 1000px) 54vw, (max-width: 1071px) 543px, 580px\" \/><\/a><\/figure>\n\n\n\n<p>Mercredi 15\/11\/2023 , nous recevrons la laur\u00e9ate de nombreux prix litt\u00e9raires en France, en Espagne et au Mexique, son \u0153uvre est traduite dans une dizaine de langues et elle est aujourd\u2019hui consid\u00e9r\u00e9e comme l\u2019une des\u00a0<a tabindex=\"0\" href=\"https:\/\/www.facebook.com\/hashtag\/romanci%C3%A8res?__eep__=6&amp;__cft__[0]=AZVTgQRQlyC4Dj2Vs20Mauv4seYI2slriBTllhU8bLBS6pktyR6QGXOD4H0Ig6AhfctQRYPuFjyC6rqGTJTJM6fDArx8S_Ll7dTYyyteqltrWbBXgqg755yk74L9Fa8y4zzQecivAEI0SY1frpEVypXG9cqkMtRw5QWKPmi39e22sYxKfC8IjmjektBh38qvMX8&amp;__tn__=*NK-R\">\u200b<\/a><a tabindex=\"0\" href=\"https:\/\/www.facebook.com\/hashtag\/romanci%C3%A8res?__eep__=6&amp;__cft__[0]=AZVTgQRQlyC4Dj2Vs20Mauv4seYI2slriBTllhU8bLBS6pktyR6QGXOD4H0Ig6AhfctQRYPuFjyC6rqGTJTJM6fDArx8S_Ll7dTYyyteqltrWbBXgqg755yk74L9Fa8y4zzQecivAEI0SY1frpEVypXG9cqkMtRw5QWKPmi39e22sYxKfC8IjmjektBh38qvMX8&amp;__tn__=*NK-R\">romanci\u00e8res<\/a><a tabindex=\"0\" href=\"https:\/\/www.facebook.com\/hashtag\/romanci%C3%A8res?__eep__=6&amp;__cft__[0]=AZVTgQRQlyC4Dj2Vs20Mauv4seYI2slriBTllhU8bLBS6pktyR6QGXOD4H0Ig6AhfctQRYPuFjyC6rqGTJTJM6fDArx8S_Ll7dTYyyteqltrWbBXgqg755yk74L9Fa8y4zzQecivAEI0SY1frpEVypXG9cqkMtRw5QWKPmi39e22sYxKfC8IjmjektBh38qvMX8&amp;__tn__=*NK-R\">\u200b<\/a>\u00a0les plus lumineuses de la litt\u00e9rature latino-am\u00e9ricaine : Guadalupe NETTEL.\u00a0<\/p>\n\n\n\n<figure class=\"wp-block-image size-large\"><a href=\"https:\/\/site.ac-martinique.fr\/lyc-paulettenardal\/wp-content\/uploads\/sites\/38\/2023\/11\/48ef65ae-c3ff-44f1-a7fc-91de07716234.jpg\"><img decoding=\"async\" width=\"1024\" height=\"1024\" src=\"https:\/\/site.ac-martinique.fr\/lyc-paulettenardal\/wp-content\/uploads\/sites\/38\/2023\/11\/48ef65ae-c3ff-44f1-a7fc-91de07716234-1024x1024.jpg\" alt=\"\" class=\"wp-image-4560\" srcset=\"https:\/\/site.ac-martinique.fr\/lyc-paulettenardal\/wp-content\/uploads\/sites\/38\/2023\/11\/48ef65ae-c3ff-44f1-a7fc-91de07716234-1024x1024.jpg 1024w, https:\/\/site.ac-martinique.fr\/lyc-paulettenardal\/wp-content\/uploads\/sites\/38\/2023\/11\/48ef65ae-c3ff-44f1-a7fc-91de07716234-300x300.jpg 300w, https:\/\/site.ac-martinique.fr\/lyc-paulettenardal\/wp-content\/uploads\/sites\/38\/2023\/11\/48ef65ae-c3ff-44f1-a7fc-91de07716234-150x150.jpg 150w, https:\/\/site.ac-martinique.fr\/lyc-paulettenardal\/wp-content\/uploads\/sites\/38\/2023\/11\/48ef65ae-c3ff-44f1-a7fc-91de07716234-768x768.jpg 768w, https:\/\/site.ac-martinique.fr\/lyc-paulettenardal\/wp-content\/uploads\/sites\/38\/2023\/11\/48ef65ae-c3ff-44f1-a7fc-91de07716234-75x75.jpg 75w, https:\/\/site.ac-martinique.fr\/lyc-paulettenardal\/wp-content\/uploads\/sites\/38\/2023\/11\/48ef65ae-c3ff-44f1-a7fc-91de07716234.jpg 1080w\" sizes=\"(max-width: 767px) 89vw, (max-width: 1000px) 54vw, (max-width: 1071px) 543px, 580px\" \/><\/a><\/figure>\n\n\n\n<div>e compte \u00e0 rebours est lanc\u00e9, rendez-vous lundi avec les \u00e9l\u00e8ves de seconde 01 et 1\u00e8re LLCER pour la premi\u00e8re rencontre.\u00a0<\/div>\n<div>\u200b<\/div>\n<div>D&rsquo;autres rencontres litt\u00e9raires sont programm\u00e9es dans les lieux cultures de l&rsquo;\u00eele , du Nord au Sud vous pourrez participer \u00e0\u00a0ce\u00a0<em>rendez-vous des\u00a0 amoureux de litt\u00e9rature et de po\u00e9sie .<\/em><\/div>\n\n\n\n<figure class=\"wp-block-image size-full\"><a href=\"https:\/\/site.ac-martinique.fr\/lyc-paulettenardal\/wp-content\/uploads\/sites\/38\/2023\/11\/26d4df16-c454-491d-a1ca-e4013b84064d.jpg\"><img loading=\"lazy\" decoding=\"async\" width=\"843\" height=\"843\" src=\"https:\/\/site.ac-martinique.fr\/lyc-paulettenardal\/wp-content\/uploads\/sites\/38\/2023\/11\/26d4df16-c454-491d-a1ca-e4013b84064d.jpg\" alt=\"\" class=\"wp-image-4561\" srcset=\"https:\/\/site.ac-martinique.fr\/lyc-paulettenardal\/wp-content\/uploads\/sites\/38\/2023\/11\/26d4df16-c454-491d-a1ca-e4013b84064d.jpg 843w, https:\/\/site.ac-martinique.fr\/lyc-paulettenardal\/wp-content\/uploads\/sites\/38\/2023\/11\/26d4df16-c454-491d-a1ca-e4013b84064d-300x300.jpg 300w, https:\/\/site.ac-martinique.fr\/lyc-paulettenardal\/wp-content\/uploads\/sites\/38\/2023\/11\/26d4df16-c454-491d-a1ca-e4013b84064d-150x150.jpg 150w, https:\/\/site.ac-martinique.fr\/lyc-paulettenardal\/wp-content\/uploads\/sites\/38\/2023\/11\/26d4df16-c454-491d-a1ca-e4013b84064d-768x768.jpg 768w, https:\/\/site.ac-martinique.fr\/lyc-paulettenardal\/wp-content\/uploads\/sites\/38\/2023\/11\/26d4df16-c454-491d-a1ca-e4013b84064d-75x75.jpg 75w\" sizes=\"(max-width: 767px) 89vw, (max-width: 1000px) 54vw, (max-width: 1071px) 543px, 580px\" \/><\/a><\/figure>\n\n\n\n<p>Plus d&rsquo;infos sur votre portail : <a href=\"https:\/\/9720825p.esidoc.fr\/\">https:\/\/9720825p.esidoc.fr\/<\/a><\/p>\n","protected":false},"excerpt":{"rendered":"","protected":false},"author":187,"featured_media":0,"comment_status":"closed","ping_status":"closed","sticky":false,"template":"","format":"standard","meta":{"footnotes":""},"categories":[23],"tags":[],"class_list":["post-4557","post","type-post","status-publish","format-standard","hentry","category-actu"],"_links":{"self":[{"href":"https:\/\/site.ac-martinique.fr\/lyc-paulettenardal\/index.php?rest_route=\/wp\/v2\/posts\/4557","targetHints":{"allow":["GET"]}}],"collection":[{"href":"https:\/\/site.ac-martinique.fr\/lyc-paulettenardal\/index.php?rest_route=\/wp\/v2\/posts"}],"about":[{"href":"https:\/\/site.ac-martinique.fr\/lyc-paulettenardal\/index.php?rest_route=\/wp\/v2\/types\/post"}],"author":[{"embeddable":true,"href":"https:\/\/site.ac-martinique.fr\/lyc-paulettenardal\/index.php?rest_route=\/wp\/v2\/users\/187"}],"replies":[{"embeddable":true,"href":"https:\/\/site.ac-martinique.fr\/lyc-paulettenardal\/index.php?rest_route=%2Fwp%2Fv2%2Fcomments&post=4557"}],"version-history":[{"count":1,"href":"https:\/\/site.ac-martinique.fr\/lyc-paulettenardal\/index.php?rest_route=\/wp\/v2\/posts\/4557\/revisions"}],"predecessor-version":[{"id":4562,"href":"https:\/\/site.ac-martinique.fr\/lyc-paulettenardal\/index.php?rest_route=\/wp\/v2\/posts\/4557\/revisions\/4562"}],"wp:attachment":[{"href":"https:\/\/site.ac-martinique.fr\/lyc-paulettenardal\/index.php?rest_route=%2Fwp%2Fv2%2Fmedia&parent=4557"}],"wp:term":[{"taxonomy":"category","embeddable":true,"href":"https:\/\/site.ac-martinique.fr\/lyc-paulettenardal\/index.php?rest_route=%2Fwp%2Fv2%2Fcategories&post=4557"},{"taxonomy":"post_tag","embeddable":true,"href":"https:\/\/site.ac-martinique.fr\/lyc-paulettenardal\/index.php?rest_route=%2Fwp%2Fv2%2Ftags&post=4557"}],"curies":[{"name":"wp","href":"https:\/\/api.w.org\/{rel}","templated":true}]}}