{"id":4740,"date":"2024-09-09T12:31:57","date_gmt":"2024-09-09T16:31:57","guid":{"rendered":"https:\/\/site.ac-martinique.fr\/lyc-paulettenardal\/?p=4740"},"modified":"2024-09-09T12:31:58","modified_gmt":"2024-09-09T16:31:58","slug":"lundi-9-septembre-vigilance-meteo-passage-en-alerte-orange","status":"publish","type":"post","link":"https:\/\/site.ac-martinique.fr\/lyc-paulettenardal\/?p=4740","title":{"rendered":"Lundi 9 septembre : Vigilance M\u00e9t\u00e9o passage en alerte orange"},"content":{"rendered":"\n\n\n<div class=\"row\">\n<div class=\"row horizontal-spacing\">\n<div class=\"twelve cell escape_cke no-margin-all lct-mail-reader ng-isolate-scope\">\n<div class=\"ng-scope\">\n<div class=\"ng-scope\">Mesdames, Messieurs,<\/div>\n<div>\u200b<\/div>\n<div>\u200bLe Rectorat vient de nous transmettre les premi\u00e8res consignes \u00e0 tenir \u00e0 la suite du passage en alerte orange :<\/div>\n<div>\u200b<\/div>\n<div>\u200bLa pr\u00e9fecture a diffus\u00e9 \u00e0 07H00 ce matin un bulletin qui place la Martinique en vigilance orange, il nous est demand\u00e9, compte tenu des difficult\u00e9s importantes rencontr\u00e9es sur les axes routiers \u00e0 cause de l&rsquo;accumulation des fortes pluies, de bien vouloir garder les \u00e9l\u00e8ves en s\u00e9curit\u00e9 dans les \u00e9tablissements en attendant les informations officielles de la pr\u00e9fecture en milieu ou en fin de matin\u00e9e.<\/div>\n<div>\u200b<\/div>\n<div>Nous invitons parents et personnels \u00e0 \u00eatre prudents sur la route et \u00e0 ne pas circuler. A ce stade, il n&rsquo;est demand\u00e9 de venir r\u00e9cup\u00e9rer votre enfant.<\/div>\n<div>\u200b<\/div>\n<div>\u200bNous reviendrons vers vous d\u00e8s que nous aurons des informations suppl\u00e9mentaires.<\/div>\n<div>\u200b<\/div>\n<div>\u200bVous trouverez ci-dessous des rappels de consignes de comportement.<\/div>\n<div>\u200b<\/div>\n<div>\u200b<\/div>\n<div>Conseils de comportement<\/div>\n<div>OI1 : Prenez connaissance des bulletins m\u00e9t\u00e9o et des consignes de comportement (Internet, r\u00e9pondeur, radio et t\u00e9l\u00e9vision).<br \/>OI2 : Evitez au maximum les sorties dans les zones expos\u00e9es : mer, montagne, for\u00eat, littoral.<br \/><br \/>OI3 : Soyez tr\u00e8s prudent \u00e0 proximit\u00e9 des cours d&rsquo;eau . Les passages de gu\u00e9 peuvent devenir vite tr\u00e8s dangereux. Evitez au maximum leurs travers\u00e9es.<br \/>OI4 : Si vous habitez en zone inondable, mettez en s\u00e9curit\u00e9 vos biens susceptibles d\u2019\u00eatre endommag\u00e9s et surveillez la mont\u00e9e des eaux.<br \/>OI5 : Si votre habitation peut \u00eatre menac\u00e9e par un glissement de terrain, pr\u00e9parez vous \u00e0 l\u2019\u00e9vacuer rapidement.<br \/>OI6 : En cas d\u2019orage , \u00e9vitez l\u2019utilisation des t\u00e9l\u00e9phones et des appareils \u00e9lectriques. Ne vous abritez pas dans une zone bois\u00e9e, tout pr\u00e8s de pyl\u00f4nes ou poteaux, ni sous un arbre isol\u00e9.<\/div>\n<div class=\"ng-scope\">\u200b<\/div>\n<div class=\"ng-scope\">Bien cordialement,<\/div>\n<div>\u200b<\/div>\n<div>\u200bLe Proviseur<\/div>\n<div class=\"signature new-signature ng-scope\">\u00a0<\/div>\n<\/div>\n<\/div>\n<\/div>\n<\/div>\n","protected":false},"excerpt":{"rendered":"","protected":false},"author":119,"featured_media":4742,"comment_status":"closed","ping_status":"closed","sticky":false,"template":"","format":"standard","meta":{"footnotes":""},"categories":[1],"tags":[],"class_list":["post-4740","post","type-post","status-publish","format-standard","has-post-thumbnail","hentry","category-non-classe"],"_links":{"self":[{"href":"https:\/\/site.ac-martinique.fr\/lyc-paulettenardal\/index.php?rest_route=\/wp\/v2\/posts\/4740","targetHints":{"allow":["GET"]}}],"collection":[{"href":"https:\/\/site.ac-martinique.fr\/lyc-paulettenardal\/index.php?rest_route=\/wp\/v2\/posts"}],"about":[{"href":"https:\/\/site.ac-martinique.fr\/lyc-paulettenardal\/index.php?rest_route=\/wp\/v2\/types\/post"}],"author":[{"embeddable":true,"href":"https:\/\/site.ac-martinique.fr\/lyc-paulettenardal\/index.php?rest_route=\/wp\/v2\/users\/119"}],"replies":[{"embeddable":true,"href":"https:\/\/site.ac-martinique.fr\/lyc-paulettenardal\/index.php?rest_route=%2Fwp%2Fv2%2Fcomments&post=4740"}],"version-history":[{"count":1,"href":"https:\/\/site.ac-martinique.fr\/lyc-paulettenardal\/index.php?rest_route=\/wp\/v2\/posts\/4740\/revisions"}],"predecessor-version":[{"id":4741,"href":"https:\/\/site.ac-martinique.fr\/lyc-paulettenardal\/index.php?rest_route=\/wp\/v2\/posts\/4740\/revisions\/4741"}],"wp:featuredmedia":[{"embeddable":true,"href":"https:\/\/site.ac-martinique.fr\/lyc-paulettenardal\/index.php?rest_route=\/wp\/v2\/media\/4742"}],"wp:attachment":[{"href":"https:\/\/site.ac-martinique.fr\/lyc-paulettenardal\/index.php?rest_route=%2Fwp%2Fv2%2Fmedia&parent=4740"}],"wp:term":[{"taxonomy":"category","embeddable":true,"href":"https:\/\/site.ac-martinique.fr\/lyc-paulettenardal\/index.php?rest_route=%2Fwp%2Fv2%2Fcategories&post=4740"},{"taxonomy":"post_tag","embeddable":true,"href":"https:\/\/site.ac-martinique.fr\/lyc-paulettenardal\/index.php?rest_route=%2Fwp%2Fv2%2Ftags&post=4740"}],"curies":[{"name":"wp","href":"https:\/\/api.w.org\/{rel}","templated":true}]}}