{"id":4775,"date":"2025-01-07T09:42:22","date_gmt":"2025-01-07T13:42:22","guid":{"rendered":"https:\/\/site.ac-martinique.fr\/lyc-paulettenardal\/?p=4775"},"modified":"2025-01-07T14:17:45","modified_gmt":"2025-01-07T18:17:45","slug":"communique-portes-ouvertes-samedi-11-ranvier-2025","status":"publish","type":"post","link":"https:\/\/site.ac-martinique.fr\/lyc-paulettenardal\/?p=4775","title":{"rendered":"Communiqu\u00e9 Portes ouvertes : Samedi 11 janvier 2025"},"content":{"rendered":"\n\n\n<p>Le Lyc\u00e9e Paulette Nardal de Ducos vous donne rendez-vous ce samedi 11 janvier 2025 pour sa journ\u00e9e Portes Ouvertes, de 08h30 \u00e0 10h30.\u00a0\u00a0<\/p>\n<p>\u00a0<\/p>\n<p><a href=\"https:\/\/site.ac-martinique.fr\/lyc-paulettenardal\/wp-content\/uploads\/sites\/38\/2025\/01\/portes-ouvertes-scaled.jpg\"><img fetchpriority=\"high\" decoding=\"async\" class=\"alignnone size-medium wp-image-4777\" src=\"https:\/\/site.ac-martinique.fr\/lyc-paulettenardal\/wp-content\/uploads\/sites\/38\/2025\/01\/portes-ouvertes-212x300.jpg\" alt=\"\" width=\"212\" height=\"300\" srcset=\"https:\/\/site.ac-martinique.fr\/lyc-paulettenardal\/wp-content\/uploads\/sites\/38\/2025\/01\/portes-ouvertes-212x300.jpg 212w, https:\/\/site.ac-martinique.fr\/lyc-paulettenardal\/wp-content\/uploads\/sites\/38\/2025\/01\/portes-ouvertes-724x1024.jpg 724w, https:\/\/site.ac-martinique.fr\/lyc-paulettenardal\/wp-content\/uploads\/sites\/38\/2025\/01\/portes-ouvertes-768x1086.jpg 768w, https:\/\/site.ac-martinique.fr\/lyc-paulettenardal\/wp-content\/uploads\/sites\/38\/2025\/01\/portes-ouvertes-1086x1536.jpg 1086w, https:\/\/site.ac-martinique.fr\/lyc-paulettenardal\/wp-content\/uploads\/sites\/38\/2025\/01\/portes-ouvertes-1449x2048.jpg 1449w, https:\/\/site.ac-martinique.fr\/lyc-paulettenardal\/wp-content\/uploads\/sites\/38\/2025\/01\/portes-ouvertes-1140x1612.jpg 1140w, https:\/\/site.ac-martinique.fr\/lyc-paulettenardal\/wp-content\/uploads\/sites\/38\/2025\/01\/portes-ouvertes-scaled.jpg 1811w\" sizes=\"(max-width: 212px) 100vw, 212px\" \/><\/a><\/p>\n","protected":false},"excerpt":{"rendered":"","protected":false},"author":119,"featured_media":4781,"comment_status":"closed","ping_status":"closed","sticky":false,"template":"","format":"standard","meta":{"footnotes":""},"categories":[23],"tags":[],"class_list":["post-4775","post","type-post","status-publish","format-standard","has-post-thumbnail","hentry","category-actu"],"_links":{"self":[{"href":"https:\/\/site.ac-martinique.fr\/lyc-paulettenardal\/index.php?rest_route=\/wp\/v2\/posts\/4775","targetHints":{"allow":["GET"]}}],"collection":[{"href":"https:\/\/site.ac-martinique.fr\/lyc-paulettenardal\/index.php?rest_route=\/wp\/v2\/posts"}],"about":[{"href":"https:\/\/site.ac-martinique.fr\/lyc-paulettenardal\/index.php?rest_route=\/wp\/v2\/types\/post"}],"author":[{"embeddable":true,"href":"https:\/\/site.ac-martinique.fr\/lyc-paulettenardal\/index.php?rest_route=\/wp\/v2\/users\/119"}],"replies":[{"embeddable":true,"href":"https:\/\/site.ac-martinique.fr\/lyc-paulettenardal\/index.php?rest_route=%2Fwp%2Fv2%2Fcomments&post=4775"}],"version-history":[{"count":3,"href":"https:\/\/site.ac-martinique.fr\/lyc-paulettenardal\/index.php?rest_route=\/wp\/v2\/posts\/4775\/revisions"}],"predecessor-version":[{"id":4788,"href":"https:\/\/site.ac-martinique.fr\/lyc-paulettenardal\/index.php?rest_route=\/wp\/v2\/posts\/4775\/revisions\/4788"}],"wp:featuredmedia":[{"embeddable":true,"href":"https:\/\/site.ac-martinique.fr\/lyc-paulettenardal\/index.php?rest_route=\/wp\/v2\/media\/4781"}],"wp:attachment":[{"href":"https:\/\/site.ac-martinique.fr\/lyc-paulettenardal\/index.php?rest_route=%2Fwp%2Fv2%2Fmedia&parent=4775"}],"wp:term":[{"taxonomy":"category","embeddable":true,"href":"https:\/\/site.ac-martinique.fr\/lyc-paulettenardal\/index.php?rest_route=%2Fwp%2Fv2%2Fcategories&post=4775"},{"taxonomy":"post_tag","embeddable":true,"href":"https:\/\/site.ac-martinique.fr\/lyc-paulettenardal\/index.php?rest_route=%2Fwp%2Fv2%2Ftags&post=4775"}],"curies":[{"name":"wp","href":"https:\/\/api.w.org\/{rel}","templated":true}]}}