{"id":4791,"date":"2025-01-21T13:23:43","date_gmt":"2025-01-21T17:23:43","guid":{"rendered":"https:\/\/site.ac-martinique.fr\/lyc-paulettenardal\/?p=4791"},"modified":"2025-01-21T13:33:18","modified_gmt":"2025-01-21T17:33:18","slug":"journee-franco-allemande","status":"publish","type":"post","link":"https:\/\/site.ac-martinique.fr\/lyc-paulettenardal\/?p=4791","title":{"rendered":"Journ\u00e9e franco-allemande"},"content":{"rendered":"\n\n\n\n\n<figure class=\"wp-block-image size-large\"><a href=\"https:\/\/site.ac-martinique.fr\/lyc-paulettenardal\/wp-content\/uploads\/sites\/38\/2025\/01\/journee.png\"><img fetchpriority=\"high\" decoding=\"async\" width=\"1024\" height=\"360\" src=\"https:\/\/site.ac-martinique.fr\/lyc-paulettenardal\/wp-content\/uploads\/sites\/38\/2025\/01\/journee-1024x360.png\" alt=\"\" class=\"wp-image-4792\" srcset=\"https:\/\/site.ac-martinique.fr\/lyc-paulettenardal\/wp-content\/uploads\/sites\/38\/2025\/01\/journee-1024x360.png 1024w, https:\/\/site.ac-martinique.fr\/lyc-paulettenardal\/wp-content\/uploads\/sites\/38\/2025\/01\/journee-300x106.png 300w, https:\/\/site.ac-martinique.fr\/lyc-paulettenardal\/wp-content\/uploads\/sites\/38\/2025\/01\/journee-768x270.png 768w, https:\/\/site.ac-martinique.fr\/lyc-paulettenardal\/wp-content\/uploads\/sites\/38\/2025\/01\/journee-1536x540.png 1536w, https:\/\/site.ac-martinique.fr\/lyc-paulettenardal\/wp-content\/uploads\/sites\/38\/2025\/01\/journee-2048x720.png 2048w, https:\/\/site.ac-martinique.fr\/lyc-paulettenardal\/wp-content\/uploads\/sites\/38\/2025\/01\/journee-1140x401.png 1140w\" sizes=\"(max-width: 767px) 89vw, (max-width: 1000px) 54vw, (max-width: 1071px) 543px, 580px\" \/><\/a><\/figure>\n\n\n\n<p><\/p>\n\n\n\n<p><\/p>\n\n\n\n<p><\/p>\n\n\n\n<p><\/p>\n\n\n\n<p>La date symbolique du 22 janvier a \u00e9t\u00e9 choisie en 2003, lors du 40e anniversaire du Trait\u00e9 de l\u2019\u00c9lys\u00e9e, qui portait l\u2019ambition d\u2019ancrer la r\u00e9conciliation franco-allemande au sein de la soci\u00e9t\u00e9, en particulier par le biais de la culture et des \u00e9changes de jeunes.\u00a0https:\/\/www.education.gouv.fr\/22-janvier-journee-franco-allemande-5513<\/p>\n<p>Vous\u00a0 trouverez en aliquant sur le lien suivant les productions des \u00e9l\u00e8ves de 1\u00e8re et terminale AP defense r\u00e9alis\u00e9es ave la professeur d&rsquo;allemand Mme Dubreucq pour rette journ\u00e9e franco-allememande.<\/p>\n<p><a title=\"http:\/\/www.pearltrees.com\/marthebertide\/journee-franco-allemande\/id89460787\" href=\"http:\/\/www.pearltrees.com\/marthebertide\/journee-franco-allemande\/id89460787\" target=\"_blank\" rel=\"noopener\">http:\/\/www.pearltrees.com\/marthebertide\/journee-franco-allemande\/id89460787<\/a><\/p>\n","protected":false},"excerpt":{"rendered":"","protected":false},"author":187,"featured_media":4799,"comment_status":"closed","ping_status":"closed","sticky":false,"template":"","format":"standard","meta":{"footnotes":""},"categories":[23],"tags":[],"class_list":["post-4791","post","type-post","status-publish","format-standard","has-post-thumbnail","hentry","category-actu"],"_links":{"self":[{"href":"https:\/\/site.ac-martinique.fr\/lyc-paulettenardal\/index.php?rest_route=\/wp\/v2\/posts\/4791","targetHints":{"allow":["GET"]}}],"collection":[{"href":"https:\/\/site.ac-martinique.fr\/lyc-paulettenardal\/index.php?rest_route=\/wp\/v2\/posts"}],"about":[{"href":"https:\/\/site.ac-martinique.fr\/lyc-paulettenardal\/index.php?rest_route=\/wp\/v2\/types\/post"}],"author":[{"embeddable":true,"href":"https:\/\/site.ac-martinique.fr\/lyc-paulettenardal\/index.php?rest_route=\/wp\/v2\/users\/187"}],"replies":[{"embeddable":true,"href":"https:\/\/site.ac-martinique.fr\/lyc-paulettenardal\/index.php?rest_route=%2Fwp%2Fv2%2Fcomments&post=4791"}],"version-history":[{"count":2,"href":"https:\/\/site.ac-martinique.fr\/lyc-paulettenardal\/index.php?rest_route=\/wp\/v2\/posts\/4791\/revisions"}],"predecessor-version":[{"id":4795,"href":"https:\/\/site.ac-martinique.fr\/lyc-paulettenardal\/index.php?rest_route=\/wp\/v2\/posts\/4791\/revisions\/4795"}],"wp:featuredmedia":[{"embeddable":true,"href":"https:\/\/site.ac-martinique.fr\/lyc-paulettenardal\/index.php?rest_route=\/wp\/v2\/media\/4799"}],"wp:attachment":[{"href":"https:\/\/site.ac-martinique.fr\/lyc-paulettenardal\/index.php?rest_route=%2Fwp%2Fv2%2Fmedia&parent=4791"}],"wp:term":[{"taxonomy":"category","embeddable":true,"href":"https:\/\/site.ac-martinique.fr\/lyc-paulettenardal\/index.php?rest_route=%2Fwp%2Fv2%2Fcategories&post=4791"},{"taxonomy":"post_tag","embeddable":true,"href":"https:\/\/site.ac-martinique.fr\/lyc-paulettenardal\/index.php?rest_route=%2Fwp%2Fv2%2Ftags&post=4791"}],"curies":[{"name":"wp","href":"https:\/\/api.w.org\/{rel}","templated":true}]}}