{"id":4801,"date":"2025-03-01T17:03:30","date_gmt":"2025-03-01T21:03:30","guid":{"rendered":"https:\/\/site.ac-martinique.fr\/lyc-paulettenardal\/?p=4801"},"modified":"2025-03-01T17:07:25","modified_gmt":"2025-03-01T21:07:25","slug":"projet-guide-conferencier-junior-en-langue-anglaise-etape-2","status":"publish","type":"post","link":"https:\/\/site.ac-martinique.fr\/lyc-paulettenardal\/?p=4801","title":{"rendered":"Projet \u00ab\u00a0Guide-conf\u00e9rencier junior en langue anglaise\u00a0\u00bb\u00a0: \u00e9tape 2"},"content":{"rendered":"\n\n\n<p align=\"justify\"><span style=\"font-family: Calibri Light, serif;\">La 2<\/span><sup><span style=\"font-family: Calibri Light, serif;\">\u00e8me<\/span><\/sup><span style=\"font-family: Calibri Light, serif;\"> \u00e9tape du projet a eu lieu dans la matin\u00e9e du vendredi 14 f\u00e9vrier 2025 o\u00f9 un groupe d\u2019\u00e9l\u00e8ves de Terminale EURO sont retourn\u00e9s \u00e0 la Pagerie afin de faire visiter en anglais le lieu de naissance de l\u2019imp\u00e9ratrice Jos\u00e9phine \u00e0 un groupe de 25 croisi\u00e9ristes am\u00e9ricains. <\/span><\/p>\n\n\n\n<figure class=\"wp-block-image size-large\"><a href=\"https:\/\/site.ac-martinique.fr\/lyc-paulettenardal\/wp-content\/uploads\/sites\/38\/2025\/03\/photo-2.jpg\"><img fetchpriority=\"high\" decoding=\"async\" width=\"1024\" height=\"576\" src=\"https:\/\/site.ac-martinique.fr\/lyc-paulettenardal\/wp-content\/uploads\/sites\/38\/2025\/03\/photo-2-1024x576.jpg\" alt=\"\" class=\"wp-image-4803\" srcset=\"https:\/\/site.ac-martinique.fr\/lyc-paulettenardal\/wp-content\/uploads\/sites\/38\/2025\/03\/photo-2-1024x576.jpg 1024w, https:\/\/site.ac-martinique.fr\/lyc-paulettenardal\/wp-content\/uploads\/sites\/38\/2025\/03\/photo-2-300x169.jpg 300w, https:\/\/site.ac-martinique.fr\/lyc-paulettenardal\/wp-content\/uploads\/sites\/38\/2025\/03\/photo-2-768x432.jpg 768w, https:\/\/site.ac-martinique.fr\/lyc-paulettenardal\/wp-content\/uploads\/sites\/38\/2025\/03\/photo-2-1140x641.jpg 1140w, https:\/\/site.ac-martinique.fr\/lyc-paulettenardal\/wp-content\/uploads\/sites\/38\/2025\/03\/photo-2.jpg 1280w\" sizes=\"(max-width: 767px) 89vw, (max-width: 1000px) 54vw, (max-width: 1071px) 543px, 580px\" \/><\/a><\/figure>\n\n\n\n<p align=\"justify\"><span style=\"font-family: Calibri Light, serif;\">Nos \u00e9l\u00e8ves ont \u00e9t\u00e9 honor\u00e9s par la confiance que M. J\u00e9r\u00e9mie VICTOR, le guide professionnel, a plac\u00e9 en eux et ont su relever avec \u00e9motion et brio ce challenge tr\u00e8s stimulant qui leur a donn\u00e9 une occasion unique et authentique de s\u2019exprimer dans un anglais de bonne tenue face \u00e0 un public captiv\u00e9. Leurs professeurs de section EURO, Mmes LENDA et VALL\u00c9E, ont naturellement ressenti beaucoup de fiert\u00e9 envers leurs guides-conf\u00e9renciers en herbe. <\/span><\/p>\n<p align=\"justify\">\u00a0<\/p>\n\n\n\n\n\n<figure class=\"wp-block-image size-full\"><a href=\"https:\/\/site.ac-martinique.fr\/lyc-paulettenardal\/wp-content\/uploads\/sites\/38\/2025\/03\/photo-3.png\"><img decoding=\"async\" width=\"859\" height=\"471\" src=\"https:\/\/site.ac-martinique.fr\/lyc-paulettenardal\/wp-content\/uploads\/sites\/38\/2025\/03\/photo-3.png\" alt=\"\" class=\"wp-image-4804\" srcset=\"https:\/\/site.ac-martinique.fr\/lyc-paulettenardal\/wp-content\/uploads\/sites\/38\/2025\/03\/photo-3.png 859w, https:\/\/site.ac-martinique.fr\/lyc-paulettenardal\/wp-content\/uploads\/sites\/38\/2025\/03\/photo-3-300x164.png 300w, https:\/\/site.ac-martinique.fr\/lyc-paulettenardal\/wp-content\/uploads\/sites\/38\/2025\/03\/photo-3-768x421.png 768w\" sizes=\"(max-width: 767px) 89vw, (max-width: 1000px) 54vw, (max-width: 1071px) 543px, 580px\" \/><\/a><\/figure>\n\n\n\n<p align=\"justify\"><span style=\"font-family: Calibri Light, serif;\">Une exp\u00e9rience aussi agr\u00e9able et \u00e9ducative ne peut pas s\u2019arr\u00eater l\u00e0. Impressionn\u00e9 par leur premi\u00e8re prestation prometteuse, M. VICTOR a donn\u00e9 des conseils compl\u00e9mentaires aux \u00e9l\u00e8ves et souhaiterait les faire revenir afin qu\u2019ils peaufinent leurs expos\u00e9s face \u00e0 d\u2019autres touristes. L\u2019aventure continue\u00a0!<\/span><\/p>\n<p align=\"justify\">\u00a0<\/p>\n\n\n\n<figure class=\"wp-block-image size-full\"><a href=\"https:\/\/site.ac-martinique.fr\/lyc-paulettenardal\/wp-content\/uploads\/sites\/38\/2025\/03\/photo-4.jpg\"><img decoding=\"async\" width=\"700\" height=\"394\" src=\"https:\/\/site.ac-martinique.fr\/lyc-paulettenardal\/wp-content\/uploads\/sites\/38\/2025\/03\/photo-4.jpg\" alt=\"\" class=\"wp-image-4805\" srcset=\"https:\/\/site.ac-martinique.fr\/lyc-paulettenardal\/wp-content\/uploads\/sites\/38\/2025\/03\/photo-4.jpg 700w, https:\/\/site.ac-martinique.fr\/lyc-paulettenardal\/wp-content\/uploads\/sites\/38\/2025\/03\/photo-4-300x169.jpg 300w\" sizes=\"(max-width: 700px) 100vw, 700px\" \/><\/a><\/figure>\n\n\n\n<figure class=\"wp-block-image size-full\"><a href=\"https:\/\/site.ac-martinique.fr\/lyc-paulettenardal\/wp-content\/uploads\/sites\/38\/2025\/03\/photo-5.jpg\"><img loading=\"lazy\" decoding=\"async\" width=\"713\" height=\"401\" src=\"https:\/\/site.ac-martinique.fr\/lyc-paulettenardal\/wp-content\/uploads\/sites\/38\/2025\/03\/photo-5.jpg\" alt=\"\" class=\"wp-image-4806\" srcset=\"https:\/\/site.ac-martinique.fr\/lyc-paulettenardal\/wp-content\/uploads\/sites\/38\/2025\/03\/photo-5.jpg 713w, https:\/\/site.ac-martinique.fr\/lyc-paulettenardal\/wp-content\/uploads\/sites\/38\/2025\/03\/photo-5-300x169.jpg 300w\" sizes=\"(max-width: 713px) 100vw, 713px\" \/><\/a><\/figure>\n\n\n\n<figure class=\"wp-block-image size-full\"><a href=\"https:\/\/site.ac-martinique.fr\/lyc-paulettenardal\/wp-content\/uploads\/sites\/38\/2025\/03\/photo6.png\"><img loading=\"lazy\" decoding=\"async\" width=\"901\" height=\"501\" src=\"https:\/\/site.ac-martinique.fr\/lyc-paulettenardal\/wp-content\/uploads\/sites\/38\/2025\/03\/photo6.png\" alt=\"\" class=\"wp-image-4807\" srcset=\"https:\/\/site.ac-martinique.fr\/lyc-paulettenardal\/wp-content\/uploads\/sites\/38\/2025\/03\/photo6.png 901w, https:\/\/site.ac-martinique.fr\/lyc-paulettenardal\/wp-content\/uploads\/sites\/38\/2025\/03\/photo6-300x167.png 300w, https:\/\/site.ac-martinique.fr\/lyc-paulettenardal\/wp-content\/uploads\/sites\/38\/2025\/03\/photo6-768x427.png 768w\" sizes=\"(max-width: 767px) 89vw, (max-width: 1000px) 54vw, (max-width: 1071px) 543px, 580px\" \/><\/a><\/figure>\n","protected":false},"excerpt":{"rendered":"","protected":false},"author":187,"featured_media":4802,"comment_status":"closed","ping_status":"closed","sticky":false,"template":"","format":"standard","meta":{"footnotes":""},"categories":[23],"tags":[],"class_list":["post-4801","post","type-post","status-publish","format-standard","has-post-thumbnail","hentry","category-actu"],"_links":{"self":[{"href":"https:\/\/site.ac-martinique.fr\/lyc-paulettenardal\/index.php?rest_route=\/wp\/v2\/posts\/4801","targetHints":{"allow":["GET"]}}],"collection":[{"href":"https:\/\/site.ac-martinique.fr\/lyc-paulettenardal\/index.php?rest_route=\/wp\/v2\/posts"}],"about":[{"href":"https:\/\/site.ac-martinique.fr\/lyc-paulettenardal\/index.php?rest_route=\/wp\/v2\/types\/post"}],"author":[{"embeddable":true,"href":"https:\/\/site.ac-martinique.fr\/lyc-paulettenardal\/index.php?rest_route=\/wp\/v2\/users\/187"}],"replies":[{"embeddable":true,"href":"https:\/\/site.ac-martinique.fr\/lyc-paulettenardal\/index.php?rest_route=%2Fwp%2Fv2%2Fcomments&post=4801"}],"version-history":[{"count":2,"href":"https:\/\/site.ac-martinique.fr\/lyc-paulettenardal\/index.php?rest_route=\/wp\/v2\/posts\/4801\/revisions"}],"predecessor-version":[{"id":4809,"href":"https:\/\/site.ac-martinique.fr\/lyc-paulettenardal\/index.php?rest_route=\/wp\/v2\/posts\/4801\/revisions\/4809"}],"wp:featuredmedia":[{"embeddable":true,"href":"https:\/\/site.ac-martinique.fr\/lyc-paulettenardal\/index.php?rest_route=\/wp\/v2\/media\/4802"}],"wp:attachment":[{"href":"https:\/\/site.ac-martinique.fr\/lyc-paulettenardal\/index.php?rest_route=%2Fwp%2Fv2%2Fmedia&parent=4801"}],"wp:term":[{"taxonomy":"category","embeddable":true,"href":"https:\/\/site.ac-martinique.fr\/lyc-paulettenardal\/index.php?rest_route=%2Fwp%2Fv2%2Fcategories&post=4801"},{"taxonomy":"post_tag","embeddable":true,"href":"https:\/\/site.ac-martinique.fr\/lyc-paulettenardal\/index.php?rest_route=%2Fwp%2Fv2%2Ftags&post=4801"}],"curies":[{"name":"wp","href":"https:\/\/api.w.org\/{rel}","templated":true}]}}