{"id":4810,"date":"2025-03-16T21:42:54","date_gmt":"2025-03-17T01:42:54","guid":{"rendered":"https:\/\/site.ac-martinique.fr\/lyc-paulettenardal\/?p=4810"},"modified":"2025-03-16T21:44:22","modified_gmt":"2025-03-17T01:44:22","slug":"projet-erasmus-accueil-de-2-enseignantes-lituaniennes-du-lycee-sviesioji-partenaire-du-lycee-paulette-nardal","status":"publish","type":"post","link":"https:\/\/site.ac-martinique.fr\/lyc-paulettenardal\/?p=4810","title":{"rendered":"Projet Erasmus+\u00a0: Accueil de 2 enseignantes lituaniennes du lyc\u00e9e Sviesioji, partenaire du lyc\u00e9e Paulette Nardal"},"content":{"rendered":"\n\n\n<figure class=\"wp-block-image size-full tw-block-animation tw-animation-fade-in-up\"><a href=\"https:\/\/site.ac-martinique.fr\/lyc-paulettenardal\/wp-content\/uploads\/sites\/38\/2025\/03\/Capture-decran-2025-03-16-213308.png\"><img fetchpriority=\"high\" decoding=\"async\" width=\"774\" height=\"175\" src=\"https:\/\/site.ac-martinique.fr\/lyc-paulettenardal\/wp-content\/uploads\/sites\/38\/2025\/03\/Capture-decran-2025-03-16-213308.png\" alt=\"\" class=\"wp-image-4811\" srcset=\"https:\/\/site.ac-martinique.fr\/lyc-paulettenardal\/wp-content\/uploads\/sites\/38\/2025\/03\/Capture-decran-2025-03-16-213308.png 774w, https:\/\/site.ac-martinique.fr\/lyc-paulettenardal\/wp-content\/uploads\/sites\/38\/2025\/03\/Capture-decran-2025-03-16-213308-300x68.png 300w, https:\/\/site.ac-martinique.fr\/lyc-paulettenardal\/wp-content\/uploads\/sites\/38\/2025\/03\/Capture-decran-2025-03-16-213308-768x174.png 768w\" sizes=\"(max-width: 767px) 89vw, (max-width: 1000px) 54vw, (max-width: 1071px) 543px, 580px\" \/><\/a><\/figure>\n\n\n\n\n\n<figure class=\"wp-block-image size-full\"><a href=\"https:\/\/site.ac-martinique.fr\/lyc-paulettenardal\/wp-content\/uploads\/sites\/38\/2025\/03\/front.png\"><img decoding=\"async\" width=\"573\" height=\"313\" src=\"https:\/\/site.ac-martinique.fr\/lyc-paulettenardal\/wp-content\/uploads\/sites\/38\/2025\/03\/front.png\" alt=\"\" class=\"wp-image-4812\" srcset=\"https:\/\/site.ac-martinique.fr\/lyc-paulettenardal\/wp-content\/uploads\/sites\/38\/2025\/03\/front.png 573w, https:\/\/site.ac-martinique.fr\/lyc-paulettenardal\/wp-content\/uploads\/sites\/38\/2025\/03\/front-300x164.png 300w\" sizes=\"(max-width: 573px) 100vw, 573px\" \/><\/a><\/figure>\n\n\n\n<p align=\"justify\"><span style=\"font-size: small;\">Du 13 au 17 f\u00e9vrier 2025, notre \u00e9tablissement a accueilli Mmes Gitana KAUPIENE et Laima JANONIENE, professeures d\u2019anglais au lyc\u00e9e Sviesioji \u00e0 Kedainiai en Lituanie (https:\/\/sviesioji.lt\/) dans le cadre d\u2019un projet Erasmus+ KA1 de mobilit\u00e9 des personnels de l\u2019\u00e9ducation. <\/span><\/p>\n<p align=\"justify\"><span style=\"font-size: small;\">Ces enseignantes ont rencontr\u00e9 les \u00e9l\u00e8ves de la section BFI encadr\u00e9e par Mmes Elodie JEANNOT et Sydney FRANCISCO et ont discut\u00e9 tr\u00e8s activement avec eux. Elles ont aussi principalement observ\u00e9 les classes de Mmes Sarah HOSPICE-LAZZARI, Estelle LENDA, Marie-Dominique TIN-MONGIS et Williane VALLEE, ce qui a permis aux \u00e9l\u00e8ves comme aux professeurs de communiquer en anglais de mani\u00e8re continue autour des modes vie, de la culture et des syst\u00e8mes \u00e9ducatifs de la Martinique et de la Lituanie. <\/span><\/p>\n<p align=\"justify\"><span style=\"font-size: small;\">Cette exp\u00e9rience a donc resserr\u00e9 les liens entre les 2 lyc\u00e9es qui vont renforcer leur collaboration p\u00e9dagogique dans les ann\u00e9es \u00e0 venir et ainsi mieux mettre en \u0153uvre leur ouverture \u00e0 l\u2019international.<\/span><\/p>\n<p align=\"center\"><b>Lundi 13 f\u00e9vrier\u00a0: Accueil au lyc\u00e9e par Mmes HOSPICE-LAZZARI et LENDA<\/b><\/p>\n\n\n\n\n\n<figure class=\"wp-block-image size-full\"><a href=\"https:\/\/site.ac-martinique.fr\/lyc-paulettenardal\/wp-content\/uploads\/sites\/38\/2025\/03\/1.png\"><img decoding=\"async\" width=\"401\" height=\"513\" src=\"https:\/\/site.ac-martinique.fr\/lyc-paulettenardal\/wp-content\/uploads\/sites\/38\/2025\/03\/1.png\" alt=\"\" class=\"wp-image-4813\" srcset=\"https:\/\/site.ac-martinique.fr\/lyc-paulettenardal\/wp-content\/uploads\/sites\/38\/2025\/03\/1.png 401w, https:\/\/site.ac-martinique.fr\/lyc-paulettenardal\/wp-content\/uploads\/sites\/38\/2025\/03\/1-235x300.png 235w\" sizes=\"(max-width: 401px) 100vw, 401px\" \/><\/a><\/figure>\n\n\n\n<figure class=\"wp-block-image size-full\"><a href=\"https:\/\/site.ac-martinique.fr\/lyc-paulettenardal\/wp-content\/uploads\/sites\/38\/2025\/03\/2.png\"><img loading=\"lazy\" decoding=\"async\" width=\"270\" height=\"299\" src=\"https:\/\/site.ac-martinique.fr\/lyc-paulettenardal\/wp-content\/uploads\/sites\/38\/2025\/03\/2.png\" alt=\"\" class=\"wp-image-4814\"\/><\/a><\/figure>\n\n\n\n<p><b>Participation au cours d\u2019ETLV (Enseignement Technologique en Langue Vivante) avec la pr\u00e9sentation des organisations KFC et Haagen Dazs par Lucas et Mathys de T STMG-RH<\/b><\/p>\n\n\n\n<figure class=\"wp-block-image size-full\"><a href=\"https:\/\/site.ac-martinique.fr\/lyc-paulettenardal\/wp-content\/uploads\/sites\/38\/2025\/03\/3.jpg\"><img loading=\"lazy\" decoding=\"async\" width=\"456\" height=\"342\" src=\"https:\/\/site.ac-martinique.fr\/lyc-paulettenardal\/wp-content\/uploads\/sites\/38\/2025\/03\/3.jpg\" alt=\"\" class=\"wp-image-4815\" srcset=\"https:\/\/site.ac-martinique.fr\/lyc-paulettenardal\/wp-content\/uploads\/sites\/38\/2025\/03\/3.jpg 456w, https:\/\/site.ac-martinique.fr\/lyc-paulettenardal\/wp-content\/uploads\/sites\/38\/2025\/03\/3-300x225.jpg 300w\" sizes=\"(max-width: 456px) 100vw, 456px\" \/><\/a><\/figure>\n\n\n\n<figure class=\"wp-block-image size-full\"><a href=\"https:\/\/site.ac-martinique.fr\/lyc-paulettenardal\/wp-content\/uploads\/sites\/38\/2025\/03\/4.jpg\"><img loading=\"lazy\" decoding=\"async\" width=\"456\" height=\"342\" src=\"https:\/\/site.ac-martinique.fr\/lyc-paulettenardal\/wp-content\/uploads\/sites\/38\/2025\/03\/4.jpg\" alt=\"\" class=\"wp-image-4816\" srcset=\"https:\/\/site.ac-martinique.fr\/lyc-paulettenardal\/wp-content\/uploads\/sites\/38\/2025\/03\/4.jpg 456w, https:\/\/site.ac-martinique.fr\/lyc-paulettenardal\/wp-content\/uploads\/sites\/38\/2025\/03\/4-300x225.jpg 300w\" sizes=\"(max-width: 456px) 100vw, 456px\" \/><\/a><\/figure>\n\n\n\n<p align=\"center\"><b>Rencontre avec le proviseur, M. CAMPOS et sa secr\u00e9taire Mme ADELAIDE<\/b><\/p>\n<p align=\"center\">\u00a0<\/p>\n\n\n\n<figure class=\"wp-block-image size-full\"><a href=\"https:\/\/site.ac-martinique.fr\/lyc-paulettenardal\/wp-content\/uploads\/sites\/38\/2025\/03\/5.jpg\"><img loading=\"lazy\" decoding=\"async\" width=\"456\" height=\"342\" src=\"https:\/\/site.ac-martinique.fr\/lyc-paulettenardal\/wp-content\/uploads\/sites\/38\/2025\/03\/5.jpg\" alt=\"\" class=\"wp-image-4817\" srcset=\"https:\/\/site.ac-martinique.fr\/lyc-paulettenardal\/wp-content\/uploads\/sites\/38\/2025\/03\/5.jpg 456w, https:\/\/site.ac-martinique.fr\/lyc-paulettenardal\/wp-content\/uploads\/sites\/38\/2025\/03\/5-300x225.jpg 300w\" sizes=\"(max-width: 456px) 100vw, 456px\" \/><\/a><\/figure>\n\n\n\n<figure class=\"wp-block-image size-full\"><a href=\"https:\/\/site.ac-martinique.fr\/lyc-paulettenardal\/wp-content\/uploads\/sites\/38\/2025\/03\/6.jpg\"><img loading=\"lazy\" decoding=\"async\" width=\"456\" height=\"342\" src=\"https:\/\/site.ac-martinique.fr\/lyc-paulettenardal\/wp-content\/uploads\/sites\/38\/2025\/03\/6.jpg\" alt=\"\" class=\"wp-image-4818\" srcset=\"https:\/\/site.ac-martinique.fr\/lyc-paulettenardal\/wp-content\/uploads\/sites\/38\/2025\/03\/6.jpg 456w, https:\/\/site.ac-martinique.fr\/lyc-paulettenardal\/wp-content\/uploads\/sites\/38\/2025\/03\/6-300x225.jpg 300w\" sizes=\"(max-width: 456px) 100vw, 456px\" \/><\/a><\/figure>\n\n\n\n<p align=\"center\"><b>Vendredi 14 f\u00e9vrier\u00a0: Mise en \u0153uvre du projet \u00ab\u00a0Guide-conf\u00e9rencier junior en langue anglaise\u00a0\u00bb \u00e0 la Pagerie avec les Terminales EURO<\/b><\/p>\n<p align=\"center\">\u00a0<\/p>\n","protected":false},"excerpt":{"rendered":"","protected":false},"author":187,"featured_media":4811,"comment_status":"closed","ping_status":"closed","sticky":false,"template":"","format":"standard","meta":{"footnotes":""},"categories":[23],"tags":[],"class_list":["post-4810","post","type-post","status-publish","format-standard","has-post-thumbnail","hentry","category-actu"],"_links":{"self":[{"href":"https:\/\/site.ac-martinique.fr\/lyc-paulettenardal\/index.php?rest_route=\/wp\/v2\/posts\/4810","targetHints":{"allow":["GET"]}}],"collection":[{"href":"https:\/\/site.ac-martinique.fr\/lyc-paulettenardal\/index.php?rest_route=\/wp\/v2\/posts"}],"about":[{"href":"https:\/\/site.ac-martinique.fr\/lyc-paulettenardal\/index.php?rest_route=\/wp\/v2\/types\/post"}],"author":[{"embeddable":true,"href":"https:\/\/site.ac-martinique.fr\/lyc-paulettenardal\/index.php?rest_route=\/wp\/v2\/users\/187"}],"replies":[{"embeddable":true,"href":"https:\/\/site.ac-martinique.fr\/lyc-paulettenardal\/index.php?rest_route=%2Fwp%2Fv2%2Fcomments&post=4810"}],"version-history":[{"count":1,"href":"https:\/\/site.ac-martinique.fr\/lyc-paulettenardal\/index.php?rest_route=\/wp\/v2\/posts\/4810\/revisions"}],"predecessor-version":[{"id":4819,"href":"https:\/\/site.ac-martinique.fr\/lyc-paulettenardal\/index.php?rest_route=\/wp\/v2\/posts\/4810\/revisions\/4819"}],"wp:featuredmedia":[{"embeddable":true,"href":"https:\/\/site.ac-martinique.fr\/lyc-paulettenardal\/index.php?rest_route=\/wp\/v2\/media\/4811"}],"wp:attachment":[{"href":"https:\/\/site.ac-martinique.fr\/lyc-paulettenardal\/index.php?rest_route=%2Fwp%2Fv2%2Fmedia&parent=4810"}],"wp:term":[{"taxonomy":"category","embeddable":true,"href":"https:\/\/site.ac-martinique.fr\/lyc-paulettenardal\/index.php?rest_route=%2Fwp%2Fv2%2Fcategories&post=4810"},{"taxonomy":"post_tag","embeddable":true,"href":"https:\/\/site.ac-martinique.fr\/lyc-paulettenardal\/index.php?rest_route=%2Fwp%2Fv2%2Ftags&post=4810"}],"curies":[{"name":"wp","href":"https:\/\/api.w.org\/{rel}","templated":true}]}}