{"id":4821,"date":"2025-03-19T11:52:10","date_gmt":"2025-03-19T15:52:10","guid":{"rendered":"https:\/\/site.ac-martinique.fr\/lyc-paulettenardal\/?p=4821"},"modified":"2025-03-19T12:07:10","modified_gmt":"2025-03-19T16:07:10","slug":"candidater-a-ladmission-en-section-internationale-en-seconde-a-la-rentree-2025-eleves-actuellement-en-3eme","status":"publish","type":"post","link":"https:\/\/site.ac-martinique.fr\/lyc-paulettenardal\/?p=4821","title":{"rendered":"CANDIDATER A L&rsquo;ADMISSION EN SECTION INTERNATIONALE EN SECONDE A LA RENTREE 2025: ELEVES ACTUELLEMENT EN 3EME"},"content":{"rendered":"\n<p><a href=\"https:\/\/site.ac-martinique.fr\/lyc-paulettenardal\/wp-content\/uploads\/sites\/38\/2025\/03\/Fiche-candidature-seconde-Section-Internationale-anglais-R25.pdf\">Fiche candidature seconde Section Internationale anglais R25<\/a><\/p>\n\n\n\n<p>Mesdames, Messieurs,\u00a0<\/p>\n<p>Le lyc\u00e9e Paulette NARDAL\u00a0 de Ducos a ouvert \u00e0 la rentr\u00e9e 2024 la premi\u00e8re et seule section Internationale en Anglais &#8211; Am\u00e9ricain de Martinique.<\/p>\n<p>Le recrutement des \u00e9l\u00e8ves est acad\u00e9mique et ne n\u00e9cessite pas de d\u00e9rogation. Il est donc ouvert \u00e0 l&rsquo;ensemble des \u00e9l\u00e8ves actuellement en 3\u00e8me dans l&rsquo;Acad\u00e9mie que l&rsquo;\u00e9l\u00e8ve soit en coll\u00e8ge public ou en coll\u00e8ge priv\u00e9.<\/p>\n<p>La section Internationale en seconde ouvre de droit, sur avis favorable du conseil de classe en fin de seconde, d&rsquo;int\u00e9grer le Bac Fran\u00e7ais International (BFI) en Anglais -Am\u00e9ricain \u00e0 l&rsquo;entr\u00e9e en Premi\u00e8re g\u00e9n\u00e9rale.<\/p>\n<p>Le lyc\u00e9e Nardal propose actuellement le seul Bac International de Martinique.<\/p>\n<p>Les \u00e9l\u00e8ves qui souhaitent postuler \u00e0 l&rsquo;entr\u00e9e en seconde GT en section Internationale remettront leur dossier complet au secretariat du lyc\u00e9e ou l&rsquo;enverront par courriel \u00e0 l&rsquo;adresse suivante <strong><span style=\"color: #ff0000;\">2GTSI.LPN@ac-martinique.fr <\/span><\/strong>pour le vendredi 4 avril dernier d\u00e9lai. S&rsquo;ils sont accept\u00e9s (phase d&rsquo;admissibilit\u00e9 : r\u00e9ponse le vendredi 11 avril), ils seront convoqu\u00e9s le mercredi 30 avril 13h30-15h30 pour l&rsquo;\u00e9preuve \u00e9crite d&rsquo;admission et le samedi 3 mai pour l&rsquo;\u00e9preuve orale d&rsquo;admission. Les r\u00e9sultats d&rsquo;admission seront publi\u00e9s le vendredi 16 main 2025.<\/p>\n<p><strong>Vous trouverez en Pi\u00e8ce Jointe la fiche de candidature et les \u00e9l\u00e9ments du dossier \u00e0 constituer ainsi qu&rsquo;une pr\u00e9sentation de le section Internationale et de ses enseignements.<\/strong><\/p>\n<p>Il est \u00e0 noter que les candidats non retenus qui s&rsquo;inscriront au lyc\u00e9e Nardal en seconde pourront suivre le module de pr\u00e9paration \u00e0 l&rsquo;entr\u00e9e en 1\u00e8re g\u00e9n\u00e9rale BFI du samedi matin.<\/p>\n<p><strong>Une r\u00e9union d&rsquo;information se d\u00e9roulera au lyc\u00e9e en Salle polyvalente \u00e0 7h30 le samedi 29 mars.<\/strong><\/p>\n<p><strong><u>Comment s\u2019inscrire en Section INTERNATIONALE Anglais-Am\u00e9ricain au lyc\u00e9e P. Nardal\u00a0? <\/u><\/strong><\/p>\n<ul>\n<li>Le recrutement des \u00e9l\u00e8ves de 3<sup>\u00e8me<\/sup> s\u2019effectue en 2 phases\u00a0: phase d\u2019admissibilit\u00e9 des dossiers et phase d\u2019admission du candidat pour les candidats admissibles (deux \u00e9preuves\u00a0: \u00e9crit et oral)<\/li>\n<li><strong>Phase d\u2019admissibilit\u00e9\u00a0:<\/strong> Le dossier d\u2019admissibilit\u00e9 est compos\u00e9\u00a0de :<\/li>\n<li>La fiche de candidature renseign\u00e9e (voir recto)<\/li>\n<li>Une lettre de motivation r\u00e9dig\u00e9e en anglais<\/li>\n<li>Bulletins scolaire de 4<sup>\u00e8me<\/sup> et des trimestres 1 et 2 de 3<sup>\u00e8me<\/sup><\/li>\n<li>Tout document jug\u00e9 utile par le candidat pour \u00e9tayer et renforcer sa candidature<\/li>\n<li>Le dossier devra \u00eatre d\u00e9pos\u00e9 complet ou transmis au secr\u00e9tariat du Lyc\u00e9e P. Nardal jusqu\u2019au <strong>Vendredi 4 avril<\/strong> \u00e0 l\u2019adresse suivante : <strong><span style=\"color: #ff0000;\">2GTSI.LPN@ac-martinique.fr<\/span><\/strong><\/li>\n<li>R\u00e9union du jury d\u2019admissibilit\u00e9 du lundi 7 au mercredi 9 avril\u00a02025.<\/li>\n<li><strong>Publication des r\u00e9sultats d\u2019admissibilit\u00e9\u00a0: Vendredi 11 avril 2025<\/strong><\/li>\n<li><strong>Phase d\u2019admission\u00a0:<\/strong> Convocation des \u00e9l\u00e8ves de 3<sup>\u00e8me<\/sup>qui postulent :<\/li>\n<li>Ecrit\u00a0: Mercredi 30 avril de 13h30 \u00e0 15h30 en salle MDL\u00a0;<\/li>\n<li>Oral\u00a0: Samedi 3 Mai\u00a0: de 8h \u00e0 12h (7 minutes d\u2019entretien)\u00a0; L\u2019entretien portera sur le dossier du candidat, sur sa culture g\u00e9n\u00e9rale notamment sa connaissance de la culture am\u00e9ricaine.<\/li>\n<li><strong>Publication des r\u00e9sultats d\u2019admission\u00a0: Vendredi 16 mai 2025<\/strong>; communication des r\u00e9sultats \u00e0 l\u2019adresse mail du responsable l\u00e9gal indiqu\u00e9e par le candidat<\/li>\n<li><strong>R\u00e9union d\u2019information en salle polyvalente le samedi 29 mars 7h15<\/strong><\/li>\n<li>L\u2019\u00e9l\u00e8ve devra absolument demander le lyc\u00e9e NARDAL en v\u0153u 1 sur Affelnet<\/li>\n<li>Les \u00e9l\u00e8ves non retenus en section internationale en 2<sup>nde<\/sup> pourront de nouveau postuler pour entrer en 1<sup>\u00e8re<\/sup> g\u00e9n\u00e9rale BFI \u00e0 la rentr\u00e9e 2026 et suivre le module pr\u00e9paratoire du samedi matin<\/li>\n<\/ul>\n","protected":false},"excerpt":{"rendered":"","protected":false},"author":98,"featured_media":0,"comment_status":"closed","ping_status":"closed","sticky":false,"template":"","format":"standard","meta":{"footnotes":""},"categories":[1],"tags":[61,69,45],"class_list":["post-4821","post","type-post","status-publish","format-standard","hentry","category-non-classe","tag-actualite","tag-lycee-international","tag-parents"],"_links":{"self":[{"href":"https:\/\/site.ac-martinique.fr\/lyc-paulettenardal\/index.php?rest_route=\/wp\/v2\/posts\/4821","targetHints":{"allow":["GET"]}}],"collection":[{"href":"https:\/\/site.ac-martinique.fr\/lyc-paulettenardal\/index.php?rest_route=\/wp\/v2\/posts"}],"about":[{"href":"https:\/\/site.ac-martinique.fr\/lyc-paulettenardal\/index.php?rest_route=\/wp\/v2\/types\/post"}],"author":[{"embeddable":true,"href":"https:\/\/site.ac-martinique.fr\/lyc-paulettenardal\/index.php?rest_route=\/wp\/v2\/users\/98"}],"replies":[{"embeddable":true,"href":"https:\/\/site.ac-martinique.fr\/lyc-paulettenardal\/index.php?rest_route=%2Fwp%2Fv2%2Fcomments&post=4821"}],"version-history":[{"count":6,"href":"https:\/\/site.ac-martinique.fr\/lyc-paulettenardal\/index.php?rest_route=\/wp\/v2\/posts\/4821\/revisions"}],"predecessor-version":[{"id":4832,"href":"https:\/\/site.ac-martinique.fr\/lyc-paulettenardal\/index.php?rest_route=\/wp\/v2\/posts\/4821\/revisions\/4832"}],"wp:attachment":[{"href":"https:\/\/site.ac-martinique.fr\/lyc-paulettenardal\/index.php?rest_route=%2Fwp%2Fv2%2Fmedia&parent=4821"}],"wp:term":[{"taxonomy":"category","embeddable":true,"href":"https:\/\/site.ac-martinique.fr\/lyc-paulettenardal\/index.php?rest_route=%2Fwp%2Fv2%2Fcategories&post=4821"},{"taxonomy":"post_tag","embeddable":true,"href":"https:\/\/site.ac-martinique.fr\/lyc-paulettenardal\/index.php?rest_route=%2Fwp%2Fv2%2Ftags&post=4821"}],"curies":[{"name":"wp","href":"https:\/\/api.w.org\/{rel}","templated":true}]}}